{"id":19615,"date":"2023-02-16T10:20:00","date_gmt":"2023-02-16T09:20:00","guid":{"rendered":"https:\/\/cineytele.com\/play\/?post_type=noticias&#038;p=19615"},"modified":"2023-02-15T12:31:18","modified_gmt":"2023-02-15T11:31:18","slug":"la-chica-invisible-ya-esta-disponible-en-disney","status":"publish","type":"noticias","link":"https:\/\/cineytele.com\/play\/noticias\/la-chica-invisible-ya-esta-disponible-en-disney\/","title":{"rendered":"\u00a1&#8217;La Chica Invisible&#8217; ya est\u00e1 disponible en Disney+!"},"content":{"rendered":"\n<p class=\"has-text-align-center\"><strong>La serie inspirada en la exitosa trilog\u00eda hom\u00f3nima de Blue Jeans y protagonizada por Daniel Grao y Zoe Stein es un emocionante thriller de misterio.<\/strong><\/p>\n\n\n\n<figure class=\"wp-block-embed is-type-video is-provider-youtube wp-block-embed-youtube wp-embed-aspect-16-9 wp-has-aspect-ratio\"><div class=\"wp-block-embed__wrapper\">\n<iframe title=\"La Chica Invisible | Tr\u00e1iler Oficial | Disney+\" width=\"800\" height=\"450\" src=\"https:\/\/www.youtube.com\/embed\/MP3p6dGjqHc?feature=oembed\" frameborder=\"0\" allow=\"accelerometer; autoplay; clipboard-write; encrypted-media; gyroscope; picture-in-picture; web-share\" allowfullscreen><\/iframe>\n<\/div><\/figure>\n\n\n\n<p>Ya est\u00e1 disponible al completo <em><strong>La chica invisible<\/strong><\/em>, la serie inspirada en las novelas de <strong>Blue Jeans<\/strong> que relata la investigaci\u00f3n que se lleva en un pueblo ficticio de Andaluc\u00eda tras el asesinato de una adolescente.<\/p>\n\n\n\n<p>La serie est\u00e1 protagonizada por <strong>Daniel Grao y Zoe Stein<\/strong>, nominada al Goya a Mejor Actriz Revelaci\u00f3n, que encarnan al padre y la hija que se ven envueltos en la investigaci\u00f3n del crimen. Los protagonistas har\u00e1n lo imposible por descubrir qui\u00e9n es el culpable del asesinato, en <strong>un pueblo donde todos parecen ser sospechosos.<\/strong><\/p>\n\n\n\n<p><strong>El reparto de la serie<\/strong> lo completan <strong>Rebeca Matell\u00e1n<\/strong>, <strong>Pablo G\u00f3mez-Pando<\/strong> y los j\u00f3venes <strong>Javier C\u00f3rdoba, Marta Vall\u00e9s y Hugo Welzel<\/strong>. El equipo de guionistas lo forman <strong>Carmen L\u00f3pez-Areal, Marina Efron, Antonio Hern\u00e1ndez Centeno, Ram\u00f3n Tarr\u00e9s e Ian De la Rosa.<\/strong><\/p>\n\n\n\n<p>La chica invisible est\u00e1 dirigida por <strong>Tito L\u00f3pez Amado y Aritz Moreno<\/strong>, que toman de partida la primera novela de la trilog\u00eda hom\u00f3nima de Blue Jeans para convertirla en este <strong>thriller oscuro,<\/strong> donde se plantean temas como las relaciones paterno filiales o los conflictos intergeneracionales.<\/p>\n\n\n\n<p>La serie consta de <strong>8 episodios de entre 30 y 45 minutos<\/strong> de duraci\u00f3n que est\u00e1n en la plataforma desde su primer d\u00eda de lanzamiento.<\/p>\n","protected":false},"excerpt":{"rendered":"<p>La serie inspirada en la exitosa trilog\u00eda hom\u00f3nima de Blue Jeans y protagonizada por Daniel Grao y Zoe Stein es un emocionante thriller de misterio. Ya est\u00e1 disponible al completo La chica invisible, la serie inspirada en las novelas de Blue Jeans que relata la investigaci\u00f3n que se lleva en un pueblo ficticio de Andaluc\u00eda [&hellip;]<\/p>\n","protected":false},"author":23,"featured_media":19619,"template":"","tags":[1624,577,1639,460,1626,225,1640],"categoria-de-noticias":[21],"class_list":["post-19615","noticias","type-noticias","status-publish","has-post-thumbnail","hentry","tag-blue-jeans","tag-crimen","tag-daniel-grao","tag-disney-2","tag-la-chica-invisible","tag-thriller","tag-zoe-stein","categoria-de-noticias-television-y-plataformas"],"_links":{"self":[{"href":"https:\/\/cineytele.com\/play\/wp-json\/wp\/v2\/noticias\/19615","targetHints":{"allow":["GET"]}}],"collection":[{"href":"https:\/\/cineytele.com\/play\/wp-json\/wp\/v2\/noticias"}],"about":[{"href":"https:\/\/cineytele.com\/play\/wp-json\/wp\/v2\/types\/noticias"}],"author":[{"embeddable":true,"href":"https:\/\/cineytele.com\/play\/wp-json\/wp\/v2\/users\/23"}],"wp:featuredmedia":[{"embeddable":true,"href":"https:\/\/cineytele.com\/play\/wp-json\/wp\/v2\/media\/19619"}],"wp:attachment":[{"href":"https:\/\/cineytele.com\/play\/wp-json\/wp\/v2\/media?parent=19615"}],"wp:term":[{"taxonomy":"post_tag","embeddable":true,"href":"https:\/\/cineytele.com\/play\/wp-json\/wp\/v2\/tags?post=19615"},{"taxonomy":"categoria-de-noticias","embeddable":true,"href":"https:\/\/cineytele.com\/play\/wp-json\/wp\/v2\/categoria-de-noticias?post=19615"}],"curies":[{"name":"wp","href":"https:\/\/api.w.org\/{rel}","templated":true}]}}