{"id":19957,"date":"2023-02-23T09:30:00","date_gmt":"2023-02-23T08:30:00","guid":{"rendered":"https:\/\/cineytele.com\/play\/?post_type=noticias&#038;p=19957"},"modified":"2023-02-22T11:17:57","modified_gmt":"2023-02-22T10:17:57","slug":"spotify-lanza-el-pais-de-los-demonios-su-nuevo-podcast-original-sobre-la-operacion-tandem","status":"publish","type":"noticias","link":"https:\/\/cineytele.com\/play\/noticias\/spotify-lanza-el-pais-de-los-demonios-su-nuevo-podcast-original-sobre-la-operacion-tandem\/","title":{"rendered":"Spotify lanza &#8216;El Pa\u00eds de los Demonios&#8217;, su nuevo p\u00f3dcast original sobre la Operaci\u00f3n T\u00e1ndem"},"content":{"rendered":"\n<p class=\"has-text-align-center\"><strong><em>El Pa\u00eds de los Demonios<\/em> gira en torno a la Operaci\u00f3n T\u00e1ndem, en la que un grupo de investigadores abri\u00f3 la caja fuerte del m\u00e1s famoso de los polic\u00edas espa\u00f1oles, Jos\u00e9 Manuel Villarejo<\/strong>.<\/p>\n\n\n\n<figure class=\"wp-block-image aligncenter size-large is-resized\"><img fetchpriority=\"high\" decoding=\"async\" src=\"https:\/\/cineytele.com\/play\/wp-content\/uploads\/2023\/02\/EPDLD_3000x3000-1-1024x1024.jpg\" alt=\"\" class=\"wp-image-19960\" width=\"447\" height=\"447\" srcset=\"https:\/\/cineytele.com\/play\/wp-content\/uploads\/2023\/02\/EPDLD_3000x3000-1-1024x1024.jpg 1024w, https:\/\/cineytele.com\/play\/wp-content\/uploads\/2023\/02\/EPDLD_3000x3000-1-300x300.jpg 300w, https:\/\/cineytele.com\/play\/wp-content\/uploads\/2023\/02\/EPDLD_3000x3000-1-150x150.jpg 150w, https:\/\/cineytele.com\/play\/wp-content\/uploads\/2023\/02\/EPDLD_3000x3000-1-768x768.jpg 768w, https:\/\/cineytele.com\/play\/wp-content\/uploads\/2023\/02\/EPDLD_3000x3000-1-1536x1536.jpg 1536w, https:\/\/cineytele.com\/play\/wp-content\/uploads\/2023\/02\/EPDLD_3000x3000-1-2048x2048.jpg 2048w\" sizes=\"(max-width: 447px) 100vw, 447px\" \/><\/figure>\n\n\n\n<p>Spotify, la compa\u00f1\u00eda m\u00e1s grande de audio en streaming del mundo, estrena un nuevo p\u00f3dcast original, <a href=\"https:\/\/services.hosting.augure.com\/Response\/cxU1v\/%7B91cc41bb-e9bb-47aa-9533-0c4df678b7a8%7D\" target=\"_blank\" rel=\"noreferrer noopener\"><em>El Pa\u00eds de los Demonios<\/em><\/a>, narrado por \u00c1lvaro de C\u00f3zar, director del p\u00f3dcast y guionista junto con Eva Lamarca. El p\u00f3dcast gira en torno a la Operaci\u00f3n T\u00e1ndem, en la que un grupo de investigadores abri\u00f3 la caja fuerte del m\u00e1s famoso de los polic\u00edas espa\u00f1oles, Jos\u00e9 Manuel Villarejo. <strong><em>El Pa\u00eds de los Demonios<\/em><\/strong> cubrir\u00e1 el relato in\u00e9dito de Ignacio Stampa, el fiscal que empez\u00f3 la investigaci\u00f3n, quien contar\u00e1 c\u00f3mo el mismo sistema que le encarg\u00f3 el caso acab\u00f3 quit\u00e1ndoselo. Asimismo, el p\u00f3dcast tambi\u00e9n contar\u00e1 con los testimonios de David Vidal, ex agente del CNI; periodistas, abogados, y otros miembros de la judicatura.<\/p>\n\n\n\n<p>\u00c1lvaro de C\u00f3zar y Eva Lamarca acumulan a sus espaldas dos premios Ondas con p\u00f3dcasts que han conseguido cosechar gran \u00e9xito, como <em>XRey<\/em>, sobre la vida del rey em\u00e9rito Juan Carlos I, o <em>Misterio en La Moraleja<\/em>, sobre el \u00fanico votante de Podemos en la urbanizaci\u00f3n de mayor renta per c\u00e1pita de Espa\u00f1a. Ahora vuelven a Spotify con <em>El Pa\u00eds de los Demonios<\/em>, una historia que arranca en noviembre de 2017, cuando un grupo de investigadores abri\u00f3 la caja fuerte de la casa del polic\u00eda Jos\u00e9 Manuel Villarejo. All\u00ed guardaba grabaciones de 40 a\u00f1os con pol\u00edticos, periodistas, jueces y empresarios. El descubrimiento sac\u00f3 a relucir los demonios del pa\u00eds y mostr\u00f3 los resortes del poder. <em>El Pa\u00eds de los Demonios<\/em> invita a descubrir el relato in\u00e9dito del fiscal que empez\u00f3 la investigaci\u00f3n, Ignacio Stampa.<\/p>\n\n\n\n<p><em>El Pa\u00eds de los Demonios<\/em> contar\u00e1 con un total de 10 episodios de unos 30 minutos de duraci\u00f3n. Los dos primeros cap\u00edtulos ya est\u00e1n disponibles en Spotify, y cada semana se podr\u00e1 encontrar en la plataforma una nueva entrega del p\u00f3dcast, que concluir\u00e1 el 18 de abril.<\/p>\n\n\n\n<p>El primer cap\u00edtulo, bajo el t\u00edtulo\u00a0<strong><em>El nuevo<\/em>,<\/strong>\u00a0arranca con el reci\u00e9n llegado Ignacio Stampa a la Fiscal\u00eda Anticorrupci\u00f3n, el lugar donde se llevan las investigaciones de m\u00e1s relevancia pol\u00edtica. Stampa espera aprender poco a poco de los fiscales m\u00e1s experimentados y encajar en su nuevo puesto. No obstante, su jefe le encarga uno de los casos m\u00e1s complicados que llega a la Fiscal\u00eda: la investigaci\u00f3n de las actividades de un misterioso polic\u00eda espa\u00f1ol relacionado con las cloacas del Estado que ha estado haciendo trabajos de espionaje en su doble condici\u00f3n de agente y detective privado. Ese polic\u00eda es Jos\u00e9 Manuel Villarejo. El fiscal intuye que est\u00e1 con uno de los temas m\u00e1s importantes y complejos de su carrera y pide ayuda a su compa\u00f1ero Miguel Serrano. En este cap\u00edtulo arranca la Operaci\u00f3n T\u00e1ndem.<\/p>\n\n\n\n<p>Y en el segundo episodio,\u00a0<strong><em>La Custodia<\/em><\/strong>, Stampa y Serrano empiezan a trabajar codo con codo con los polic\u00edas de Asuntos Internos. Se basan en la documentaci\u00f3n procedente de una denuncia an\u00f3nima. En ella se relata que un empresario espa\u00f1ol hab\u00eda contratado los servicios de Villarejo para que hiciera un dossier sobre uno de los herederos del dictador de Guinea Ecuatorial. Con la investigaci\u00f3n se consiguen los datos para detener a Villarejo. El 3 de noviembre de 2017 los polic\u00edas acuden a su casa en Boadilla. Cuando los agentes registran la caja fuerte de Villarejo descubren 40 a\u00f1os de grabaciones con algunas de las personalidades m\u00e1s importantes del poder en Espa\u00f1a. Los investigadores saben que de ah\u00ed pueden salir todos los demonios del pa\u00eds.<\/p>\n\n\n\n<p>El proyecto se fundamenta en la exhaustiva investigaci\u00f3n period\u00edstica y se apoya en el poder del audio. El testimonio de Ignacio Stampa ayudar\u00e1 a responder algunas de esas preguntas y a ahondar en la historia de la Operaci\u00f3n T\u00e1ndem, coordinada por el Juzgado Central de Instrucci\u00f3n 6 de la Audiencia Nacional por la que el comisario Jos\u00e9 Manuel Villarejo fue detenido el 3 de noviembre de 2017 y enviado a prisi\u00f3n por presuntos delitos de blanqueo y organizaci\u00f3n criminal.<\/p>\n\n\n\n<p>El p\u00f3dcast cuenta adem\u00e1s con la m\u00fasica original de Iv\u00e1n Cester, autor de la banda sonora de Timecode, cortometraje ganador de un Goya, una Palma de Oro y nominado a los Oscars. Y la car\u00e1tula del p\u00f3dcast es un dise\u00f1o sobre un cuadro de Juan Genov\u00e9s, autor que retrat\u00f3 La Transici\u00f3n con su obra, conocido por el cuadro <em>El Abrazo.<\/em><\/p>\n\n\n\n<p><em>\u201cEn los \u00faltimos a\u00f1os no hemos dejado de escuchar historias sobre las cloacas del Estado. \u2018El Pa\u00eds de los Demonios\u2019 es la historia personal a\u00fan no contada de los que metieron la nariz en esas cloacas y de c\u00f3mo el sistema los abandon\u00f3 a su suerte\u201d<\/em>, declara \u00c1lvaro de C\u00f3zar.<\/p>\n","protected":false},"excerpt":{"rendered":"<p>El Pa\u00eds de los Demonios gira en torno a la Operaci\u00f3n T\u00e1ndem, en la que un grupo de investigadores abri\u00f3 la caja fuerte del m\u00e1s famoso de los polic\u00edas espa\u00f1oles, Jos\u00e9 Manuel Villarejo. Spotify, la compa\u00f1\u00eda m\u00e1s grande de audio en streaming del mundo, estrena un nuevo p\u00f3dcast original, El Pa\u00eds de los Demonios, narrado [&hellip;]<\/p>\n","protected":false},"author":25,"featured_media":19958,"template":"","tags":[577,3830,66,245,3836,1662,2395],"categoria-de-noticias":[],"class_list":["post-19957","noticias","type-noticias","status-publish","has-post-thumbnail","hentry","tag-crimen","tag-el-pais-de-los-demonios","tag-estreno","tag-hechos-reales","tag-ivan-cester","tag-podcast","tag-spotify"],"_links":{"self":[{"href":"https:\/\/cineytele.com\/play\/wp-json\/wp\/v2\/noticias\/19957","targetHints":{"allow":["GET"]}}],"collection":[{"href":"https:\/\/cineytele.com\/play\/wp-json\/wp\/v2\/noticias"}],"about":[{"href":"https:\/\/cineytele.com\/play\/wp-json\/wp\/v2\/types\/noticias"}],"author":[{"embeddable":true,"href":"https:\/\/cineytele.com\/play\/wp-json\/wp\/v2\/users\/25"}],"wp:featuredmedia":[{"embeddable":true,"href":"https:\/\/cineytele.com\/play\/wp-json\/wp\/v2\/media\/19958"}],"wp:attachment":[{"href":"https:\/\/cineytele.com\/play\/wp-json\/wp\/v2\/media?parent=19957"}],"wp:term":[{"taxonomy":"post_tag","embeddable":true,"href":"https:\/\/cineytele.com\/play\/wp-json\/wp\/v2\/tags?post=19957"},{"taxonomy":"categoria-de-noticias","embeddable":true,"href":"https:\/\/cineytele.com\/play\/wp-json\/wp\/v2\/categoria-de-noticias?post=19957"}],"curies":[{"name":"wp","href":"https:\/\/api.w.org\/{rel}","templated":true}]}}