{"id":24930,"date":"2023-06-17T20:02:00","date_gmt":"2023-06-17T18:02:00","guid":{"rendered":"https:\/\/cineytele.com\/play\/?post_type=noticias&#038;p=24930"},"modified":"2023-06-17T20:02:02","modified_gmt":"2023-06-17T18:02:02","slug":"sevilla-estrena-globo-aerostatico-y-esta-en-isla-magica","status":"publish","type":"noticias","link":"https:\/\/cineytele.com\/play\/noticias\/sevilla-estrena-globo-aerostatico-y-esta-en-isla-magica\/","title":{"rendered":"Sevilla estrena globo aerost\u00e1tico y est\u00e1 en Isla M\u00e1gica"},"content":{"rendered":"\n<p><strong>El globo aerost\u00e1tico de Sevilla, que ya vuela sobre la ciudad, es la nueva atracci\u00f3n del parque de atracciones Isla M\u00e1gica.<\/strong><\/p>\n\n\n\n<p>En los \u00faltimos d\u00edas, La Cartuja ha presentado una emocionante novedad que no se encuentra en el nivel del suelo. Se trata de las primeras pruebas de la nueva atracci\u00f3n de Isla M\u00e1gica: un enorme globo aerost\u00e1tico que se eleva en el cielo de Sevilla y permite a los pasajeros disfrutar de una vista panor\u00e1mica de la capital hispalense.<\/p>\n\n\n\n<figure class=\"wp-block-embed is-type-video is-provider-youtube wp-block-embed-youtube wp-embed-aspect-16-9 wp-has-aspect-ratio\"><div class=\"wp-block-embed__wrapper\">\n<iframe title=\"[4K] \u00a1YA VUELA EL GLOBO CAUTIVO! NOVEDAD 2023 ISLA MAGICA\" width=\"800\" height=\"450\" src=\"https:\/\/www.youtube.com\/embed\/VYJA1yEoTL0?feature=oembed\" frameborder=\"0\" allow=\"accelerometer; autoplay; clipboard-write; encrypted-media; gyroscope; picture-in-picture; web-share\" allowfullscreen><\/iframe>\n<\/div><\/figure>\n\n\n\n<p>Hace un mes, la direcci\u00f3n del parque tem\u00e1tico anunci\u00f3 la introducci\u00f3n de una \u00absorpresa\u00bb de la que dar\u00edan m\u00e1s detalles en junio. Aunque todav\u00eda falta por revelar m\u00e1s informaci\u00f3n, se ha confirmado oficialmente el pr\u00f3ximo estreno de Nao Vig\u00eda, que sin duda ser\u00e1 el punto destacado de la temporada 2023 en Isla M\u00e1gica. En la ma\u00f1ana de este mi\u00e9rcoles, aquellos que hayan mirado hacia las nubes habr\u00e1n podido avistar este llamativo y novedoso objeto flotante elev\u00e1ndose desde el suelo del parque de atracciones sevillano.<\/p>\n\n\n\n<p>Esta atracci\u00f3n se elevar\u00e1 a una altura de 150 metros y ofrecer\u00e1 vistas privilegiadas de la capital andaluza. Como se inform\u00f3 anteriormente en este peri\u00f3dico, ser\u00e1 una \u00abaventura inigualable de altos vuelos\u00bb y se ubicar\u00e1 en el antiguo emplazamiento de &#8216;Los Bucaneros&#8217; dentro del parque. El globo ha sido cuidadosamente dise\u00f1ado, con una lona que muestra todos los detalles del parque tem\u00e1tico inspirado en el descubrimiento de Am\u00e9rica, desde Sevilla, puerto de Indias, hasta El Dorado y la fuente de la juventud, pasando por la puerta de Am\u00e9rica, la Amazonia y la Guarida de los piratas.<\/p>\n\n\n\n<p>Pronto, los entusiastas de Isla M\u00e1gica, los visitantes de verano y el p\u00fablico en general podr\u00e1n disfrutar de este globo aerost\u00e1tico, ya que estar\u00e1 disponible en julio para realizar las primeras expediciones tripuladas por el cielo de Sevilla.<\/p>\n","protected":false},"excerpt":{"rendered":"<p>El globo aerost\u00e1tico de Sevilla, que ya vuela sobre la ciudad, es la nueva atracci\u00f3n del parque de atracciones Isla M\u00e1gica. En los \u00faltimos d\u00edas, La Cartuja ha presentado una emocionante novedad que no se encuentra en el nivel del suelo. Se trata de las primeras pruebas de la nueva atracci\u00f3n de Isla M\u00e1gica: un [&hellip;]<\/p>\n","protected":false},"author":25,"featured_media":24932,"template":"","tags":[5606,66,5605,5603,5604],"categoria-de-noticias":[57],"class_list":["post-24930","noticias","type-noticias","status-publish","has-post-thumbnail","hentry","tag-atracciones-sevilla","tag-estreno","tag-globo","tag-isla-magica","tag-parque-de-atracciones","categoria-de-noticias-cineturismo"],"_links":{"self":[{"href":"https:\/\/cineytele.com\/play\/wp-json\/wp\/v2\/noticias\/24930","targetHints":{"allow":["GET"]}}],"collection":[{"href":"https:\/\/cineytele.com\/play\/wp-json\/wp\/v2\/noticias"}],"about":[{"href":"https:\/\/cineytele.com\/play\/wp-json\/wp\/v2\/types\/noticias"}],"author":[{"embeddable":true,"href":"https:\/\/cineytele.com\/play\/wp-json\/wp\/v2\/users\/25"}],"wp:featuredmedia":[{"embeddable":true,"href":"https:\/\/cineytele.com\/play\/wp-json\/wp\/v2\/media\/24932"}],"wp:attachment":[{"href":"https:\/\/cineytele.com\/play\/wp-json\/wp\/v2\/media?parent=24930"}],"wp:term":[{"taxonomy":"post_tag","embeddable":true,"href":"https:\/\/cineytele.com\/play\/wp-json\/wp\/v2\/tags?post=24930"},{"taxonomy":"categoria-de-noticias","embeddable":true,"href":"https:\/\/cineytele.com\/play\/wp-json\/wp\/v2\/categoria-de-noticias?post=24930"}],"curies":[{"name":"wp","href":"https:\/\/api.w.org\/{rel}","templated":true}]}}