{"id":25434,"date":"2023-07-05T12:33:55","date_gmt":"2023-07-05T10:33:55","guid":{"rendered":"https:\/\/cineytele.com\/play\/?post_type=noticias&#038;p=25434"},"modified":"2023-07-05T12:33:56","modified_gmt":"2023-07-05T10:33:56","slug":"la-nueva-pelicula-de-eva-longoria-flamin-hot-la-historia-de-los-cheetos-picantes-ya-esta-disponible-en-disney","status":"publish","type":"noticias","link":"https:\/\/cineytele.com\/play\/noticias\/la-nueva-pelicula-de-eva-longoria-flamin-hot-la-historia-de-los-cheetos-picantes-ya-esta-disponible-en-disney\/","title":{"rendered":"La nueva pel\u00edcula de Eva Longoria &#8216;Flamin&#8217; Hot: La historia de los cheetos picantes&#8217; ya est\u00e1 disponible en Disney+"},"content":{"rendered":"\n<p><strong>Eva Longoria, premiada actriz adem\u00e1s de directora y productora, ha presentado hoy en Madrid su nueva pel\u00edcula Flamin\u00b4Hot: La historia de los cheetos picantes, que ya est\u00e1 disponible en Disney+. <\/strong><\/p>\n\n\n\n<figure class=\"wp-block-image size-large\"><img fetchpriority=\"high\" decoding=\"async\" width=\"1024\" height=\"682\" src=\"https:\/\/cineytele.com\/play\/wp-content\/uploads\/2023\/07\/1-24-1024x682.jpeg\" alt=\"\" class=\"wp-image-25439\" srcset=\"https:\/\/cineytele.com\/play\/wp-content\/uploads\/2023\/07\/1-24-1024x682.jpeg 1024w, https:\/\/cineytele.com\/play\/wp-content\/uploads\/2023\/07\/1-24-300x200.jpeg 300w, https:\/\/cineytele.com\/play\/wp-content\/uploads\/2023\/07\/1-24-768x512.jpeg 768w, https:\/\/cineytele.com\/play\/wp-content\/uploads\/2023\/07\/1-24.jpeg 1100w\" sizes=\"(max-width: 1024px) 100vw, 1024px\" \/><\/figure>\n\n\n\n<p><em>Flamin&#8217; Hot: la historia de los Cheetos picantes<\/em> es la inspiradora historia real de <strong>Richard Monta\u00f1ez<\/strong> (<strong>Jesse Garc\u00eda<\/strong>), un conserje de <strong>Frito-Lay<\/strong> que revolucion\u00f3 la industria alimentaria y que supo sacar partido a su ascendencia mexicano-estadounidense, convirtiendo los <strong>Cheetos Flamin&#8217; Hot <\/strong>de un snack a un fen\u00f3meno de la cultura popular en todo el mundo.<\/p>\n\n\n\n<p><strong>Searchlight Pictures<\/strong> presenta <em>Flamin&#8217; Hot: la historia de los Cheetos picantes<\/em>, una producci\u00f3n de <strong>Franklin Entertainment<\/strong> con guion de <strong>Lewis Colick<\/strong> y <strong>Linda Yvette Ch\u00e1vez<\/strong>. La pel\u00edcula est\u00e1 producida por <strong>DeVon Franklin<\/strong> y dirigida por la premiada actriz, directora y productora <strong>Eva Longoria<\/strong>. La pel\u00edcula est\u00e1 protagonizada por <strong>Jesse Garcia<\/strong> como <strong>Richard<\/strong>, <strong>Annie Gonzalez<\/strong> como su mujer, <strong>Judy<\/strong>, <strong>Emilio Rivera<\/strong> como el padre de <strong>Richard<\/strong>, <strong>Nacho<\/strong>, <strong>Dennis Haysbert<\/strong> como el mentor de <strong>Richard<\/strong>, <strong>Clarence<\/strong> y el ganador de 4 premios <strong>Emmy<\/strong>, <strong>Tony Shalhoub<\/strong> como el <strong>CEO<\/strong> de <strong>PepsiCo<\/strong>, <strong>Roger Enrico<\/strong>.<\/p>\n\n\n\n<p>El reparto lo completan <strong>Matt Walsh<\/strong>, <strong>Bobby Soto<\/strong> y <strong>Pepe Serna<\/strong>. El equipo de rodaje cuenta con el director de fotograf\u00eda <strong>Federico Cantini<\/strong> <strong>ADF<\/strong>, las montadoras de cine <strong>Kayla M. Emter<\/strong> y <strong>Liza D. Espinas<\/strong>, los dise\u00f1adores de producci\u00f3n <strong>Brandon Mendez<\/strong> y<strong> Cabot McMullen<\/strong> y la dise\u00f1adora de vestuario <strong>Elaine<\/strong> <strong>Montalvo<\/strong>.<\/p>\n","protected":false},"excerpt":{"rendered":"<p>Eva Longoria, premiada actriz adem\u00e1s de directora y productora, ha presentado hoy en Madrid su nueva pel\u00edcula Flamin\u00b4Hot: La historia de los cheetos picantes, que ya est\u00e1 disponible en Disney+. Flamin&#8217; Hot: la historia de los Cheetos picantes es la inspiradora historia real de Richard Monta\u00f1ez (Jesse Garc\u00eda), un conserje de Frito-Lay que revolucion\u00f3 la [&hellip;]<\/p>\n","protected":false},"author":25,"featured_media":25440,"template":"","tags":[],"categoria-de-noticias":[21],"class_list":["post-25434","noticias","type-noticias","status-publish","has-post-thumbnail","hentry","categoria-de-noticias-television-y-plataformas"],"_links":{"self":[{"href":"https:\/\/cineytele.com\/play\/wp-json\/wp\/v2\/noticias\/25434","targetHints":{"allow":["GET"]}}],"collection":[{"href":"https:\/\/cineytele.com\/play\/wp-json\/wp\/v2\/noticias"}],"about":[{"href":"https:\/\/cineytele.com\/play\/wp-json\/wp\/v2\/types\/noticias"}],"author":[{"embeddable":true,"href":"https:\/\/cineytele.com\/play\/wp-json\/wp\/v2\/users\/25"}],"wp:featuredmedia":[{"embeddable":true,"href":"https:\/\/cineytele.com\/play\/wp-json\/wp\/v2\/media\/25440"}],"wp:attachment":[{"href":"https:\/\/cineytele.com\/play\/wp-json\/wp\/v2\/media?parent=25434"}],"wp:term":[{"taxonomy":"post_tag","embeddable":true,"href":"https:\/\/cineytele.com\/play\/wp-json\/wp\/v2\/tags?post=25434"},{"taxonomy":"categoria-de-noticias","embeddable":true,"href":"https:\/\/cineytele.com\/play\/wp-json\/wp\/v2\/categoria-de-noticias?post=25434"}],"curies":[{"name":"wp","href":"https:\/\/api.w.org\/{rel}","templated":true}]}}