{"id":26734,"date":"2023-08-10T13:02:20","date_gmt":"2023-08-10T11:02:20","guid":{"rendered":"https:\/\/cineytele.com\/play\/?post_type=noticias&#038;p=26734"},"modified":"2023-08-10T13:02:41","modified_gmt":"2023-08-10T11:02:41","slug":"la-2-rescata-el-nostalgico-programa-cifras-y-letras","status":"publish","type":"noticias","link":"https:\/\/cineytele.com\/play\/noticias\/la-2-rescata-el-nostalgico-programa-cifras-y-letras\/","title":{"rendered":"La 2 rescata el nost\u00e1lgico programa \u2018Cifras y Letras\u2019"},"content":{"rendered":"\n<p><strong>TVE capitaliza el \u00e9xito de &#8216;El Grand Prix&#8217; y revive el programa &#8216;Cifras y Letras&#8217;, que se transmitir\u00e1 en La2 de lunes a jueves con Aitor Albizua como presentador.<\/strong><\/p>\n\n\n\n<figure class=\"wp-block-image size-full\"><img fetchpriority=\"high\" decoding=\"async\" width=\"1024\" height=\"576\" src=\"https:\/\/cineytele.com\/play\/wp-content\/uploads\/2023\/08\/IMG_5409.jpeg\" alt=\"\" class=\"wp-image-26735\" srcset=\"https:\/\/cineytele.com\/play\/wp-content\/uploads\/2023\/08\/IMG_5409.jpeg 1024w, https:\/\/cineytele.com\/play\/wp-content\/uploads\/2023\/08\/IMG_5409-300x169.jpeg 300w, https:\/\/cineytele.com\/play\/wp-content\/uploads\/2023\/08\/IMG_5409-768x432.jpeg 768w\" sizes=\"(max-width: 1024px) 100vw, 1024px\" \/><\/figure>\n\n\n\n<p><strong>El \u00faltimo episodio de &#8216;Cifras y Letras&#8217; se emiti\u00f3 en 2013.<\/strong> La cadena p\u00fablica est\u00e1 celebrando los impresionantes \u00edndices de audiencia que ha obtenido en los \u00faltimos meses. En julio pasado, logr\u00f3 posicionarse como la segunda opci\u00f3n m\u00e1s popular entre todas las cadenas de televisi\u00f3n abierta, una haza\u00f1a que no se daba desde hace m\u00e1s de una d\u00e9cada. <strong>Uno de los mayores \u00e9xitos ha sido la resurrecci\u00f3n de &#8216;El Grand Prix&#8217;. <\/strong>Con el toque nost\u00e1lgico de los programas emblem\u00e1ticos del pasado, han conseguido superar c\u00f3modamente el <strong>20% de cuota de pantalla en cada emisi\u00f3n.<\/strong><\/p>\n\n\n\n<p>La direcci\u00f3n de la emisora p\u00fablica ha continuado con esta estrategia y planea revivir<strong> &#8216;Cifras y Letras&#8217;<\/strong>, un programa de preguntas y respuestas que dej\u00f3 huella en la televisi\u00f3n durante los a\u00f1os 90 y 2000. El programa ha pasado por varias etapas en TVE y en diversas cadenas auton\u00f3micas como Telemadrid, Canal Sur y Televisi\u00f3n Canaria. La \u00faltima vez que se emiti\u00f3 fue en la Televisi\u00f3n Gallega en 2013.<\/p>\n\n\n\n<p>La corporaci\u00f3n p\u00fablica ha llegado a un acuerdo con la productora para adquirir los derechos del programa y espera lanzar nuevos episodios antes de que termine el a\u00f1o.<strong> &#8216;Cifras y Letras&#8217; ocupar\u00e1 el horario de &#8216;El Hormiguero&#8217;<\/strong>, es decir, en el <strong>horario estelar de La2 de lunes a jueves<\/strong>. <\/p>\n\n\n\n<figure class=\"wp-block-image size-large\"><img decoding=\"async\" width=\"1024\" height=\"717\" src=\"https:\/\/cineytele.com\/play\/wp-content\/uploads\/2023\/08\/IMG_5407-1024x717.jpeg\" alt=\"\" class=\"wp-image-26736\" srcset=\"https:\/\/cineytele.com\/play\/wp-content\/uploads\/2023\/08\/IMG_5407-1024x717.jpeg 1024w, https:\/\/cineytele.com\/play\/wp-content\/uploads\/2023\/08\/IMG_5407-300x210.jpeg 300w, https:\/\/cineytele.com\/play\/wp-content\/uploads\/2023\/08\/IMG_5407-768x538.jpeg 768w, https:\/\/cineytele.com\/play\/wp-content\/uploads\/2023\/08\/IMG_5407.jpeg 1200w\" sizes=\"(max-width: 1024px) 100vw, 1024px\" \/><figcaption class=\"wp-element-caption\">Aitor Albizua ser\u00e1 el presentador de \u2018Cifras y Letras\u2019 en La 2.<\/figcaption><\/figure>\n\n\n\n<p><strong>Aitor Albizua<\/strong>, quien hasta ahora presentaba el concurso<strong> &#8216;El Comod\u00edn&#8217;<\/strong>, tomar\u00e1 las riendas del programa. El juego consta de dos pruebas: una de cifras y otra de letras. En la primera, los concursantes deben obtener un n\u00famero entero entre 101 y 999 usando operaciones aritm\u00e9ticas con seis n\u00fameros. El ganador es aquel que llega al n\u00famero exacto. Luego, sigue un desaf\u00edo en el que se proporcionan nueve letras, entre vocales y consonantes, y los concursantes deben formar la palabra m\u00e1s larga posible sin repetir ninguna letra. Tambi\u00e9n existe una variante llamada <strong>&#8216;El Duelo&#8217;<\/strong>, en la que se deben encontrar dos palabras distintas.<\/p>\n","protected":false},"excerpt":{"rendered":"<p>TVE capitaliza el \u00e9xito de &#8216;El Grand Prix&#8217; y revive el programa &#8216;Cifras y Letras&#8217;, que se transmitir\u00e1 en La2 de lunes a jueves con Aitor Albizua como presentador. El \u00faltimo episodio de &#8216;Cifras y Letras&#8217; se emiti\u00f3 en 2013. La cadena p\u00fablica est\u00e1 celebrando los impresionantes \u00edndices de audiencia que ha obtenido en los [&hellip;]<\/p>\n","protected":false},"author":25,"featured_media":26737,"template":"","tags":[5710,66,3515,4145,1430,85],"categoria-de-noticias":[21],"class_list":["post-26734","noticias","type-noticias","status-publish","has-post-thumbnail","hentry","tag-cifras-y-letras","tag-estreno","tag-la-2","tag-prime-time","tag-programa","tag-rtve","categoria-de-noticias-television-y-plataformas"],"_links":{"self":[{"href":"https:\/\/cineytele.com\/play\/wp-json\/wp\/v2\/noticias\/26734","targetHints":{"allow":["GET"]}}],"collection":[{"href":"https:\/\/cineytele.com\/play\/wp-json\/wp\/v2\/noticias"}],"about":[{"href":"https:\/\/cineytele.com\/play\/wp-json\/wp\/v2\/types\/noticias"}],"author":[{"embeddable":true,"href":"https:\/\/cineytele.com\/play\/wp-json\/wp\/v2\/users\/25"}],"wp:featuredmedia":[{"embeddable":true,"href":"https:\/\/cineytele.com\/play\/wp-json\/wp\/v2\/media\/26737"}],"wp:attachment":[{"href":"https:\/\/cineytele.com\/play\/wp-json\/wp\/v2\/media?parent=26734"}],"wp:term":[{"taxonomy":"post_tag","embeddable":true,"href":"https:\/\/cineytele.com\/play\/wp-json\/wp\/v2\/tags?post=26734"},{"taxonomy":"categoria-de-noticias","embeddable":true,"href":"https:\/\/cineytele.com\/play\/wp-json\/wp\/v2\/categoria-de-noticias?post=26734"}],"curies":[{"name":"wp","href":"https:\/\/api.w.org\/{rel}","templated":true}]}}