{"id":27978,"date":"2023-09-28T08:00:00","date_gmt":"2023-09-28T06:00:00","guid":{"rendered":"https:\/\/cineytele.com\/play\/?post_type=noticias&#038;p=27978"},"modified":"2023-09-28T02:55:10","modified_gmt":"2023-09-28T00:55:10","slug":"itxaso-la-nueva-serie-de-eitb","status":"publish","type":"noticias","link":"https:\/\/cineytele.com\/play\/noticias\/itxaso-la-nueva-serie-de-eitb\/","title":{"rendered":"Itxaso, la nueva serie de EiTB"},"content":{"rendered":"\n<p><strong>EiTB Estrena con \u00e9xito el primer cap\u00edtulo de la serie &#8216;Itxaso&#8217; en el Festival de San Sebasti\u00e1n<\/strong>.<\/p>\n\n\n\n<figure class=\"wp-block-image size-large\"><img fetchpriority=\"high\" decoding=\"async\" width=\"1024\" height=\"683\" src=\"https:\/\/cineytele.com\/play\/wp-content\/uploads\/2023\/09\/IMG_6495-1024x683.jpeg\" alt=\"\" class=\"wp-image-27979\" srcset=\"https:\/\/cineytele.com\/play\/wp-content\/uploads\/2023\/09\/IMG_6495-1024x683.jpeg 1024w, https:\/\/cineytele.com\/play\/wp-content\/uploads\/2023\/09\/IMG_6495-300x200.jpeg 300w, https:\/\/cineytele.com\/play\/wp-content\/uploads\/2023\/09\/IMG_6495-768x512.jpeg 768w, https:\/\/cineytele.com\/play\/wp-content\/uploads\/2023\/09\/IMG_6495-1536x1024.jpeg 1536w, https:\/\/cineytele.com\/play\/wp-content\/uploads\/2023\/09\/IMG_6495-2048x1365.jpeg 2048w\" sizes=\"(max-width: 1024px) 100vw, 1024px\" \/><\/figure>\n\n\n\n<p><strong>San Sebasti\u00e1n, 27 de septiembre de 2023 <\/strong>&#8211; La 71\u00aa<strong> edici\u00f3n del Festival de Cine de San Sebasti\u00e1n<\/strong> se llen\u00f3 de emoci\u00f3n y entusiasmo en la <strong>Gala de EiTB<\/strong>, donde se present\u00f3 el tan esperado primer cap\u00edtulo de la nueva serie &#8216;<strong>Itxaso<\/strong>&#8216;. Esta producci\u00f3n televisiva, ambientada en el apasionante <strong>mundo del surf,<\/strong> ha generado una gran expectaci\u00f3n y fue aclamada por el p\u00fablico y la cr\u00edtica en su estreno en el <strong>Teatro Victoria Eugenia.<\/strong><\/p>\n\n\n\n<p>La serie &#8216;<strong>Itxaso<\/strong>&#8216; cuenta con un elenco de lujo encabezado por <strong>Jon Plazaola, Nerea Mazo e Itziar Atienza,<\/strong> quienes cautivaron a la audiencia con sus interpretaciones en este primer episodio. La historia se desarrolla en el impresionante tel\u00f3n de fondo de las playas y el oc\u00e9ano, sumergiendo al espectador en el emocionante mundo del surf mientras explora las vidas y las pasiones de sus personajes principales.<\/p>\n\n\n\n<figure class=\"wp-block-image size-large\"><img decoding=\"async\" width=\"1024\" height=\"683\" src=\"https:\/\/cineytele.com\/play\/wp-content\/uploads\/2023\/09\/IMG_6494-1024x683.jpeg\" alt=\"\" class=\"wp-image-27980\" srcset=\"https:\/\/cineytele.com\/play\/wp-content\/uploads\/2023\/09\/IMG_6494-1024x683.jpeg 1024w, https:\/\/cineytele.com\/play\/wp-content\/uploads\/2023\/09\/IMG_6494-300x200.jpeg 300w, https:\/\/cineytele.com\/play\/wp-content\/uploads\/2023\/09\/IMG_6494-768x512.jpeg 768w, https:\/\/cineytele.com\/play\/wp-content\/uploads\/2023\/09\/IMG_6494-1536x1024.jpeg 1536w, https:\/\/cineytele.com\/play\/wp-content\/uploads\/2023\/09\/IMG_6494-2048x1365.jpeg 2048w\" sizes=\"(max-width: 1024px) 100vw, 1024px\" \/><\/figure>\n\n\n\n<p>La <strong>Gala de EiTB <\/strong>fue un evento de alto perfil que atrajo a numerosos cin\u00e9filos y amantes de las series. La proyecci\u00f3n del primer cap\u00edtulo de &#8216;<strong>Itxaso<\/strong>&#8216; fue seguida por una sesi\u00f3n de preguntas y respuestas en la que el elenco y el equipo de producci\u00f3n compartieron detalles sobre la realizaci\u00f3n de la serie y su conexi\u00f3n con el mundo del surf.<\/p>\n\n\n\n<p>La serie promete ofrecer una visi\u00f3n aut\u00e9ntica y emocionante del surf, un deporte que ha ganado un lugar especial en la cultura vasca y en la vida de muchas personas en todo el mundo. Con su estreno en el <strong>Festival de San Sebasti\u00e1n, &#8216;Itxaso&#8217; <\/strong>ha marcado un inicio prometedor y se perfila como una serie que no se puede perder, que cautivar\u00e1 a audiencias con su enfoque aut\u00e9ntico y emocionante en una de las subculturas m\u00e1s fascinantes del mundo.<\/p>\n","protected":false},"excerpt":{"rendered":"<p>EiTB Estrena con \u00e9xito el primer cap\u00edtulo de la serie &#8216;Itxaso&#8217; en el Festival de San Sebasti\u00e1n. San Sebasti\u00e1n, 27 de septiembre de 2023 &#8211; La 71\u00aa edici\u00f3n del Festival de Cine de San Sebasti\u00e1n se llen\u00f3 de emoci\u00f3n y entusiasmo en la Gala de EiTB, donde se present\u00f3 el tan esperado primer cap\u00edtulo de [&hellip;]<\/p>\n","protected":false},"author":25,"featured_media":27981,"template":"","tags":[66,97,4645,5773,76],"categoria-de-noticias":[20],"class_list":["post-27978","noticias","type-noticias","status-publish","has-post-thumbnail","hentry","tag-estreno","tag-festival","tag-festival-de-san-sebastian","tag-itxaso","tag-serie","categoria-de-noticias-cine"],"_links":{"self":[{"href":"https:\/\/cineytele.com\/play\/wp-json\/wp\/v2\/noticias\/27978","targetHints":{"allow":["GET"]}}],"collection":[{"href":"https:\/\/cineytele.com\/play\/wp-json\/wp\/v2\/noticias"}],"about":[{"href":"https:\/\/cineytele.com\/play\/wp-json\/wp\/v2\/types\/noticias"}],"author":[{"embeddable":true,"href":"https:\/\/cineytele.com\/play\/wp-json\/wp\/v2\/users\/25"}],"wp:featuredmedia":[{"embeddable":true,"href":"https:\/\/cineytele.com\/play\/wp-json\/wp\/v2\/media\/27981"}],"wp:attachment":[{"href":"https:\/\/cineytele.com\/play\/wp-json\/wp\/v2\/media?parent=27978"}],"wp:term":[{"taxonomy":"post_tag","embeddable":true,"href":"https:\/\/cineytele.com\/play\/wp-json\/wp\/v2\/tags?post=27978"},{"taxonomy":"categoria-de-noticias","embeddable":true,"href":"https:\/\/cineytele.com\/play\/wp-json\/wp\/v2\/categoria-de-noticias?post=27978"}],"curies":[{"name":"wp","href":"https:\/\/api.w.org\/{rel}","templated":true}]}}