{"id":28300,"date":"2023-10-05T12:04:05","date_gmt":"2023-10-05T10:04:05","guid":{"rendered":"https:\/\/cineytele.com\/play\/?post_type=noticias&#038;p=28300"},"modified":"2023-10-09T11:40:40","modified_gmt":"2023-10-09T09:40:40","slug":"la-contadora-de-peliculas-se-estrena-en-cines-el-1-de-noviembre","status":"publish","type":"noticias","link":"https:\/\/cineytele.com\/play\/noticias\/la-contadora-de-peliculas-se-estrena-en-cines-el-1-de-noviembre\/","title":{"rendered":"&#8216;La contadora de pel\u00edculas&#8217; se estrena en cines el 27 de octubre"},"content":{"rendered":"\n<p><strong>Una pel\u00edcula sobre el valor de contar historias dirigida por Lone Scherfig<strong> <\/strong>y<\/strong> <strong>protagonizada por B\u00e9r\u00e9nice Bejo, Antonio De la Torre y Daniel Br\u00fchl<\/strong>.<\/p>\n\n\n\n<figure class=\"wp-block-image size-large\"><img fetchpriority=\"high\" decoding=\"async\" width=\"1024\" height=\"683\" src=\"https:\/\/cineytele.com\/play\/wp-content\/uploads\/2023\/10\/la-contadora-de-peliculas-j6a1010-64ca4de5a414f-1-1024x683.jpg\" alt=\"\" class=\"wp-image-28311\" srcset=\"https:\/\/cineytele.com\/play\/wp-content\/uploads\/2023\/10\/la-contadora-de-peliculas-j6a1010-64ca4de5a414f-1-1024x683.jpg 1024w, https:\/\/cineytele.com\/play\/wp-content\/uploads\/2023\/10\/la-contadora-de-peliculas-j6a1010-64ca4de5a414f-1-300x200.jpg 300w, https:\/\/cineytele.com\/play\/wp-content\/uploads\/2023\/10\/la-contadora-de-peliculas-j6a1010-64ca4de5a414f-1-768x512.jpg 768w, https:\/\/cineytele.com\/play\/wp-content\/uploads\/2023\/10\/la-contadora-de-peliculas-j6a1010-64ca4de5a414f-1-1536x1024.jpg 1536w, https:\/\/cineytele.com\/play\/wp-content\/uploads\/2023\/10\/la-contadora-de-peliculas-j6a1010-64ca4de5a414f-1-2048x1366.jpg 2048w\" sizes=\"(max-width: 1024px) 100vw, 1024px\" \/><figcaption class=\"wp-element-caption\">Fotograma de &#8216;La contadora de pel\u00edculas&#8217;<\/figcaption><\/figure>\n\n\n\n<p><em><strong>La contadora de <\/strong><\/em><strong><em>pel\u00edcula<\/em>s<\/strong> narra la historia de una familia que vive en un pueblo minero en el desierto de Atacama (Chile). Mar\u00eda Margarita es la menor de cuatro hermanos y adora ir al cine todos los domingos. Es el momento m\u00e1s especial de la semana. La ni\u00f1a tiene&nbsp;un don, una habilidad innata para contar pel\u00edculas. As\u00ed es como&nbsp;se convertir\u00e1 en la contadora de historias del pueblo para todos aquellos que no pueden permitirse una entrada. <\/p>\n\n\n\n<p>Dirigida por <strong>Lone Scherfig<\/strong> (<em>An Education<\/em>, <em>The Riot Club<\/em>) y con Walter Salles,&nbsp;Rafa Russo y <strong>Isabel Coixet <\/strong>como guionistas. La directora danesa adapta a la gran pantalla la novela del escritor chileno <strong>Hern\u00e1n Rivera Letelier<\/strong>, que narra la historia de un particular don que permite reproducir con exactitud las pel\u00edculas. <\/p>\n\n\n\n<p>Protagonizada por <strong>B\u00e9r\u00e9nice Bejo<\/strong> (<em>The Artist<\/em>), <strong>Antonio De la Torre<\/strong> (<em>La trinchera infinita<\/em>), <strong>Daniel Br\u00fchl<\/strong> (<em>Malditos bastardos<\/em>) y <strong>Alondra Valenzuela<\/strong> (la joven actriz que interpreta a Mar\u00eda Margarita). <em>La contadora de pel\u00edculas<\/em> inaugurar\u00e1 la <strong>SEMINCI<\/strong> de Valladolid. <\/p>\n\n\n\n<p>La pel\u00edcula est\u00e1 producida por <strong>A Contracorriente Films<\/strong>,\u00a0<strong>Selenium Films<\/strong>,\u00a0<strong>Altiro Films<\/strong>\u00a0y\u00a0<strong>Contadora Films AIE<\/strong>, con la colaboraci\u00f3n del<strong>\u00a0ICAA<\/strong>,\u00a0<strong>ICEC<\/strong>,\u00a0<strong>Crea-SGR, Suma Capital<\/strong>\u00a0y la participaci\u00f3n de\u00a0<strong>RTVE<\/strong>,\u00a0<strong>TVC<\/strong>,\u00a0<strong>Euskaltel-Telecable<\/strong>. Distribuida por <strong>A Contracorriente Films<\/strong>, se estrenar\u00e1 en <strong>cines<\/strong> el <strong>27 de octubre<\/strong>. <\/p>\n\n\n\n<figure class=\"wp-block-embed is-type-video is-provider-youtube wp-block-embed-youtube wp-embed-aspect-16-9 wp-has-aspect-ratio\"><div class=\"wp-block-embed__wrapper\">\n<iframe title=\"TR\u00c1ILER - LA CONTADORA DE PEL\u00cdCULAS\" width=\"800\" height=\"450\" src=\"https:\/\/www.youtube.com\/embed\/vjvnddYBAZU?feature=oembed\" frameborder=\"0\" allow=\"accelerometer; autoplay; clipboard-write; encrypted-media; gyroscope; picture-in-picture; web-share\" allowfullscreen><\/iframe>\n<\/div><\/figure>\n\n\n\n<p><\/p>\n\n\n\n<p><\/p>\n\n\n\n<p><\/p>\n\n\n\n<p><\/p>\n\n\n\n<p><\/p>\n\n\n\n<p><\/p>\n\n\n\n<p><\/p>\n\n\n\n<p><\/p>\n\n\n\n<p><\/p>\n","protected":false},"excerpt":{"rendered":"<p>Una pel\u00edcula sobre el valor de contar historias dirigida por Lone Scherfig y protagonizada por B\u00e9r\u00e9nice Bejo, Antonio De la Torre y Daniel Br\u00fchl. La contadora de pel\u00edculas narra la historia de una familia que vive en un pueblo minero en el desierto de Atacama (Chile). Mar\u00eda Margarita es la menor de cuatro hermanos y [&hellip;]<\/p>\n","protected":false},"author":23,"featured_media":28343,"template":"","tags":[3056,209,66,97,5794],"categoria-de-noticias":[20],"class_list":["post-28300","noticias","type-noticias","status-publish","has-post-thumbnail","hentry","tag-antonio-de-la-torre","tag-cine","tag-estreno","tag-festival","tag-la-contadora-de-peliculas","categoria-de-noticias-cine"],"_links":{"self":[{"href":"https:\/\/cineytele.com\/play\/wp-json\/wp\/v2\/noticias\/28300","targetHints":{"allow":["GET"]}}],"collection":[{"href":"https:\/\/cineytele.com\/play\/wp-json\/wp\/v2\/noticias"}],"about":[{"href":"https:\/\/cineytele.com\/play\/wp-json\/wp\/v2\/types\/noticias"}],"author":[{"embeddable":true,"href":"https:\/\/cineytele.com\/play\/wp-json\/wp\/v2\/users\/23"}],"wp:featuredmedia":[{"embeddable":true,"href":"https:\/\/cineytele.com\/play\/wp-json\/wp\/v2\/media\/28343"}],"wp:attachment":[{"href":"https:\/\/cineytele.com\/play\/wp-json\/wp\/v2\/media?parent=28300"}],"wp:term":[{"taxonomy":"post_tag","embeddable":true,"href":"https:\/\/cineytele.com\/play\/wp-json\/wp\/v2\/tags?post=28300"},{"taxonomy":"categoria-de-noticias","embeddable":true,"href":"https:\/\/cineytele.com\/play\/wp-json\/wp\/v2\/categoria-de-noticias?post=28300"}],"curies":[{"name":"wp","href":"https:\/\/api.w.org\/{rel}","templated":true}]}}