{"id":30899,"date":"2024-01-08T12:52:12","date_gmt":"2024-01-08T11:52:12","guid":{"rendered":"https:\/\/cineytele.com\/play\/?post_type=noticias&#038;p=30899"},"modified":"2024-01-08T12:52:14","modified_gmt":"2024-01-08T11:52:14","slug":"celebra-2024-leyendo","status":"publish","type":"noticias","link":"https:\/\/cineytele.com\/play\/noticias\/celebra-2024-leyendo\/","title":{"rendered":"\u00a1Celebra 2024 leyendo!"},"content":{"rendered":"\n<p><strong>Comienza un nuevo a\u00f1o y desde Play te recomendamos un libro para cada mes.<\/strong><\/p>\n\n\n\n<figure class=\"wp-block-image size-full\"><img fetchpriority=\"high\" decoding=\"async\" width=\"840\" height=\"560\" src=\"https:\/\/cineytele.com\/play\/wp-content\/uploads\/2023\/12\/840_560.jpeg\" alt=\"\" class=\"wp-image-30900\" srcset=\"https:\/\/cineytele.com\/play\/wp-content\/uploads\/2023\/12\/840_560.jpeg 840w, https:\/\/cineytele.com\/play\/wp-content\/uploads\/2023\/12\/840_560-300x200.jpeg 300w, https:\/\/cineytele.com\/play\/wp-content\/uploads\/2023\/12\/840_560-768x512.jpeg 768w\" sizes=\"(max-width: 840px) 100vw, 840px\" \/><figcaption class=\"wp-element-caption\">Fotograma de la pel\u00edcula <em>El club de la lucha<\/em>, basada en el libro de Chuck Palahniuk.<\/figcaption><\/figure>\n\n\n\n<p>Nuevo a\u00f1o, nuevos prop\u00f3sitos. Ir al gimnasio, dejar de fumar, <em>leer m\u00e1s&#8230;<\/em> Siempre es complicado cumplirlos todos&#8230; \u00a1CineyTele Play viene en echarte un cable! <strong>Si no sabes qu\u00e9 leer este 2024, te dejamos una lista de 12 libros, uno para cada mes del a\u00f1o. <\/strong><\/p>\n\n\n\n<p>ENERO &#8211;<strong> <em>Estupor y temblores<\/em><\/strong>, <strong>Am\u00e9lie Nothomb<\/strong><\/p>\n\n\n\n<p>La escritora belga&nbsp;toma como inspiraci\u00f3n su propia vida para escribir una <strong>novela corta de lectura r\u00e1pida<\/strong>. Sigue a una joven belga que inicia su vida laboral en una empresa en <strong>Tokio<\/strong>. A trav\u00e9s de la iron\u00eda y el humor, la protagonista enfrenta toda clase de peticiones rid\u00edculas y desplantes en su trabajo. Nothomb reflexiona sobre las diferencias culturales entre Oriente y Occidente. Con menos de 250 p\u00e1ginas, hilarante y f\u00e1cil de leer, es perfecto para comenzar a tener un h\u00e1bito de lectura. <\/p>\n\n\n\n<figure class=\"wp-block-image size-full is-resized\"><img decoding=\"async\" width=\"657\" height=\"1000\" src=\"https:\/\/cineytele.com\/play\/wp-content\/uploads\/2023\/12\/Estupor-y-temblores-Amelie-Nothomb.jpg\" alt=\"\" class=\"wp-image-30901\" style=\"width:445px;height:auto\" srcset=\"https:\/\/cineytele.com\/play\/wp-content\/uploads\/2023\/12\/Estupor-y-temblores-Amelie-Nothomb.jpg 657w, https:\/\/cineytele.com\/play\/wp-content\/uploads\/2023\/12\/Estupor-y-temblores-Amelie-Nothomb-197x300.jpg 197w\" sizes=\"(max-width: 657px) 100vw, 657px\" \/><\/figure>\n\n\n\n<p>FEBRERO &#8211;<strong> <span><i>El Club<\/i><\/span><\/strong> <strong><em>de la lucha<\/em><\/strong>, <strong>Chuck Palahniuk<\/strong>  <\/p>\n\n\n\n<p>Un escritor mordaz y salvaje, <strong>Palahniuk<\/strong> escribe novelas modernas y alocadas, con un lenguaje coloquial y conversaciones divertidas que emulan perfectamente charlas en la vida real. De su cabeza sali\u00f3 la idea de <strong><em>El club de la lucha<\/em><\/strong>, que dar\u00eda renombre al director <strong>David Fincher<\/strong> cuando llevara la historia al cine en 1999. Pocos son los que saben que la pel\u00edcula, obra de culto contempor\u00e1neo, es una adaptaci\u00f3n de un libro. Mucho m\u00e1s extenso y narrado en primera persona, sigue a un protagonista adicto a comprar y con graves problemas de sue\u00f1o, y su curiosa relaci\u00f3n con un extra\u00f1o llamado <strong>Tyler Durden<\/strong>. Su extensi\u00f3n de 224 p\u00e1ginas y su trama adictiva y desenfrenada te permitir\u00e1 mantener tu racha de lectura anual y tachar un libro le\u00eddo de tu lista. <\/p>\n\n\n\n<figure class=\"wp-block-image size-large is-resized\"><img decoding=\"async\" width=\"674\" height=\"1024\" src=\"https:\/\/cineytele.com\/play\/wp-content\/uploads\/2023\/12\/El-Club-de-la-lucha-Chuck-Palahniuk-674x1024.jpg\" alt=\"\" class=\"wp-image-30902\" style=\"width:440px;height:auto\" srcset=\"https:\/\/cineytele.com\/play\/wp-content\/uploads\/2023\/12\/El-Club-de-la-lucha-Chuck-Palahniuk-674x1024.jpg 674w, https:\/\/cineytele.com\/play\/wp-content\/uploads\/2023\/12\/El-Club-de-la-lucha-Chuck-Palahniuk-197x300.jpg 197w, https:\/\/cineytele.com\/play\/wp-content\/uploads\/2023\/12\/El-Club-de-la-lucha-Chuck-Palahniuk-768x1167.jpg 768w, https:\/\/cineytele.com\/play\/wp-content\/uploads\/2023\/12\/El-Club-de-la-lucha-Chuck-Palahniuk.jpg 987w\" sizes=\"(max-width: 674px) 100vw, 674px\" \/><\/figure>\n\n\n\n<p>MARZO &#8211;<strong> <em>Voces de Chern\u00f3bil<\/em><\/strong>, <strong>Svetlana Aleksievich <\/strong><\/p>\n\n\n\n<p>La periodista y escritora bielorrusa,&nbsp;galardonada con el <strong>Premio Nobel de Literatura en 2015<\/strong>, da voz a aquellas personas que sobrevivieron al desastre de Chern\u00f3bil y cuyas voces fueron silenciadas y olvidadas. <strong>Aleksievich<\/strong> retrata la historia a trav\u00e9s de cr\u00f3nicas narradas por los supervivientes. Su libro sirvi\u00f3 de inspiraci\u00f3n para la serie de <strong>HBO<\/strong>, <strong><em>Chern\u00f3bil<\/em><\/strong>. Historias reales contadas por aquellos que las vivieron en primera persona, un recuerdo v\u00edvido de una tragedia sin precedentes. Su extensi\u00f3n, con un total de 400 p\u00e1ginas, ser\u00e1 un peque\u00f1o avance en tu h\u00e1bito lector. <\/p>\n\n\n\n<p>\u00ab\u00abCierra las ventanillas y acu\u00e9state. Hay un incendio en la central. Vendr\u00e9 pronto\u00bb Esto fue lo \u00faltimo que un joven bombero dijo a su esposa antes de acudir al lugar de la explosi\u00f3n. No regres\u00f3. Y en cierto modo, ya no volvi\u00f3 a verle, pues en el hospital su marido dej\u00f3 de ser su marido. Todav\u00eda hoy ella se pregunta si su historia trata sobre el amor o la muerte\u00bb <\/p>\n\n\n\n<figure class=\"wp-block-image size-large is-resized\"><img loading=\"lazy\" decoding=\"async\" width=\"709\" height=\"1024\" src=\"https:\/\/cineytele.com\/play\/wp-content\/uploads\/2023\/12\/Voces-de-Chernobil-Svetlana-Aleksievich--709x1024.jpeg\" alt=\"\" class=\"wp-image-30903\" style=\"width:444px;height:auto\" srcset=\"https:\/\/cineytele.com\/play\/wp-content\/uploads\/2023\/12\/Voces-de-Chernobil-Svetlana-Aleksievich--709x1024.jpeg 709w, https:\/\/cineytele.com\/play\/wp-content\/uploads\/2023\/12\/Voces-de-Chernobil-Svetlana-Aleksievich--208x300.jpeg 208w, https:\/\/cineytele.com\/play\/wp-content\/uploads\/2023\/12\/Voces-de-Chernobil-Svetlana-Aleksievich--768x1110.jpeg 768w, https:\/\/cineytele.com\/play\/wp-content\/uploads\/2023\/12\/Voces-de-Chernobil-Svetlana-Aleksievich-.jpeg 1004w\" sizes=\"(max-width: 709px) 100vw, 709px\" \/><\/figure>\n\n\n\n<p>ABRIL &#8211;<strong> <em>1984<\/em>, George Orwell<\/strong><\/p>\n\n\n\n<p>Un libro imprescindible, <strong>Orwell<\/strong> retrata una sociedad dist\u00f3pica y asfixiante de manera ingeniosa e inteligente. Perfecto para entrenar tu <strong>pensamiento cr\u00edtico<\/strong>. Publicada en 1949, <strong>Orwell<\/strong> describe en esta novela un Londres l\u00fagubre controlado por la Polic\u00eda del Pensamiento. Winston Smith, el protagonista, se encarga de reescribir la historia para adaptarla a lo que el Partido considera la versi\u00f3n oficial de los hechos. \u00c9l no es como el resto, busca libertad en un mundo que lo tiene amedrentado y sometido. Su extensi\u00f3n es de 352 paginas. <\/p>\n\n\n\n<figure class=\"wp-block-image size-full is-resized\"><img loading=\"lazy\" decoding=\"async\" width=\"381\" height=\"588\" src=\"https:\/\/cineytele.com\/play\/wp-content\/uploads\/2023\/12\/1984-George-Orwell.png\" alt=\"\" class=\"wp-image-30904\" style=\"width:416px;height:auto\" srcset=\"https:\/\/cineytele.com\/play\/wp-content\/uploads\/2023\/12\/1984-George-Orwell.png 381w, https:\/\/cineytele.com\/play\/wp-content\/uploads\/2023\/12\/1984-George-Orwell-194x300.png 194w\" sizes=\"(max-width: 381px) 100vw, 381px\" \/><\/figure>\n\n\n\n<p>MAYO &#8211;<strong> <em>Battle Royale<\/em>, Koushun Takami<\/strong><\/p>\n\n\n\n<p><strong>El libro que inspir\u00f3 la saga de <em>Los Juegos del hambre<\/em>.<\/strong> \u00abPara controlar a la poblaci\u00f3n, cada a\u00f1o escogen un grupo de alumnos al azar para que luchen a muerte. 42 estudiantes encerrados en una isla. Todo est\u00e1 permitido para ganar. Empieza el juego. Empieza <strong>Battle Royale.<\/strong>\u00bb Macabro y retorcido, un grupo de chavales de quince a\u00f1os es llevado a una isla contra su voluntad. Obligados a matarse entre ellos, solo uno puede ganar y escapar. El sistema se mantiene con ese peque\u00f1o sacrificio y es una obligaci\u00f3n cumplir las normas. Con una extensi\u00f3n de 688 p\u00e1ginas, <strong>Takami<\/strong> escribe un thriller de acci\u00f3n fren\u00e9tico y de f\u00e1cil lectura. Su libro se adapt\u00f3 al cine en el a\u00f1o 2000. <\/p>\n\n\n\n<figure class=\"wp-block-image size-full is-resized\"><img loading=\"lazy\" decoding=\"async\" width=\"663\" height=\"1000\" src=\"https:\/\/cineytele.com\/play\/wp-content\/uploads\/2023\/12\/Battle-Royale-Koushun-Takami.jpg\" alt=\"\" class=\"wp-image-30905\" style=\"width:423px;height:auto\" srcset=\"https:\/\/cineytele.com\/play\/wp-content\/uploads\/2023\/12\/Battle-Royale-Koushun-Takami.jpg 663w, https:\/\/cineytele.com\/play\/wp-content\/uploads\/2023\/12\/Battle-Royale-Koushun-Takami-199x300.jpg 199w\" sizes=\"(max-width: 663px) 100vw, 663px\" \/><\/figure>\n\n\n\n<p>JUNIO &#8211;<strong> <em>Circe<\/em><\/strong>, <strong>Madeline Miller<\/strong><\/p>\n\n\n\n<p><strong>Madeline Miller<\/strong> es autora de <em>Circe<\/em> y <em><strong>La Canci\u00f3n de Aquiles<\/strong><\/em>. Su destreza literaria le permite transformar los mitos griegos en historias profundas y adictivas. La autora hace de Circe, la bruja de La Odisea que convert\u00eda a los marineros en cerdos, una hero\u00edna llena de problemas y miedos. Narra su vida, desde su ni\u00f1ez junto a su padre, el tit\u00e1n Helios, hasta su destierro en una solitaria isla que convertir\u00e1 en su hogar. Circe se enfrentar\u00e1 a nuevas aventuras que la har\u00e1n m\u00e1s sabia y permitir\u00e1n que crezca como persona. Es el libro perfecto (y la autora perfecta) para los amantes de la mitolog\u00eda griega. Tiene una extensi\u00f3n de 450 p\u00e1ginas. <\/p>\n\n\n\n<figure class=\"wp-block-image size-full\"><img loading=\"lazy\" decoding=\"async\" width=\"800\" height=\"800\" src=\"https:\/\/cineytele.com\/play\/wp-content\/uploads\/2023\/12\/Circe-Madeline-Miller-1.png\" alt=\"\" class=\"wp-image-30907\" srcset=\"https:\/\/cineytele.com\/play\/wp-content\/uploads\/2023\/12\/Circe-Madeline-Miller-1.png 800w, https:\/\/cineytele.com\/play\/wp-content\/uploads\/2023\/12\/Circe-Madeline-Miller-1-300x300.png 300w, https:\/\/cineytele.com\/play\/wp-content\/uploads\/2023\/12\/Circe-Madeline-Miller-1-150x150.png 150w, https:\/\/cineytele.com\/play\/wp-content\/uploads\/2023\/12\/Circe-Madeline-Miller-1-768x768.png 768w\" sizes=\"(max-width: 800px) 100vw, 800px\" \/><\/figure>\n\n\n\n<p>JULIO &#8211; <strong><em>La hija oscura<\/em>, Elena Ferrante<\/strong><\/p>\n\n\n\n<p><strong>Elena Ferrante<\/strong> es un pseud\u00f3nimo, nadie sabe qui\u00e9n es la persona que se esconde detr\u00e1s de esta famosa escritora. Sus descripciones son certeras y mordaces, hace f\u00e1cil la acci\u00f3n de narrar emociones tan complejas como la envidia o la rabia. En  <em>La hija oscura<\/em> reflexiona con inteligencia sobre el peso de la maternidad y la carga que supone para las mujeres parir y criar hijos. <\/p>\n\n\n\n<p>Narra las vacaciones de Leda, una profesora de universidad divorciada que se instala sola en un precioso lugar junto a la playa. Dedica su tiempo a leer, hasta que un d\u00eda conoce a Nina y a su hija. La relaci\u00f3n maternal de Nina y su peque\u00f1a despierta en Leda sentimientos que la llevan a interesarse por ellas. La historia ha sido llevada al cine dirigida por <strong>Maggie Gyllenhaal<\/strong> y protagonizada por <strong>Olivia Colman<\/strong> y <strong>Dakota Johnson<\/strong>.<\/p>\n\n\n\n<figure class=\"wp-block-image size-full is-resized\"><img loading=\"lazy\" decoding=\"async\" width=\"658\" height=\"1000\" src=\"https:\/\/cineytele.com\/play\/wp-content\/uploads\/2023\/12\/La-hija-oscura-Elena-Ferrante.jpg\" alt=\"\" class=\"wp-image-30908\" style=\"width:472px;height:auto\" srcset=\"https:\/\/cineytele.com\/play\/wp-content\/uploads\/2023\/12\/La-hija-oscura-Elena-Ferrante.jpg 658w, https:\/\/cineytele.com\/play\/wp-content\/uploads\/2023\/12\/La-hija-oscura-Elena-Ferrante-197x300.jpg 197w\" sizes=\"(max-width: 658px) 100vw, 658px\" \/><\/figure>\n\n\n\n<p>AGOSTO &#8211; <strong><em>El misterio de Salem&#8217;s Lot<\/em><\/strong>, <strong>Stephen King<\/strong><\/p>\n\n\n\n<p>Stephen King, el maestro del terror, ambienta esta historia de monstruos en un pueblo ficticio. La vida sus habitantes se ven trastocada con la venta de una vieja y tenebrosa casa abandonada. Sus nuevos inquilinos ponen los pelos de punta. La llegada de <em>ellos<\/em> coincide con la vuelta al pueblo de un escritor en busca de inspiraci\u00f3n para su nuevo libro. Su estancia all\u00ed cuando era un ni\u00f1o lo ha dejado atado al lugar, por el que siente una extra\u00f1a conexi\u00f3n. <\/p>\n\n\n\n<p>\u00abVeinte a\u00f1os atr\u00e1s, por una apuesta infantil, Ben Mears entr\u00f3 en la casa de los Marsten. Y lo que vio entonces a\u00fan recorre sus pesadillas. Ahora, como escritor consagrado, vuelve a Salem&#8217;s Lot para exorcizar sus fantasmas. Salem&#8217;s Lot es un pueblo tranquilo y adormilado donde nunca pasa nada&#8230;, excepto la antigua tragedia de la casa de los Marsten. Y el perro muerto colgado de la verja del cementerio. Y el misterioso hombre que se instal\u00f3 en la casa de los Marsten. Y los ni\u00f1os que desaparecen, los animales que mueren desangrados&#8230; Y la espantosa presencia de <em>Ellos<\/em>, quienesquiera que sean <em>Ellos<\/em>.\u00bb<\/p>\n\n\n\n<figure class=\"wp-block-image size-full is-resized\"><img loading=\"lazy\" decoding=\"async\" width=\"300\" height=\"456\" src=\"https:\/\/cineytele.com\/play\/wp-content\/uploads\/2023\/12\/El-misterio-de-Salems-Lot-Stephen-King.jpg\" alt=\"\" class=\"wp-image-30909\" style=\"width:370px;height:auto\" srcset=\"https:\/\/cineytele.com\/play\/wp-content\/uploads\/2023\/12\/El-misterio-de-Salems-Lot-Stephen-King.jpg 300w, https:\/\/cineytele.com\/play\/wp-content\/uploads\/2023\/12\/El-misterio-de-Salems-Lot-Stephen-King-197x300.jpg 197w\" sizes=\"(max-width: 300px) 100vw, 300px\" \/><\/figure>\n\n\n\n<p>SEPTIEMBRE &#8211;  <strong><em>El imperio final<\/em>, Brandon Sanderson<\/strong><\/p>\n\n\n\n<p>Primer libro de la saga <em>Nacidos de la bruma<\/em>. Sanderson crea inteligentemente un mundo fant\u00e1stico y conforma una saga adictiva. <\/p>\n\n\n\n<p>Durante mil a\u00f1os han ca\u00eddo cenizas del cielo. Durante mil a\u00f1os nada ha florecido. Durante mil a\u00f1os los skaa han sido esclavizados y viven en la miseria, sumidos en un miedo inevitable. Durante mil a\u00f1os el Lord Legislador ha reinado con poder absoluto, dominando gracias al terror, a sus poderes y a su inmortalidad, ayudado por \u00abobligadores\u00bb e \u00abinquisidores\u00bb, junto a la poderosa magia de la alomancia. <\/p>\n\n\n\n<p>Pero los nobles a menudo han tenido trato sexual con j\u00f3venes skaa y, aunque la ley lo proh\u00edbe, algunos de sus bastardos han sobrevivido y heredado los poderes alom\u00e1nticos: son los \u00abnacidos de la bruma\u00bb (mistborn). Ahora, Kelsier, el \u00absuperviviente\u00bb, el \u00fanico que ha logrado huir de los Pozos de Hathsin, ha encontrado a Vin, una pobre chica skaa con mucha suerte&#8230; Tal vez los dos, con el mejor equipo criminal jam\u00e1s reunido, unidos a la rebeli\u00f3n que los skaa intentan desde hace mil a\u00f1os, logren cambiar el mundo y acabar con la atroz mano de hierro del Lord Legislador.<\/p>\n\n\n\n<figure class=\"wp-block-image size-full is-resized\"><img loading=\"lazy\" decoding=\"async\" width=\"650\" height=\"1000\" src=\"https:\/\/cineytele.com\/play\/wp-content\/uploads\/2023\/12\/El-imperio-final-Brandon-Sanderson.jpg\" alt=\"\" class=\"wp-image-30910\" style=\"width:507px;height:auto\" srcset=\"https:\/\/cineytele.com\/play\/wp-content\/uploads\/2023\/12\/El-imperio-final-Brandon-Sanderson.jpg 650w, https:\/\/cineytele.com\/play\/wp-content\/uploads\/2023\/12\/El-imperio-final-Brandon-Sanderson-195x300.jpg 195w\" sizes=\"(max-width: 650px) 100vw, 650px\" \/><\/figure>\n\n\n\n<p>NOVIEMBRE &#8211; <strong><em>Mi a\u00f1o de descanso y relajaci\u00f3n<\/em>, Ottessa Moshfegh<\/strong><\/p>\n\n\n\n<p><strong>Ottessa Moshfegh<\/strong> se consagra como una escritora poderos\u00edsima. <em>Mi a\u00f1o de descanso y relajaci\u00f3n<\/em> es una oda a la rabia y a la tristeza llena de humor negro. Una escritora con el poder de hacer que el lector se identifique con sus personajes. El cansancio mental puede desgastar mil veces m\u00e1s que el f\u00edsico y la protagonista de esta historia lo sabe bien. <\/p>\n\n\n\n<p>En el a\u00f1o 2000, Manhattan es el epicentro de una civilizaci\u00f3n estadounidense dominada por la apat\u00eda. Como una oscura bella durmiente, la narradora de esta novela decide encerrarse durante un a\u00f1o en su piso de una de las zonas m\u00e1s exclusivas de Nueva York, asistida por una herencia ingente y por una gran cantidad de f\u00e1rmacos, para dedicarse a dormir y ver pel\u00edculas de Whoopi Goldberg y Harrison Ford. <\/p>\n\n\n\n<p>El inicio de un siglo supuestamente trepidante encuentra a nuestra protagonista durmiendo en el sof\u00e1 con la tele encendida. Con mucho cinismo, series, pel\u00edculas comerciales y narc\u00f3ticos, y a costa de cortar todo v\u00ednculo humano, cualquiera puede sobrellevar esta vida. Ahora bien, \u00bflo que queremos es<em> sobrellevarla<\/em>?<\/p>\n\n\n\n<figure class=\"wp-block-image size-full is-resized\"><img loading=\"lazy\" decoding=\"async\" width=\"259\" height=\"410\" src=\"https:\/\/cineytele.com\/play\/wp-content\/uploads\/2023\/12\/Mi-ano-de-descanso-y-relajacion-Ottessa-Moshfegh.png\" alt=\"\" class=\"wp-image-30911\" style=\"width:382px;height:auto\" srcset=\"https:\/\/cineytele.com\/play\/wp-content\/uploads\/2023\/12\/Mi-ano-de-descanso-y-relajacion-Ottessa-Moshfegh.png 259w, https:\/\/cineytele.com\/play\/wp-content\/uploads\/2023\/12\/Mi-ano-de-descanso-y-relajacion-Ottessa-Moshfegh-190x300.png 190w\" sizes=\"(max-width: 259px) 100vw, 259px\" \/><\/figure>\n\n\n\n<p>DICIEMBRE &#8211; <strong><em>La verdad sobre el caso Harry Quebert<\/em>, Jo\u00ebl Dicker<\/strong><\/p>\n\n\n\n<p>Qui\u00e9n mat\u00f3 a Nola Kellergan. Dicker sit\u00faa al lector en tres momentos en el tiempo: 1975, la historia de amor secreta entre Harry, un profesor de treinta a\u00f1os de edad, y Nola, una adolescente de quince; 1998, la uni\u00f3n entre el protagonista Marcus Goldman y Harry Quebert, su mentor; y 2008, los huesos de Nola aparecen en el jard\u00edn de Harry y \u00e9l dice no ser culpable de su muerte. Un intenso thriller polic\u00edaco lleno de personajes intrigantes que motivan al lector a seguir leyendo. Dicker mezcla con inteligencia varias historias que se interconectan a lo largo de la novela. <\/p>\n\n\n\n<p>Llegados aqu\u00ed, ya eres todo un lector experto. Si puedes con las 700 p\u00e1ginas de este thriller, te felicitamos. Has le\u00eddo much\u00edsimo y de lo mejor. Hasta el a\u00f1o que viene. <\/p>\n\n\n\n<figure class=\"wp-block-image size-full is-resized\"><img loading=\"lazy\" decoding=\"async\" width=\"500\" height=\"800\" src=\"https:\/\/cineytele.com\/play\/wp-content\/uploads\/2024\/01\/La-verdad-sobre-el-caso-Harry-Quebert-Joel-Dicker.jpg\" alt=\"\" class=\"wp-image-30996\" style=\"width:421px;height:auto\" srcset=\"https:\/\/cineytele.com\/play\/wp-content\/uploads\/2024\/01\/La-verdad-sobre-el-caso-Harry-Quebert-Joel-Dicker.jpg 500w, https:\/\/cineytele.com\/play\/wp-content\/uploads\/2024\/01\/La-verdad-sobre-el-caso-Harry-Quebert-Joel-Dicker-188x300.jpg 188w\" sizes=\"(max-width: 500px) 100vw, 500px\" \/><\/figure>\n","protected":false},"excerpt":{"rendered":"<p>Comienza un nuevo a\u00f1o y desde Play te recomendamos un libro para cada mes. Nuevo a\u00f1o, nuevos prop\u00f3sitos. Ir al gimnasio, dejar de fumar, leer m\u00e1s&#8230; Siempre es complicado cumplirlos todos&#8230; \u00a1CineyTele Play viene en echarte un cable! Si no sabes qu\u00e9 leer este 2024, te dejamos una lista de 12 libros, uno para cada [&hellip;]<\/p>\n","protected":false},"author":23,"featured_media":30997,"template":"","tags":[6032,3539,209,6031,4569,6033,269,6030,6034,2652],"categoria-de-noticias":[],"class_list":["post-30899","noticias","type-noticias","status-publish","has-post-thumbnail","hentry","tag-6032","tag-3539","tag-cine","tag-lectura","tag-libros","tag-orwell","tag-peliculas","tag-reto-lector","tag-sanderson","tag-stephen-king"],"_links":{"self":[{"href":"https:\/\/cineytele.com\/play\/wp-json\/wp\/v2\/noticias\/30899","targetHints":{"allow":["GET"]}}],"collection":[{"href":"https:\/\/cineytele.com\/play\/wp-json\/wp\/v2\/noticias"}],"about":[{"href":"https:\/\/cineytele.com\/play\/wp-json\/wp\/v2\/types\/noticias"}],"author":[{"embeddable":true,"href":"https:\/\/cineytele.com\/play\/wp-json\/wp\/v2\/users\/23"}],"wp:featuredmedia":[{"embeddable":true,"href":"https:\/\/cineytele.com\/play\/wp-json\/wp\/v2\/media\/30997"}],"wp:attachment":[{"href":"https:\/\/cineytele.com\/play\/wp-json\/wp\/v2\/media?parent=30899"}],"wp:term":[{"taxonomy":"post_tag","embeddable":true,"href":"https:\/\/cineytele.com\/play\/wp-json\/wp\/v2\/tags?post=30899"},{"taxonomy":"categoria-de-noticias","embeddable":true,"href":"https:\/\/cineytele.com\/play\/wp-json\/wp\/v2\/categoria-de-noticias?post=30899"}],"curies":[{"name":"wp","href":"https:\/\/api.w.org\/{rel}","templated":true}]}}