{"id":32487,"date":"2024-03-21T10:39:15","date_gmt":"2024-03-21T09:39:15","guid":{"rendered":"https:\/\/cineytele.com\/play\/?post_type=noticias&#038;p=32487"},"modified":"2024-03-21T10:39:17","modified_gmt":"2024-03-21T09:39:17","slug":"ruta-almodovar-a-traves-del-campo-de-calatrava","status":"publish","type":"noticias","link":"https:\/\/cineytele.com\/play\/noticias\/ruta-almodovar-a-traves-del-campo-de-calatrava\/","title":{"rendered":"Ruta &#8216;Almod\u00f3var&#8217; a trav\u00e9s del Campo de Calatrava"},"content":{"rendered":"\n<p><strong>Los lugares m\u00e1s ic\u00f3nicos del cine de Almod\u00f3var est\u00e1n en esta ruta por Castilla-La Mancha. <\/strong><\/p>\n\n\n\n<figure class=\"wp-block-image size-full\"><img fetchpriority=\"high\" decoding=\"async\" width=\"757\" height=\"568\" src=\"https:\/\/cineytele.com\/play\/wp-content\/uploads\/2024\/03\/almodovar-1.jpg\" alt=\"\" class=\"wp-image-32489\" srcset=\"https:\/\/cineytele.com\/play\/wp-content\/uploads\/2024\/03\/almodovar-1.jpg 757w, https:\/\/cineytele.com\/play\/wp-content\/uploads\/2024\/03\/almodovar-1-300x225.jpg 300w\" sizes=\"(max-width: 757px) 100vw, 757px\" \/><figcaption class=\"wp-element-caption\">Imagen del <em>Espacio Almod\u00f3var<\/em><\/figcaption><\/figure>\n\n\n\n<p><strong>Castilla-La Mancha&nbsp;<\/strong>ha sido en numerosas ocasiones un escenario id\u00edlico para la realizaci\u00f3n de diversas pel\u00edculas. Teniendo esto en mente, el primer director de renombre que se nos viene a la cabeza es&nbsp;<strong>Pedro Almod\u00f3var<\/strong>. Nacido en&nbsp;<strong>La Mancha<\/strong>, siempre ha tenido un&nbsp;<strong>v\u00ednculo especial<\/strong>&nbsp;con sus or\u00edgenes en los que ha logrado encontrar inspiraci\u00f3n y captar los atractivos naturales e hist\u00f3ricos del lugar, utiliz\u00e1ndolos como&nbsp;<strong>escenarios&nbsp;<\/strong>para sus pel\u00edculas.<\/p>\n\n\n\n<p>La comunidad aut\u00f3noma &nbsp;Castilla-La Mancha con el objetivo de homenajear la figura del brillante director, en colaboraci\u00f3n con su familia, la&nbsp;<strong>Asociaci\u00f3n de Amigos de Pedro Almod\u00f3var<\/strong>, la&nbsp;<strong>productora \u201cEl Deseo\u201d<\/strong>&nbsp;y&nbsp;<strong>los Ayuntamientos de las principales localidades&nbsp;<\/strong>implicadas en sus obras, decidieron crear y dise\u00f1ar la<strong><em>&nbsp;Ruta Tur\u00edstico-Cinematogr\u00e1fica Pedro Almod\u00f3var<\/em><\/strong>. Un recorrido para todos los viajeros a los entornos donde se rodaron algunas de las escenas de su filmograf\u00eda y en la que tambi\u00e9n podemos ver c\u00f3mo se ha ido configurando el&nbsp;<strong>car\u00e1cter<\/strong>&nbsp;y la&nbsp;<strong>personalidad del artista<\/strong>.<\/p>\n\n\n\n<p>La&nbsp;<em>Ruta Almod\u00f3var<\/em>&nbsp;la conforman&nbsp;<strong>cuatro localizaciones&nbsp;<\/strong>principales:&nbsp;<strong>Almagro, Gran\u00e1tula de Calatrava, Calzada de Calatrava y Puertollano.<\/strong><\/p>\n\n\n\n<h2 class=\"wp-block-heading\">ALMAGRO<\/h2>\n\n\n\n<p>Elegido por Almod\u00f3var en varias ocasiones como escenario para sus pel\u00edculas. Podemos destacar una de sus principales y m\u00e1s destacadas obras,&nbsp;<strong><em>Volver<\/em><\/strong>, en la que La Casa de Agustina, interpretada por&nbsp;<strong>Blanca Portillo<\/strong>, est\u00e1 situada al lado del Ayuntamiento y de la famosa&nbsp;<strong>Plaza Mayor de Almagro<\/strong>. Otra de las localizaciones ser\u00eda La Calle Federico Relimpio donde se encuentran las Puertas enfrentadas de las vecinas Paula y Agustina, por donde viv\u00eda el fantasma de Irene.&nbsp;<\/p>\n\n\n\n<p>En&nbsp;<strong><em>La flor de mi secreto<\/em><\/strong>&nbsp;tambi\u00e9n podemos destacar dos escenarios junto a la Plaza Mayor. El exterior de la casa donde lleg\u00f3 desesperada la protagonista, se rod\u00f3 en la<strong>&nbsp;Calle Ram\u00f3n y Cajal<\/strong>&nbsp;y el interior en una casa de la Calle Feria.<\/p>\n\n\n\n<p>Homenajeando al hito que supuso la grabaci\u00f3n de esta pel\u00edcula podemos encontrarnos en una de las entradas de la ciudad sobre la rotonda de circunvalaci\u00f3n del Camino de Calatrava con la calle C\u00e9sar se erige la obra&nbsp;<em>Flor de Calatrava<\/em>&nbsp;del escultor&nbsp;<strong>Jer\u00f3nimo Uribe<\/strong>.&nbsp;<\/p>\n\n\n\n<h2 class=\"wp-block-heading\">GRAN\u00c1TULA DE CALATRAVA&nbsp;<\/h2>\n\n\n\n<p>Aqu\u00ed, nos podemos encontrar con el\u00a0<strong>cementerio municipal<\/strong>\u00a0donde se rod\u00f3 la escena inicial de\u00a0<em>Volver<\/em>. Sole, Raimunda y Paula limpian las tumbas de sus familiares el d\u00eda de Todos los Santos.<br>En el centro del pueblo nos podemos encontrar en frente de la Iglesia parroquial, una escultura gigantesca con forma de zapato de tac\u00f3n de acero, realizada por el escultor catal\u00e1n\u00a0<strong>Enric Pl\u00e1 i Montferrer\u00a0<\/strong>con el t\u00edtulo de\u00a0<em>Feminidad II<\/em>.<\/p>\n\n\n\n<figure class=\"wp-block-image size-large\"><img decoding=\"async\" width=\"1024\" height=\"682\" src=\"https:\/\/cineytele.com\/play\/wp-content\/uploads\/2024\/03\/1664349973_iglesia-de-santa-ana-grantula-de-calatrava-1024x682.jpg\" alt=\"\" class=\"wp-image-32500\" srcset=\"https:\/\/cineytele.com\/play\/wp-content\/uploads\/2024\/03\/1664349973_iglesia-de-santa-ana-grantula-de-calatrava-1024x682.jpg 1024w, https:\/\/cineytele.com\/play\/wp-content\/uploads\/2024\/03\/1664349973_iglesia-de-santa-ana-grantula-de-calatrava-300x200.jpg 300w, https:\/\/cineytele.com\/play\/wp-content\/uploads\/2024\/03\/1664349973_iglesia-de-santa-ana-grantula-de-calatrava-768x512.jpg 768w, https:\/\/cineytele.com\/play\/wp-content\/uploads\/2024\/03\/1664349973_iglesia-de-santa-ana-grantula-de-calatrava-1536x1024.jpg 1536w, https:\/\/cineytele.com\/play\/wp-content\/uploads\/2024\/03\/1664349973_iglesia-de-santa-ana-grantula-de-calatrava.jpg 2000w\" sizes=\"(max-width: 1024px) 100vw, 1024px\" \/><figcaption class=\"wp-element-caption\">Escultura <em>Femenidad II <\/em>en frente de la iglesia parroquial <\/figcaption><\/figure>\n\n\n\n<h2 class=\"wp-block-heading\">CALZADA DE CALATRAVA&nbsp;<\/h2>\n\n\n\n<p>A pesar de que este municipio no ha sido escenario de ninguna pel\u00edcula, es la&nbsp;<strong>localidad natal<\/strong>&nbsp;del cineasta y por ello es una parada obligatoria. Aqu\u00ed podremos encontrarnos con puntos relevantes relacionados con su vida como&nbsp;<strong>la casa donde naci\u00f3<\/strong>&nbsp;o la casa de su abuela Raimunda.<br>Podemos destacar otros lugares relacionados con su figura, La Ermita de San Isidro, El Centro Cultural Rafael Serrano, El Circulo Agr\u00edcola-Casino y El Parque Pedro Almod\u00f3var&nbsp;<\/p>\n\n\n\n<p>Un destino que es obligatorio visitar es el museo&nbsp;<strong><em>Espacio Almod\u00f3var<\/em><\/strong>, una exposici\u00f3n dedicada a \u00e9l mismo y su arte.&nbsp;En el interior del se pueden visualizar todas las maquetas presentadas en el concurso de la&nbsp;<strong><em>Ruta Pedro Almod\u00f3var<\/em><\/strong><em>&nbsp;<\/em>y un sinf\u00edn de ilustraciones de la vida del cineasta.<\/p>\n\n\n\n<p>Tambi\u00e9n se pueden apreciar objetos originales procedentes del cine de este famoso director (trajes, atrezo&#8230;), adem\u00e1s de diferentes vitrinas con todos los enseres de labranza y de las tradiciones m\u00e1s t\u00edpicas y populares de Calzada de Calatrava.<\/p>\n\n\n\n<h2 class=\"wp-block-heading\">PUERTOLLANO<\/h2>\n\n\n\n<p>En esta \u00faltima parada destacaremos el Auditorio Municipal, que fue elegido por el propio Pedro Almod\u00f3var para el estreno mundial de la pel\u00edcula&nbsp;<em>Volver<\/em>, donde desfil\u00f3 sobre la alfombra roja acompa\u00f1ado por todas las actrices protagonistas, excepto Pen\u00e9lope Cruz,&nbsp;<strong>Carmen Maura, Blanca Portillo, Yohana Cobo y Lola Due\u00f1as<\/strong>.<\/p>\n\n\n\n<p>Adem\u00e1s, justo en frente al auditorio, en la Plaza Mariana Pineda, se erige el hito de la Ruta cinematogr\u00e1fica Pedro Almod\u00f3var, una escultura realizada por&nbsp;<strong>Manuel Vicente Mart\u00edn&nbsp;<\/strong>y cuyo t\u00edtulo es&nbsp;<em>M\u00e1s cine, por favor<\/em>.<\/p>\n\n\n\n<p>Sin duda alguna, una gran ruta que nos acerca no solo a la figura del brillante y mundialmente conocido director sino tambi\u00e9n a la belleza de Castilla-La Mancha y espec\u00edficamente Ciudad Real, la provincia que siempre ha querido y maravillado a Pedro Almod\u00f3var.&nbsp;<\/p>\n","protected":false},"excerpt":{"rendered":"<p>Los lugares m\u00e1s ic\u00f3nicos del cine de Almod\u00f3var est\u00e1n en esta ruta por Castilla-La Mancha. Castilla-La Mancha&nbsp;ha sido en numerosas ocasiones un escenario id\u00edlico para la realizaci\u00f3n de diversas pel\u00edculas. Teniendo esto en mente, el primer director de renombre que se nos viene a la cabeza es&nbsp;Pedro Almod\u00f3var. Nacido en&nbsp;La Mancha, siempre ha tenido un&nbsp;v\u00ednculo [&hellip;]<\/p>\n","protected":false},"author":23,"featured_media":32491,"template":"","tags":[6190,209,6189,6083],"categoria-de-noticias":[57],"class_list":["post-32487","noticias","type-noticias","status-publish","has-post-thumbnail","hentry","tag-castilla-la-mancha","tag-cine","tag-pedro-almodovar-2","tag-turismo-de-pantalla","categoria-de-noticias-cineturismo"],"_links":{"self":[{"href":"https:\/\/cineytele.com\/play\/wp-json\/wp\/v2\/noticias\/32487","targetHints":{"allow":["GET"]}}],"collection":[{"href":"https:\/\/cineytele.com\/play\/wp-json\/wp\/v2\/noticias"}],"about":[{"href":"https:\/\/cineytele.com\/play\/wp-json\/wp\/v2\/types\/noticias"}],"author":[{"embeddable":true,"href":"https:\/\/cineytele.com\/play\/wp-json\/wp\/v2\/users\/23"}],"wp:featuredmedia":[{"embeddable":true,"href":"https:\/\/cineytele.com\/play\/wp-json\/wp\/v2\/media\/32491"}],"wp:attachment":[{"href":"https:\/\/cineytele.com\/play\/wp-json\/wp\/v2\/media?parent=32487"}],"wp:term":[{"taxonomy":"post_tag","embeddable":true,"href":"https:\/\/cineytele.com\/play\/wp-json\/wp\/v2\/tags?post=32487"},{"taxonomy":"categoria-de-noticias","embeddable":true,"href":"https:\/\/cineytele.com\/play\/wp-json\/wp\/v2\/categoria-de-noticias?post=32487"}],"curies":[{"name":"wp","href":"https:\/\/api.w.org\/{rel}","templated":true}]}}