{"id":33388,"date":"2024-04-30T10:55:29","date_gmt":"2024-04-30T08:55:29","guid":{"rendered":"https:\/\/cineytele.com\/play\/?post_type=noticias&#038;p=33388"},"modified":"2024-04-30T10:58:29","modified_gmt":"2024-04-30T08:58:29","slug":"espana-uno-de-los-paises-con-mas-patrimonio-de-la-humanidad-del-mundo","status":"publish","type":"noticias","link":"https:\/\/cineytele.com\/play\/noticias\/espana-uno-de-los-paises-con-mas-patrimonio-de-la-humanidad-del-mundo\/","title":{"rendered":"Espa\u00f1a, uno de los pa\u00edses con m\u00e1s Patrimonio de la Humanidad del mundo"},"content":{"rendered":"\n<p><strong>Toda su riqueza cultural, as\u00ed como el conjunto urban\u00edstico, conforman un bien reconocido por la <em>UNESCO<\/em>. <\/strong><\/p>\n\n\n\n<div class=\"wp-block-columns is-layout-flex wp-container-core-columns-is-layout-28f84493 wp-block-columns-is-layout-flex\">\n<div class=\"wp-block-column is-layout-flow wp-block-column-is-layout-flow\">\n<figure class=\"wp-block-embed is-type-video is-provider-tiktok wp-block-embed-tiktok\"><div class=\"wp-block-embed__wrapper\">\n<blockquote class=\"tiktok-embed\" cite=\"https:\/\/www.tiktok.com\/@losenigmasdeltiempo\/video\/7300532206198410529\" data-video-id=\"7300532206198410529\" data-embed-from=\"oembed\" style=\"max-width:605px; min-width:325px;\"> <section> <a target=\"_blank\" title=\"@losenigmasdeltiempo\" href=\"https:\/\/www.tiktok.com\/@losenigmasdeltiempo?refer=embed\" rel=\"noopener\">@losenigmasdeltiempo<\/a> <p>El Legado ESPA\u00d1OL en el MUNDO <a title=\"historia\" target=\"_blank\" href=\"https:\/\/www.tiktok.com\/tag\/historia?refer=embed\" rel=\"noopener\">#historia<\/a>  <a title=\"espa\u00f1a\" target=\"_blank\" href=\"https:\/\/www.tiktok.com\/tag\/espa%C3%B1a?refer=embed\" rel=\"noopener\">#espa\u00f1a<\/a>  <a title=\"unesco\" target=\"_blank\" href=\"https:\/\/www.tiktok.com\/tag\/unesco?refer=embed\" rel=\"noopener\">#unesco<\/a>  <a title=\"america\" target=\"_blank\" href=\"https:\/\/www.tiktok.com\/tag\/america?refer=embed\" rel=\"noopener\">#america<\/a>  <a title=\"cultura\" target=\"_blank\" href=\"https:\/\/www.tiktok.com\/tag\/cultura?refer=embed\" rel=\"noopener\">#cultura<\/a> <a title=\"hispanidad\" target=\"_blank\" href=\"https:\/\/www.tiktok.com\/tag\/hispanidad?refer=embed\" rel=\"noopener\">#hispanidad<\/a>  Emb\u00e1rcate en un viaje fascinante a trav\u00e9s de la historia y descubre el sorprendente legado cultural que ha convertido a Espa\u00f1a en el pa\u00eds con el mayor n\u00famero de sitios declarados Patrimonio de la Humanidad en el mundo. En este episodio, exploraremos las revelaciones del renombrado historiador japon\u00e9s Yutaka Suzuki, quien desentra\u00f1a el impacto monumental del Imperio Espa\u00f1ol en sus territorios. Desde 1492 hasta 1898, los espa\u00f1oles erigieron 52 monumentos en sus antiguas colonias, ahora reconocidos por la UNESCO como aut\u00e9nticas joyas del patrimonio mundial. Pero la historia no se detiene all\u00ed; en la actual Espa\u00f1a, encontramos otros 41 sitios que han resistido la prueba del tiempo, dotando al pa\u00eds de una riqueza cultural incomparable. En un contraste asombroso, ninguna excolonia de imperios tan destacados como el Brit\u00e1nico, Franc\u00e9s u Holand\u00e9s ha logrado inscribir un solo sitio como Patrimonio de la Humanidad, destacando a\u00fan m\u00e1s la singularidad del legado espa\u00f1ol. Este no es simplemente un recuento de monumentos; es un viaje a trav\u00e9s del arte, la educaci\u00f3n y un esp\u00edritu integrador que ha trascendido las fronteras y perdura en la identidad global. La comparaci\u00f3n entre imperios revela la superioridad cultural de Espa\u00f1a, desafiando la percepci\u00f3n contempor\u00e1nea que suele destacar la influencia del Imperio Brit\u00e1nico. Es hora de redefinir la narrativa hist\u00f3rica y reconocer el papel fundamental que Espa\u00f1a desempe\u00f1\u00f3 en la construcci\u00f3n del patrimonio mundial. \u00danete a nosotros en este emocionante episodio que te har\u00e1 cuestionar lo que cre\u00edas saber sobre la historia y celebrar el legado espa\u00f1ol que ha resistido al olvido. \u00a1Bienvenidos a un viaje que cambiar\u00e1 tu perspectiva sobre el pasado y el presente!<\/p> <a target=\"_blank\" title=\"\u266c sonido original - Los Enigmas del Tiempo - Los Enigmas del Tiempo\" href=\"https:\/\/www.tiktok.com\/music\/sonido-original-Los-Enigmas-del-Tiempo-7300532339561089825?refer=embed\" rel=\"noopener\">\u266c sonido original &#8211; Los Enigmas del Tiempo &#8211; Los Enigmas del Tiempo<\/a> <\/section> <\/blockquote> <script async src=\"https:\/\/www.tiktok.com\/embed.js\"><\/script>\n<\/div><\/figure>\n<\/div>\n\n\n\n<div class=\"wp-block-column is-layout-flow wp-block-column-is-layout-flow\">\n<p>La <strong>Lista Patrimonio de la Humanidad<\/strong> naci\u00f3 en el 1972 en la <strong>XVII reuni\u00f3n<\/strong> celebrada en Par\u00eds en la <strong>Conferencia General de la <em>UNESCO<\/em><\/strong>. All\u00ed, se creo la <strong><em>Convenci\u00f3n sobre la Protecci\u00f3n del Patrimonio Mundial Cultural y Natural<\/em><\/strong>, un texto para <strong>proteger<\/strong> los sitios naturales, urbanos y culturales de mayor importancia para la herencia de la humanidad. <\/p>\n\n\n\n<p>La lista contiene un total de <strong>1199 sitios<\/strong> distribuidos en<strong> 168 pa\u00edses del mundo<\/strong>. Espa\u00f1a es el <strong>quinto pa\u00eds <\/strong>catalogado en esta lista con <strong>medio centenar <\/strong>de lugares reconocidos por detr\u00e1s de Italia, China, Francia y Alemania.<\/p>\n\n\n\n<p><strong>Espa\u00f1a<\/strong> desde 1984 posee una inmensidad de patrimonio, por ello la<strong> UNESCO<\/strong> decidi\u00f3 crear <strong>la lista de <em>50 bienes patrimonio de  la humanidad en Espa\u00f1a. <\/em><\/strong>De entre esos 50 bienes, <strong>quince<\/strong> son <strong>ciudades<\/strong> y el resto engloba <strong>edificios notables<\/strong> o <strong>paisajes<\/strong> \u00fanicos.<\/p>\n\n\n\n<p>Algunos de esos 50 bienes culturales son los siguientes:<\/p>\n<\/div>\n<\/div>\n\n\n\n<h2 class=\"wp-block-heading\">C\u00f3rdoba<\/h2>\n\n\n\n<figure class=\"wp-block-image size-large is-resized\"><img fetchpriority=\"high\" decoding=\"async\" width=\"1024\" height=\"576\" src=\"https:\/\/cineytele.com\/play\/wp-content\/uploads\/2024\/04\/16-20_Puente_Romano_y_Mezquita_de_Cordoba_Cordoba-1024x576.jpeg\" alt=\"\" class=\"wp-image-33391\" style=\"width:658px;height:auto\" srcset=\"https:\/\/cineytele.com\/play\/wp-content\/uploads\/2024\/04\/16-20_Puente_Romano_y_Mezquita_de_Cordoba_Cordoba-1024x576.jpeg 1024w, https:\/\/cineytele.com\/play\/wp-content\/uploads\/2024\/04\/16-20_Puente_Romano_y_Mezquita_de_Cordoba_Cordoba-300x169.jpeg 300w, https:\/\/cineytele.com\/play\/wp-content\/uploads\/2024\/04\/16-20_Puente_Romano_y_Mezquita_de_Cordoba_Cordoba-768x432.jpeg 768w, https:\/\/cineytele.com\/play\/wp-content\/uploads\/2024\/04\/16-20_Puente_Romano_y_Mezquita_de_Cordoba_Cordoba-1536x864.jpeg 1536w, https:\/\/cineytele.com\/play\/wp-content\/uploads\/2024\/04\/16-20_Puente_Romano_y_Mezquita_de_Cordoba_Cordoba.jpeg 1920w\" sizes=\"(max-width: 1024px) 100vw, 1024px\" \/><figcaption class=\"wp-element-caption\">Puente romano de C\u00f3rdoba<\/figcaption><\/figure>\n\n\n\n<p>Situada entre una de las <strong>ciudades m\u00e1s antiguas de Europa<\/strong>. Fue fundada por los <strong>romanos<\/strong> a mediados del siglo II a. C pero vivi\u00f3 su <strong>m\u00e1ximo apogeo hist\u00f3rico<\/strong> durante el per\u00edodo<strong> andalus\u00ed <\/strong>donde, se convirti\u00f3 en una de las <strong>ciudades m\u00e1s espl\u00e9ndidas de Occidente <\/strong>gracias a sus mezquitas, mercados y viviendas. <br>De aqu\u00ed, podemos destacar la magn\u00edfica conservaci\u00f3n del <strong>centro hist\u00f3rico de C\u00f3rdoba<\/strong>, donde se pueden encontrar restos de esas mezquitas, palacios y edificios p\u00fablicos incluidos en esta lista de la <strong><em>UNESCO<\/em><\/strong>. Hasta entonces, tan s\u00f3lo la <strong>mezquita-catedral <\/strong>formaba parte de esta lista.<\/p>\n\n\n\n<h2 class=\"wp-block-heading\">Toledo<\/h2>\n\n\n\n<figure class=\"wp-block-image size-large is-resized\"><img decoding=\"async\" width=\"1024\" height=\"606\" src=\"https:\/\/cineytele.com\/play\/wp-content\/uploads\/2024\/04\/203-1024x606.jpeg\" alt=\"\" class=\"wp-image-33392\" style=\"width:662px;height:auto\" srcset=\"https:\/\/cineytele.com\/play\/wp-content\/uploads\/2024\/04\/203-1024x606.jpeg 1024w, https:\/\/cineytele.com\/play\/wp-content\/uploads\/2024\/04\/203-300x178.jpeg 300w, https:\/\/cineytele.com\/play\/wp-content\/uploads\/2024\/04\/203-768x454.jpeg 768w, https:\/\/cineytele.com\/play\/wp-content\/uploads\/2024\/04\/203.jpeg 1200w\" sizes=\"(max-width: 1024px) 100vw, 1024px\" \/><figcaption class=\"wp-element-caption\">Vista general de la ciudad de Toledo <\/figcaption><\/figure>\n\n\n\n<p>Tras una suma de siglos de historia donde <strong>coexistieron<\/strong> las culturas <strong>jud\u00eda, cristiana y musulmana<\/strong>, se ha podido contemplar su resultado a trav\u00e9s de los distintos <strong>estilos arquitect\u00f3nicos<\/strong> presentes en toda la ciudad. El<strong> coraz\u00f3n hist\u00f3rico de Toledo<\/strong> esta plagado de un ambiente perfecto donde se puede llegar pasando por maravilloso <strong>paseo por la Avenida de la Reconquista<\/strong>. Destacar, la posesi\u00f3n del <strong>cuadro de El Greco <em>El entierro del conde de Orgaz<\/em><\/strong> en la <strong>Iglesia de Santo Tom\u00e9 de Toledo<\/strong>.<\/p>\n\n\n\n<h2 class=\"wp-block-heading\">C\u00e1ceres <\/h2>\n\n\n\n<figure class=\"wp-block-image size-large is-resized\"><img decoding=\"async\" width=\"1024\" height=\"512\" src=\"https:\/\/cineytele.com\/play\/wp-content\/uploads\/2024\/04\/1920px-Parte_antigua_de_Caceres_Extremadura_Espana-wiki-1-1024x512.jpeg\" alt=\"\" class=\"wp-image-33393\" style=\"width:722px;height:auto\" srcset=\"https:\/\/cineytele.com\/play\/wp-content\/uploads\/2024\/04\/1920px-Parte_antigua_de_Caceres_Extremadura_Espana-wiki-1-1024x512.jpeg 1024w, https:\/\/cineytele.com\/play\/wp-content\/uploads\/2024\/04\/1920px-Parte_antigua_de_Caceres_Extremadura_Espana-wiki-1-300x150.jpeg 300w, https:\/\/cineytele.com\/play\/wp-content\/uploads\/2024\/04\/1920px-Parte_antigua_de_Caceres_Extremadura_Espana-wiki-1-768x384.jpeg 768w, https:\/\/cineytele.com\/play\/wp-content\/uploads\/2024\/04\/1920px-Parte_antigua_de_Caceres_Extremadura_Espana-wiki-1-1536x768.jpeg 1536w, https:\/\/cineytele.com\/play\/wp-content\/uploads\/2024\/04\/1920px-Parte_antigua_de_Caceres_Extremadura_Espana-wiki-1.jpeg 1920w\" sizes=\"(max-width: 1024px) 100vw, 1024px\" \/><figcaption class=\"wp-element-caption\">Ciudad vieja de C\u00e1ceres<\/figcaption><\/figure>\n\n\n\n<p>Los romanos, visigodos, jud\u00edos, musulmanes y cristianos dejaron su<strong> huella<\/strong> en la <strong>ciudad vieja<\/strong> de C\u00e1ceres. Su arquitectura de gran belleza <strong>sumerge<\/strong> al viajero <strong>en otra \u00e9poca<\/strong>. Los muros y las fachadas poseen <strong>inscripciones en lat\u00edn<\/strong>. Se <strong>rod\u00f3 escenas<\/strong> de series tan conocidas como <strong><em>Juego de Tronos<\/em><\/strong> o <em><strong>La Catedral del Mar<\/strong><\/em>.<\/p>\n\n\n\n<h2 class=\"wp-block-heading\">Santiago de Compostela <\/h2>\n\n\n\n<figure class=\"wp-block-image size-full is-resized\"><img loading=\"lazy\" decoding=\"async\" width=\"500\" height=\"383\" src=\"https:\/\/cineytele.com\/play\/wp-content\/uploads\/2024\/04\/1320181868_5349803lg.jpeg\" alt=\"\" class=\"wp-image-33394\" style=\"width:661px;height:auto\" srcset=\"https:\/\/cineytele.com\/play\/wp-content\/uploads\/2024\/04\/1320181868_5349803lg.jpeg 500w, https:\/\/cineytele.com\/play\/wp-content\/uploads\/2024\/04\/1320181868_5349803lg-300x230.jpeg 300w\" sizes=\"(max-width: 500px) 100vw, 500px\" \/><figcaption class=\"wp-element-caption\">Plaza del Obradoiro en Santiago de Compostela<\/figcaption><\/figure>\n\n\n\n<p>Conocida por su<strong> leyenda <\/strong>sobre un pastor, <strong>Ap\u00f3stol Santiago<\/strong>, que encontr\u00f3 un extra\u00f1o sepulcro que se convirti\u00f3 en uno de los <strong>lugares<\/strong> m\u00e1s importantes de la <strong>peregrinaci\u00f3n del cristianismo<\/strong>, conocido hoy en d\u00eda como el <strong>Camino de Santiago<\/strong>. Destacar, la <strong>Plaza del Obradoiro<\/strong> que tiene una de las <strong>catedrales<\/strong> m\u00e1s visitadas del mundo y el <strong>Parque de la Alameda<\/strong> que posee un conjunto de fabulosos palacios, monasterios, templos y plazas.<\/p>\n\n\n\n<h2 class=\"wp-block-heading\">Salamanca <\/h2>\n\n\n\n<figure class=\"wp-block-image size-large is-resized\"><img loading=\"lazy\" decoding=\"async\" width=\"1024\" height=\"684\" src=\"https:\/\/cineytele.com\/play\/wp-content\/uploads\/2024\/04\/3a16e371-7b03-4082-9a68-9265d5e7c65f_source-aspect-ratio_default_0-1024x684.jpeg\" alt=\"\" class=\"wp-image-33395\" style=\"width:707px;height:auto\" srcset=\"https:\/\/cineytele.com\/play\/wp-content\/uploads\/2024\/04\/3a16e371-7b03-4082-9a68-9265d5e7c65f_source-aspect-ratio_default_0-1024x684.jpeg 1024w, https:\/\/cineytele.com\/play\/wp-content\/uploads\/2024\/04\/3a16e371-7b03-4082-9a68-9265d5e7c65f_source-aspect-ratio_default_0-300x200.jpeg 300w, https:\/\/cineytele.com\/play\/wp-content\/uploads\/2024\/04\/3a16e371-7b03-4082-9a68-9265d5e7c65f_source-aspect-ratio_default_0-768x513.jpeg 768w, https:\/\/cineytele.com\/play\/wp-content\/uploads\/2024\/04\/3a16e371-7b03-4082-9a68-9265d5e7c65f_source-aspect-ratio_default_0-1536x1025.jpeg 1536w, https:\/\/cineytele.com\/play\/wp-content\/uploads\/2024\/04\/3a16e371-7b03-4082-9a68-9265d5e7c65f_source-aspect-ratio_default_0.jpeg 2000w\" sizes=\"(max-width: 1024px) 100vw, 1024px\" \/><figcaption class=\"wp-element-caption\">Universidad de Salamanca <\/figcaption><\/figure>\n\n\n\n<p>Salamanca siempre ha sido uno de los <strong>centros de conocimiento y cultura<\/strong> de gran transcendencia universal. Posee una de las <strong>universidades<\/strong> m\u00e1s <strong>antiguas de Europa<\/strong>, como la Oxford, y es gracias a ella que se debe el <strong>ambiente<\/strong> animado de la ciudad. Algunos de los personajes de la literatura cl\u00e1sica espa\u00f1ola, <strong>Calisto y Melibea, Lazarillo de Tormes<\/strong>, han dejado su rastro en la ciudad. Adem\u00e1s, en su <strong>centro hist\u00f3rico<\/strong> est\u00e1n los mejores ejemplos de la arquitectura salamantina: <strong>la catedral, la Casa de las Conchas, la Universidad y la Plaza Mayor<\/strong>.<\/p>\n\n\n\n<h2 class=\"wp-block-heading\">Tarragona<\/h2>\n\n\n\n<figure class=\"wp-block-image size-large is-resized\"><img loading=\"lazy\" decoding=\"async\" width=\"1024\" height=\"716\" src=\"https:\/\/cineytele.com\/play\/wp-content\/uploads\/2024\/04\/anfiteatrotarraco567-1024x716.jpeg\" alt=\"\" class=\"wp-image-33396\" style=\"width:668px;height:auto\" srcset=\"https:\/\/cineytele.com\/play\/wp-content\/uploads\/2024\/04\/anfiteatrotarraco567-1024x716.jpeg 1024w, https:\/\/cineytele.com\/play\/wp-content\/uploads\/2024\/04\/anfiteatrotarraco567-300x210.jpeg 300w, https:\/\/cineytele.com\/play\/wp-content\/uploads\/2024\/04\/anfiteatrotarraco567-768x537.jpeg 768w, https:\/\/cineytele.com\/play\/wp-content\/uploads\/2024\/04\/anfiteatrotarraco567-1536x1074.jpeg 1536w, https:\/\/cineytele.com\/play\/wp-content\/uploads\/2024\/04\/anfiteatrotarraco567.jpeg 2048w\" sizes=\"(max-width: 1024px) 100vw, 1024px\" \/><figcaption class=\"wp-element-caption\">Anfiteatro romano de Tarragona<\/figcaption><\/figure>\n\n\n\n<p>La capital de la <strong>Costa Daurada<\/strong>, se convirti\u00f3 en una de las <strong>ciudades m\u00e1s relevantes<\/strong> de la \u00e9poca romana. La antigua Tarraco, conserva su <strong>anfiteatro y acueducto<\/strong>. La <strong>cabecera del Circo, el Paseo Arqueol\u00f3gico de las murallas, la catedral y la antiguo juder\u00eda<\/strong> son algunos de los espacios m\u00e1s importantes de la ciudad que todo viajero debe visitar.<\/p>\n\n\n\n<p>La <strong>lista<\/strong> esta repleta de much\u00edsimos m\u00e1s ciudades y espacios de Espa\u00f1a que, aunque no hemos mencionado, son <strong>espectaculares<\/strong>. Te dejamos este <strong>enlace a la <a href=\"https:\/\/whc.unesco.org\/es\/list\/?iso=es&amp;search=\" target=\"_blank\" rel=\"noopener\">p\u00e1gina web de <em>UNESCO<\/em><\/a><\/strong> para que puedas <strong>saber m\u00e1s informaci\u00f3n<\/strong> de todos los<strong> bienes del Patrimonio de la Humanidad de Espa\u00f1a<\/strong>. <\/p>\n\n\n\n<p><\/p>\n\n\n\n<p><\/p>\n\n\n\n<p><\/p>\n","protected":false},"excerpt":{"rendered":"<p>Toda su riqueza cultural, as\u00ed como el conjunto urban\u00edstico, conforman un bien reconocido por la UNESCO. La Lista Patrimonio de la Humanidad naci\u00f3 en el 1972 en la XVII reuni\u00f3n celebrada en Par\u00eds en la Conferencia General de la UNESCO. All\u00ed, se creo la Convenci\u00f3n sobre la Protecci\u00f3n del Patrimonio Mundial Cultural y Natural, un [&hellip;]<\/p>\n","protected":false},"author":23,"featured_media":33408,"template":"","tags":[209,599,66,2084,6083,2085],"categoria-de-noticias":[57],"class_list":["post-33388","noticias","type-noticias","status-publish","has-post-thumbnail","hentry","tag-cine","tag-espana","tag-estreno","tag-patrimonio-de-la-humanidad","tag-turismo-de-pantalla","tag-unesco","categoria-de-noticias-cineturismo"],"_links":{"self":[{"href":"https:\/\/cineytele.com\/play\/wp-json\/wp\/v2\/noticias\/33388","targetHints":{"allow":["GET"]}}],"collection":[{"href":"https:\/\/cineytele.com\/play\/wp-json\/wp\/v2\/noticias"}],"about":[{"href":"https:\/\/cineytele.com\/play\/wp-json\/wp\/v2\/types\/noticias"}],"author":[{"embeddable":true,"href":"https:\/\/cineytele.com\/play\/wp-json\/wp\/v2\/users\/23"}],"wp:featuredmedia":[{"embeddable":true,"href":"https:\/\/cineytele.com\/play\/wp-json\/wp\/v2\/media\/33408"}],"wp:attachment":[{"href":"https:\/\/cineytele.com\/play\/wp-json\/wp\/v2\/media?parent=33388"}],"wp:term":[{"taxonomy":"post_tag","embeddable":true,"href":"https:\/\/cineytele.com\/play\/wp-json\/wp\/v2\/tags?post=33388"},{"taxonomy":"categoria-de-noticias","embeddable":true,"href":"https:\/\/cineytele.com\/play\/wp-json\/wp\/v2\/categoria-de-noticias?post=33388"}],"curies":[{"name":"wp","href":"https:\/\/api.w.org\/{rel}","templated":true}]}}