{"id":33994,"date":"2024-05-29T13:08:29","date_gmt":"2024-05-29T11:08:29","guid":{"rendered":"https:\/\/cineytele.com\/play\/?post_type=noticias&#038;p=33994"},"modified":"2024-06-04T14:59:08","modified_gmt":"2024-06-04T12:59:08","slug":"la-historia-detras-de-la-famosa-foto-se-arnold-schwarzenegger","status":"publish","type":"noticias","link":"https:\/\/cineytele.com\/play\/noticias\/la-historia-detras-de-la-famosa-foto-se-arnold-schwarzenegger\/","title":{"rendered":"La historia detr\u00e1s de la famosa foto de Arnold Schwarzenegger"},"content":{"rendered":"\n<p><strong>La historia de la imagen del 2016 en la que le negaron al actor a hospedarse en un hotel y que durmi\u00f3 delante de su estatua, es falsa.<\/strong><\/p>\n\n\n\n<figure class=\"wp-block-image size-full\"><img fetchpriority=\"high\" decoding=\"async\" width=\"870\" height=\"486\" src=\"https:\/\/cineytele.com\/play\/wp-content\/uploads\/2024\/05\/Diseno-sin-titulo-28.png\" alt=\"\" class=\"wp-image-33997\" srcset=\"https:\/\/cineytele.com\/play\/wp-content\/uploads\/2024\/05\/Diseno-sin-titulo-28.png 870w, https:\/\/cineytele.com\/play\/wp-content\/uploads\/2024\/05\/Diseno-sin-titulo-28-300x168.png 300w, https:\/\/cineytele.com\/play\/wp-content\/uploads\/2024\/05\/Diseno-sin-titulo-28-768x429.png 768w\" sizes=\"(max-width: 870px) 100vw, 870px\" \/><figcaption class=\"wp-element-caption\">Imagen de <strong>Arnold Schwarzenegger<\/strong> <strong>durmiendo en la calle<\/strong> frente a una <strong>escultura de bronce dedicada a \u00e9l<\/strong>.<\/figcaption><\/figure>\n\n\n\n<p>El 25 de marzo de se hizo<strong> viral <\/strong>una publicaci\u00f3n en X, la antigua Twitter, que public\u00f3 el actor y exfisicoculturista <strong>Arnold Schwarzenegger<\/strong> en la que sale <strong>durmiendo en la calle<\/strong>, frente a una <strong>escultura de bronce dedicada a \u00e9l.<\/strong> Junto a la imagen, el actor escribi\u00f3 un <strong>\u00abcomo han cambiado los tiempos\u00bb<\/strong>. De ah\u00ed, se comenz\u00f3 a crear una <strong>historia <\/strong>alrededor de ella. Seg\u00fan dec\u00edan, la raz\u00f3n por la que escribi\u00f3 esta frase no solo fue porque era viejo, sino tambi\u00e9n porque cuando era <strong>gobernador de California inaugur\u00f3<\/strong> un hotel con esa estatua y el administrador se <strong>neg\u00f3<\/strong> a darle una habitaci\u00f3n argumentando que deber\u00eda <strong>pagar<\/strong>, ya que el hotel estaba casi lleno. Asimismo, la <strong>explicaci\u00f3n atribuida<\/strong> por el Schwarzenegger sobre la foto: \u201cCuando estaba en una posici\u00f3n importante, siempre me felicitaban, y cuando perd\u00ed esta posici\u00f3n, se <strong>olvidaron de m\u00ed<\/strong> y no <strong>cumplieron su promesa<\/strong>. No conf\u00edes en tu posici\u00f3n, ni en la cantidad de dinero que tienes, ni tu poder, ni tu inteligencia, eso no durar\u00e1\u201c.<\/p>\n\n\n\n<p>Con el tiempo se <strong>habl\u00f3 mucho m\u00e1s de la imagen <\/strong>hasta que se confirm\u00f3 que esta <strong>historia era falsa<\/strong>. El encargado de difundir esta falsa informaci\u00f3n fue un <strong>usuario de Facebook<\/strong>, cuyo objetivo de ser conocido en las redes sociales se hizo realidad. <\/p>\n\n\n\n<p>La <strong>imagen<\/strong> es <strong>real<\/strong>, al igual que la <strong>fecha<\/strong> en la que se public\u00f3 y la<strong> descripci\u00f3n<\/strong> de la misma (\u00abcomo han cambiado los tiempos\u00bb) escrita por el propio <strong>Schwarzenegger<\/strong>. Sin embargo, la <strong>estatua<\/strong> no se encuentra en los exteriores de un hotel sino en el <em><strong>Greater Columbus Converntion Center<\/strong><\/em>, en la ciudad de Columbus, <strong>Ohio<\/strong>, Estados Unidos. Originalmente se instal\u00f3 en el <strong>2012<\/strong> fuera del <strong>auditorio del <em>National Veterans Memorial and Museum<\/em><\/strong>, la sede de la competencia Mr. Word de 1970, donde Schwarzenegger <strong>derrot\u00f3 <\/strong>al actual campe\u00f3n mundial Sergio Oliva, m\u00e1s adelante en el <strong>2014<\/strong> fue <strong>reubicado y re-dedicada <\/strong>en el lugar en el que actualmente se encuentra, mencionado anteriormente, que es el hogar del <strong>Festival Deportivo Arnold<\/strong>. <\/p>\n\n\n\n<p>En cuanto a la descripci\u00f3n de la foto, se dice que se <strong>burl\u00f3 un poco de s\u00ed mismo<\/strong> y la difundi\u00f3 a modo de <strong>broma<\/strong>. De hecho, la foto fue tomada cuando se encontraba en Ohio <strong>filmando la pel\u00edcula <em>478<\/em><\/strong> basada en una <strong>historia real <\/strong>sobre un <strong>accidente a\u00e9reo en el 2002<\/strong>. <\/p>\n\n\n\n<p>Definitivamente, esta imagen se convirti\u00f3 en un <strong>an\u00e9cdota<\/strong> m\u00e1s pero sobre todo en una <strong>reflexi\u00f3n <\/strong>de c\u00f3mo la gente declara <strong>supuestas declaraciones<\/strong> sobre personas famosas. <\/p>\n\n\n\n<p><\/p>\n\n\n\n<p><\/p>\n\n\n\n<p><\/p>\n\n\n\n<p><\/p>\n\n\n\n<p><\/p>\n\n\n\n<p><\/p>\n","protected":false},"excerpt":{"rendered":"<p>La historia de la imagen del 2016 en la que le negaron al actor a hospedarse en un hotel y que durmi\u00f3 delante de su estatua, es falsa. El 25 de marzo de se hizo viral una publicaci\u00f3n en X, la antigua Twitter, que public\u00f3 el actor y exfisicoculturista Arnold Schwarzenegger en la que sale [&hellip;]<\/p>\n","protected":false},"author":23,"featured_media":34092,"template":"","tags":[6503,209,66,6505,1852,6504],"categoria-de-noticias":[],"class_list":["post-33994","noticias","type-noticias","status-publish","has-post-thumbnail","hentry","tag-arnold-schwarzenegger","tag-cine","tag-estreno","tag-rede-sociales","tag-terminator","tag-twitter"],"_links":{"self":[{"href":"https:\/\/cineytele.com\/play\/wp-json\/wp\/v2\/noticias\/33994","targetHints":{"allow":["GET"]}}],"collection":[{"href":"https:\/\/cineytele.com\/play\/wp-json\/wp\/v2\/noticias"}],"about":[{"href":"https:\/\/cineytele.com\/play\/wp-json\/wp\/v2\/types\/noticias"}],"author":[{"embeddable":true,"href":"https:\/\/cineytele.com\/play\/wp-json\/wp\/v2\/users\/23"}],"wp:featuredmedia":[{"embeddable":true,"href":"https:\/\/cineytele.com\/play\/wp-json\/wp\/v2\/media\/34092"}],"wp:attachment":[{"href":"https:\/\/cineytele.com\/play\/wp-json\/wp\/v2\/media?parent=33994"}],"wp:term":[{"taxonomy":"post_tag","embeddable":true,"href":"https:\/\/cineytele.com\/play\/wp-json\/wp\/v2\/tags?post=33994"},{"taxonomy":"categoria-de-noticias","embeddable":true,"href":"https:\/\/cineytele.com\/play\/wp-json\/wp\/v2\/categoria-de-noticias?post=33994"}],"curies":[{"name":"wp","href":"https:\/\/api.w.org\/{rel}","templated":true}]}}