{"id":34811,"date":"2024-07-04T13:09:54","date_gmt":"2024-07-04T11:09:54","guid":{"rendered":"https:\/\/cineytele.com\/play\/?post_type=noticias&#038;p=34811"},"modified":"2024-07-05T14:29:34","modified_gmt":"2024-07-05T12:29:34","slug":"el-palacio-de-cristal-testimonio-cinematografico","status":"publish","type":"noticias","link":"https:\/\/cineytele.com\/play\/noticias\/el-palacio-de-cristal-testimonio-cinematografico\/","title":{"rendered":"El Palacio de Cristal: Un Testimonio Cinematogr\u00e1fico"},"content":{"rendered":"\n<h3 class=\"wp-block-heading\">El Palacio de Cristal, un monumento arquitect\u00f3nico forjado sobre hierro y cristal ubicado en el coraz\u00f3n del Parque de El Retiro, en Madrid, ha cautivado a numerosos cineastas por su fotogenia y romanticismo.<\/h3>\n\n\n\n<figure class=\"wp-block-image size-full\"><img fetchpriority=\"high\" decoding=\"async\" width=\"1200\" height=\"675\" src=\"https:\/\/cineytele.com\/play\/wp-content\/uploads\/2024\/07\/61d4781dc9f41.jpeg\" alt=\"\" class=\"wp-image-34815\" srcset=\"https:\/\/cineytele.com\/play\/wp-content\/uploads\/2024\/07\/61d4781dc9f41.jpeg 1200w, https:\/\/cineytele.com\/play\/wp-content\/uploads\/2024\/07\/61d4781dc9f41-300x169.jpeg 300w, https:\/\/cineytele.com\/play\/wp-content\/uploads\/2024\/07\/61d4781dc9f41-1024x576.jpeg 1024w, https:\/\/cineytele.com\/play\/wp-content\/uploads\/2024\/07\/61d4781dc9f41-768x432.jpeg 768w\" sizes=\"(max-width: 1200px) 100vw, 1200px\" \/><\/figure>\n\n\n\n<p>El <strong>Palacio de Cristal<\/strong>, un monumento arquitect\u00f3nico forjado sobre hierro y cristal ubicado en el coraz\u00f3n del <strong>Parque de El Retiro<\/strong>, es conocido por ser uno de los escenarios m\u00e1s fotog\u00e9nicos y rom\u00e1nticos de Madrid, capaz de cautivar a cineastas de todo el mundo, y convirti\u00e9ndose en un lugar recurrente para el rodaje de numerosas pel\u00edculas y series. Se construy\u00f3 bajo la premisa de conformar un gran invernadero para albergar plantas tropicales con motivo de la <strong>Exposici\u00f3n de Flora de las Islas Filipinas, celebrada en 1887<\/strong> y actualmente es una de las sedes del <strong>Museo Reina Sof\u00eda<\/strong>, que acoge varias exposiciones temporales. <\/p>\n\n\n\n<div class=\"wp-block-columns is-layout-flex wp-container-core-columns-is-layout-28f84493 wp-block-columns-is-layout-flex\">\n<div class=\"wp-block-column is-layout-flow wp-block-column-is-layout-flow\">\n<p>Construido en 1887 por el arquitecto <strong>Ricardo Vel\u00e1zquez Bosco<\/strong>, el Palacio de Cristal cuenta con una decoraci\u00f3n cer\u00e1mica en peque\u00f1os frisos y remates realizada por <strong>Daniel Zuloaga<\/strong> y est\u00e1 inspirado en el <strong>Crystal Palace de Hyde Park (Londres)<\/strong>, obra de <strong>Joseph Paxton en 1851<\/strong>. En 1975, se realiz\u00f3 una reparaci\u00f3n integral que le devolvi\u00f3 su aspecto original. A sus pies se encuentra un <strong>lago artificial<\/strong> (existe una escalera que se sumerge dentro de \u00e9l), en el que se pueden encontrar varios ejemplares de cipr\u00e9s de los pantanos (Taxodium distichum), cuya principal caracter\u00edstica es que parte de su tronco y de sus ra\u00edces est\u00e1n bajo el agua.<\/p>\n<\/div>\n\n\n\n<div class=\"wp-block-column is-layout-flow wp-block-column-is-layout-flow\">\n<figure class=\"wp-block-image aligncenter size-large is-resized\"><img decoding=\"async\" width=\"745\" height=\"1024\" src=\"https:\/\/cineytele.com\/play\/wp-content\/uploads\/2024\/07\/PalacioCristal_DSC_4321-1.jpg-745x1024.webp\" alt=\"Palacio de Cristal \n\" class=\"wp-image-34816\" style=\"width:310px;height:auto\" srcset=\"https:\/\/cineytele.com\/play\/wp-content\/uploads\/2024\/07\/PalacioCristal_DSC_4321-1.jpg-745x1024.webp 745w, https:\/\/cineytele.com\/play\/wp-content\/uploads\/2024\/07\/PalacioCristal_DSC_4321-1.jpg-218x300.webp 218w, https:\/\/cineytele.com\/play\/wp-content\/uploads\/2024\/07\/PalacioCristal_DSC_4321-1.jpg-768x1056.webp 768w, https:\/\/cineytele.com\/play\/wp-content\/uploads\/2024\/07\/PalacioCristal_DSC_4321-1.jpg.webp 909w\" sizes=\"(max-width: 745px) 100vw, 745px\" \/><\/figure>\n<\/div>\n<\/div>\n\n\n\n<p>Este magn\u00edfico lugar ha sido el tel\u00f3n de fondo de algunas obras del s\u00e9ptimo arte. Entre los directores que han encontrado inspiraci\u00f3n en su atm\u00f3sfera rom\u00e1ntica se encuentran:<\/p>\n\n\n\n<p><strong>Fernando Fern\u00e1n G\u00f3mez<\/strong>, quien utiliz\u00f3 el palacio para su obra <strong>\u00abSolo para hombres\u00bb<\/strong> (1960).<\/p>\n\n\n\n<p><strong>Pedro Olea<\/strong>, que lo integr\u00f3 en <strong>\u00abTormento\u00bb<\/strong> (1974).<\/p>\n\n\n\n<p><strong>Vicente Aranda<\/strong>, con su aclamada pel\u00edcula <strong>\u00abAmantes\u00bb<\/strong> (1991).<\/p>\n\n\n\n<p><strong>Carlos Saura<\/strong>, que encontr\u00f3 en el Palacio de Cristal el escenario perfecto para <strong>\u00abTaxi\u00bb<\/strong> (1996).<\/p>\n\n\n\n<p><strong>Jos\u00e9 Luis Garci<\/strong>, que eligi\u00f3 este ic\u00f3nico lugar para <strong>\u00abHistoria de un beso\u00bb<\/strong> (2002).<\/p>\n\n\n\n<p>M\u00e1s recientemente, el Palacio de Cristal ha vuelto a ser protagonista en la televisi\u00f3n, sirviendo de escenario para series  como <strong>\u00abValeria\u00bb<\/strong> o <strong>\u00abEl tiempo entre costuras\u00bb<\/strong>, y m\u00e1s notablemente en las producciones de los <strong>Javis<\/strong>: <strong>\u00abReina Roja\u00bb<\/strong> y <strong>\u00abVestidas de azul\u00bb<\/strong>. <\/p>\n\n\n\n<p><\/p>\n\n\n\n<div class=\"wp-block-columns is-layout-flex wp-container-core-columns-is-layout-28f84493 wp-block-columns-is-layout-flex\">\n<div class=\"wp-block-column is-layout-flow wp-block-column-is-layout-flow\">\n<p style=\"font-size:16px\"><strong>Ricardo Vel\u00e1zquez Bosco<\/strong>, nacido en Burgos el 21 de marzo de <strong>1843<\/strong>, es uno de los arquitectos m\u00e1s destacados de la Espa\u00f1a de finales del siglo XIX y principios del XX. Conocido como el padre del llamado <strong>eclecticismo enf\u00e1tico<\/strong>, su estilo distintivo ha dejado una huella indeleble en algunos de los edificios m\u00e1s bellos y emblem\u00e1ticos de <strong>Madrid<\/strong>.<\/p>\n\n\n\n<p style=\"font-size:16px\">Vel\u00e1zquez Bosco no solo se destac\u00f3 por sus propias creaciones, sino que tambi\u00e9n influy\u00f3 significativamente en la obra de otros grandes arquitectos. Fue profesor de <strong>Antonio Palacios<\/strong>, otro ilustre arquitecto de la \u00e9poca, en la <strong>Escuela de Arquitectura de Madrid<\/strong>. Como director de esta instituci\u00f3n hasta su jubilaci\u00f3n, Vel\u00e1zquez Bosco dej\u00f3 su marca en la formaci\u00f3n de muchos profesionales que contribuyeron al patrimonio arquitect\u00f3nico de la capital.<\/p>\n<\/div>\n\n\n\n<div class=\"wp-block-column is-layout-flow wp-block-column-is-layout-flow\">\n<figure class=\"wp-block-image aligncenter size-full is-resized\"><img decoding=\"async\" width=\"566\" height=\"873\" src=\"https:\/\/cineytele.com\/play\/wp-content\/uploads\/2024\/07\/027_ricardo_velazquez_bosco.jpg\" alt=\"\" class=\"wp-image-34825\" style=\"width:368px;height:auto\" srcset=\"https:\/\/cineytele.com\/play\/wp-content\/uploads\/2024\/07\/027_ricardo_velazquez_bosco.jpg 566w, https:\/\/cineytele.com\/play\/wp-content\/uploads\/2024\/07\/027_ricardo_velazquez_bosco-195x300.jpg 195w\" sizes=\"(max-width: 566px) 100vw, 566px\" \/><figcaption class=\"wp-element-caption\">Excmo. Sr. Don Ricardo Vel\u00e1zquez <\/figcaption><\/figure>\n<\/div>\n<\/div>\n\n\n\n<p style=\"font-size:16px\"><\/p>\n","protected":false},"excerpt":{"rendered":"<p>El Palacio de Cristal, un monumento arquitect\u00f3nico forjado sobre hierro y cristal ubicado en el coraz\u00f3n del Parque de El Retiro, en Madrid, ha cautivado a numerosos cineastas por su fotogenia y romanticismo. El Palacio de Cristal, un monumento arquitect\u00f3nico forjado sobre hierro y cristal ubicado en el coraz\u00f3n del Parque de El Retiro, es [&hellip;]<\/p>\n","protected":false},"author":23,"featured_media":34818,"template":"","tags":[],"categoria-de-noticias":[57],"class_list":["post-34811","noticias","type-noticias","status-publish","has-post-thumbnail","hentry","categoria-de-noticias-cineturismo"],"_links":{"self":[{"href":"https:\/\/cineytele.com\/play\/wp-json\/wp\/v2\/noticias\/34811","targetHints":{"allow":["GET"]}}],"collection":[{"href":"https:\/\/cineytele.com\/play\/wp-json\/wp\/v2\/noticias"}],"about":[{"href":"https:\/\/cineytele.com\/play\/wp-json\/wp\/v2\/types\/noticias"}],"author":[{"embeddable":true,"href":"https:\/\/cineytele.com\/play\/wp-json\/wp\/v2\/users\/23"}],"wp:featuredmedia":[{"embeddable":true,"href":"https:\/\/cineytele.com\/play\/wp-json\/wp\/v2\/media\/34818"}],"wp:attachment":[{"href":"https:\/\/cineytele.com\/play\/wp-json\/wp\/v2\/media?parent=34811"}],"wp:term":[{"taxonomy":"post_tag","embeddable":true,"href":"https:\/\/cineytele.com\/play\/wp-json\/wp\/v2\/tags?post=34811"},{"taxonomy":"categoria-de-noticias","embeddable":true,"href":"https:\/\/cineytele.com\/play\/wp-json\/wp\/v2\/categoria-de-noticias?post=34811"}],"curies":[{"name":"wp","href":"https:\/\/api.w.org\/{rel}","templated":true}]}}