{"id":35620,"date":"2024-08-09T14:27:37","date_gmt":"2024-08-09T12:27:37","guid":{"rendered":"https:\/\/cineytele.com\/play\/?post_type=noticias&#038;p=35620"},"modified":"2024-08-09T14:39:46","modified_gmt":"2024-08-09T12:39:46","slug":"the-walking-dead-daryl-dixon-espana","status":"publish","type":"noticias","link":"https:\/\/cineytele.com\/play\/noticias\/the-walking-dead-daryl-dixon-espana\/","title":{"rendered":"&#8216;The Walking Dead&#8217; aterriza en Espa\u00f1a: La 3\u00aa Temporada de &#8216;Daryl Dixon&#8217; se rodar\u00e1 en varias regiones del pa\u00eds"},"content":{"rendered":"\n<figure class=\"wp-block-embed is-type-video is-provider-youtube wp-block-embed-youtube wp-embed-aspect-16-9 wp-has-aspect-ratio\"><div class=\"wp-block-embed__wrapper\">\n<iframe title=\"The Walking Dead: Daryl Dixon - Tr\u00e1iler oficial | Amazon Prime\" width=\"800\" height=\"450\" src=\"https:\/\/www.youtube.com\/embed\/m5GhTqgWi1M?feature=oembed\" frameborder=\"0\" allow=\"accelerometer; autoplay; clipboard-write; encrypted-media; gyroscope; picture-in-picture; web-share\" referrerpolicy=\"strict-origin-when-cross-origin\" allowfullscreen><\/iframe>\n<\/div><\/figure>\n\n\n\n<p><strong>AMC ha anunciado que la tercera temporada de <em>The Walking Dead: Daryl Dixon<\/em>, el exitoso spin-off de la popular serie, se rodar\u00e1 en diversas localizaciones de Espa\u00f1a, incluyendo Galicia, Arag\u00f3n, Catalu\u00f1a y la Comunidad Valenciana. La producci\u00f3n, que tendr\u00e1 su base en Madrid, comenzar\u00e1 a filmarse este mismo mes de agosto.<\/strong><\/p>\n\n\n\n<p>El anuncio fue hecho durante el panel de la serie en la <strong>Comic Con de San Diego 2024,<\/strong> donde se confirm\u00f3 la renovaci\u00f3n por una tercera temporada antes del estreno de la segunda, que llegar\u00e1 a AMC Espa\u00f1a en alg\u00fan momento de octubre de 2024. La historia seguir\u00e1 centr\u00e1ndose en los ic\u00f3nicos personajes de <strong>Daryl Dixon<\/strong>, interpretado por <strong>Norman Reedus<\/strong>, y <strong>Carol Peletier<\/strong>, encarnada por <strong>Melissa McBride<\/strong>, mientras contin\u00faan su viaje de regreso a casa en una Europa infestada de zombis.<\/p>\n\n\n\n<p><strong>Dan McDermott<\/strong>, presidente de <strong>AMC Studios<\/strong>, expres\u00f3 su entusiasmo por la recepci\u00f3n del spin-off y la oportunidad de expandir el universo de <em><strong>The Walking Dead<\/strong><\/em> en nuevas ubicaciones: \u201cEstamos muy orgullosos de estas series e incre\u00edblemente agradecidos por la forma en que los fans han acogido este nuevo cap\u00edtulo del Universo de <em>The Walking Dead<\/em>. Enviar a Daryl, y luego a Carol, a Francia fue una decisi\u00f3n muy inspirada y visualmente impactante para esta franquicia. Estamos ansiosos por continuar los viajes de este d\u00fao ic\u00f3nico con una tercera temporada producida y ambientada en Espa\u00f1a, otro hermoso pa\u00eds con una base de fans de <em>TWD<\/em> muy apasionada\u00bb.<\/p>\n\n\n\n<p>Por su parte, <strong>Melissa McBride<\/strong> manifest\u00f3 su ilusi\u00f3n por el pr\u00f3ximo rodaje en Espa\u00f1a: \u00abEstoy convencida de que la narrativa de David Zabel est\u00e1 aprovechando al m\u00e1ximo toda la belleza y singularidad de Espa\u00f1a. Empezamos a rodar dentro de unas semanas \u00a1Qu\u00e9 emoci\u00f3n!\u201d.<\/p>\n\n\n\n<p>Con el estreno de la segunda temporada a la vuelta de la esquina y la promesa de una tercera entrega filmada en Espa\u00f1a, los aficionados de <em><strong>The Walking Dead<\/strong><\/em> pueden esperar m\u00e1s entretenimiento del universo apocal\u00edptico zombi que todav\u00eda sigue expandi\u00e9ndose.<\/p>\n","protected":false},"excerpt":{"rendered":"<p>AMC ha anunciado que la tercera temporada de The Walking Dead: Daryl Dixon, el exitoso spin-off de la popular serie, se rodar\u00e1 en diversas localizaciones de Espa\u00f1a, incluyendo Galicia, Arag\u00f3n, Catalu\u00f1a y la Comunidad Valenciana. La producci\u00f3n, que tendr\u00e1 su base en Madrid, comenzar\u00e1 a filmarse este mismo mes de agosto. El anuncio fue hecho [&hellip;]<\/p>\n","protected":false},"author":23,"featured_media":35623,"template":"","tags":[],"categoria-de-noticias":[20,57],"class_list":["post-35620","noticias","type-noticias","status-publish","has-post-thumbnail","hentry","categoria-de-noticias-cine","categoria-de-noticias-cineturismo"],"_links":{"self":[{"href":"https:\/\/cineytele.com\/play\/wp-json\/wp\/v2\/noticias\/35620","targetHints":{"allow":["GET"]}}],"collection":[{"href":"https:\/\/cineytele.com\/play\/wp-json\/wp\/v2\/noticias"}],"about":[{"href":"https:\/\/cineytele.com\/play\/wp-json\/wp\/v2\/types\/noticias"}],"author":[{"embeddable":true,"href":"https:\/\/cineytele.com\/play\/wp-json\/wp\/v2\/users\/23"}],"wp:featuredmedia":[{"embeddable":true,"href":"https:\/\/cineytele.com\/play\/wp-json\/wp\/v2\/media\/35623"}],"wp:attachment":[{"href":"https:\/\/cineytele.com\/play\/wp-json\/wp\/v2\/media?parent=35620"}],"wp:term":[{"taxonomy":"post_tag","embeddable":true,"href":"https:\/\/cineytele.com\/play\/wp-json\/wp\/v2\/tags?post=35620"},{"taxonomy":"categoria-de-noticias","embeddable":true,"href":"https:\/\/cineytele.com\/play\/wp-json\/wp\/v2\/categoria-de-noticias?post=35620"}],"curies":[{"name":"wp","href":"https:\/\/api.w.org\/{rel}","templated":true}]}}