{"id":36193,"date":"2024-09-03T17:56:10","date_gmt":"2024-09-03T15:56:10","guid":{"rendered":"https:\/\/cineytele.com\/play\/?post_type=noticias&#038;p=36193"},"modified":"2024-09-04T13:39:00","modified_gmt":"2024-09-04T11:39:00","slug":"amc-networks-international-festval","status":"publish","type":"noticias","link":"https:\/\/cineytele.com\/play\/noticias\/amc-networks-international-festval\/","title":{"rendered":"AMC Networks International Desvela sus Novedades en el FesTVal de Vitoria-Gasteiz"},"content":{"rendered":"\n<p><strong>AMC Networks International Southern Europe<\/strong> (AMCNISE) ha aprovechado el prestigioso <strong>FesTVal de Vitoria-Gasteiz<\/strong> para presentar un cat\u00e1logo repleto de emocionantes novedades para sus canales lineales y su <strong>plataforma de streaming AMC+<\/strong>. <\/p>\n\n\n\n<figure class=\"wp-block-image size-large\"><img fetchpriority=\"high\" decoding=\"async\" width=\"1024\" height=\"577\" src=\"https:\/\/cineytele.com\/play\/wp-content\/uploads\/2024\/09\/595888d8-a799-76b4-b6db-28bea82769dd-1024x577.jpg\" alt=\"\" class=\"wp-image-36195\" srcset=\"https:\/\/cineytele.com\/play\/wp-content\/uploads\/2024\/09\/595888d8-a799-76b4-b6db-28bea82769dd-1024x577.jpg 1024w, https:\/\/cineytele.com\/play\/wp-content\/uploads\/2024\/09\/595888d8-a799-76b4-b6db-28bea82769dd-300x169.jpg 300w, https:\/\/cineytele.com\/play\/wp-content\/uploads\/2024\/09\/595888d8-a799-76b4-b6db-28bea82769dd-768x433.jpg 768w, https:\/\/cineytele.com\/play\/wp-content\/uploads\/2024\/09\/595888d8-a799-76b4-b6db-28bea82769dd-1536x865.jpg 1536w, https:\/\/cineytele.com\/play\/wp-content\/uploads\/2024\/09\/595888d8-a799-76b4-b6db-28bea82769dd-2048x1153.jpg 2048w\" sizes=\"(max-width: 1024px) 100vw, 1024px\" \/><\/figure>\n\n\n\n<p><strong>Antonio Ruiz<\/strong>, director general de <strong><a href=\"https:\/\/www.amcnetworks.com\/amc-networks-international\/\" target=\"_blank\" rel=\"noopener\">AMC Networks International<\/a><\/strong> para el Sur de Europa, encabez\u00f3 la presentaci\u00f3n que tuvo lugar en el <strong>Palacio de Congresos Europa<\/strong>, donde se revelaron algunos de los estrenos m\u00e1s esperados de la temporada.<\/p>\n\n\n\n<p><strong>El Universo The Walking Dead se Expande en Espa\u00f1a<\/strong><\/p>\n\n\n\n<p>Uno de los anuncios m\u00e1s destacados fue la revelaci\u00f3n de la producci\u00f3n en Espa\u00f1a de la tercera temporada de <em><strong>The Walking Dead: Daryl Dixon<\/strong><\/em>, cuya segunda temporada llegar\u00e1 a <strong>AMC+<\/strong> el <strong>4 de octubre<\/strong>. Este proyecto no solo refuerza la presencia de <strong>AMC<\/strong> en el panorama internacional, sino que tambi\u00e9n subraya la creciente importancia de Espa\u00f1a como escenario de grandes producciones televisivas.<\/p>\n\n\n\n<p><strong>Apuesta por la Producci\u00f3n Local y Contenidos de Estilo de Vida<\/strong><\/p>\n\n\n\n<p><strong>AMC Networks<\/strong> contin\u00faa apostando fuerte por la producci\u00f3n local, con m\u00e1s de 200 horas de contenido nuevo y 30 formatos originales programados para 2024. Entre las novedades destacan dos producciones originales de <strong>Canal Cocina<\/strong> y <strong>Canal Decasa<\/strong>. <em><strong>Devu\u00e9lveme los t\u00e1pers<\/strong><\/em>, que se estrenar\u00e1 el <strong>1 de octubre<\/strong> en <strong>Canal Cocina<\/strong>, explorar\u00e1 las recetas familiares que se comparten a trav\u00e9s de los tradicionales t\u00e1peres. Por otro lado, <em>Minicasas sorprendentes<\/em> llevar\u00e1 a los espectadores a descubrir los hogares m\u00e1s peque\u00f1os e ingeniosos, destacando la creatividad y las habilidades de sus propietarios para maximizar el espacio, en exclusiva en Canal Decasa.<\/p>\n\n\n\n<p><strong>Documentales y Factual: De Egipto Antiguo a Cr\u00edmenes Reales<\/strong><\/p>\n\n\n\n<p>En el \u00e1mbito del documental, <strong>AMC CRIME<\/strong> presentar\u00e1 en noviembre <em>Las confesiones de <\/em><strong><em>Gypsy Rose<\/em> y <em>Gypsy Ros<\/em><\/strong><em><strong>e: despu\u00e9s de la c\u00e1rcel<\/strong><\/em>, dos series que profundizan en el perturbador caso de Gypsy Rose Blanchard. Canal <strong>HISTORIA<\/strong>, por su parte, ofrecer\u00e1 <em><strong>Rams\u00e9s, el grande<\/strong><\/em>, un documental que recrea el impresionante reinado de 67 a\u00f1os de Rams\u00e9s II en el Antiguo Egipto, con estreno previsto para el <strong>15 de octubre.<\/strong> <strong>Odisea<\/strong> tambi\u00e9n a\u00f1adir\u00e1 a su programaci\u00f3n<strong> <em>Planeta Tierra: Extinci\u00f3n<\/em><\/strong><em> programada<\/em>, una exploraci\u00f3n \u00e9pica de la historia de nuestro planeta que llegar\u00e1 el <strong>22 de septiembre<\/strong>.<\/p>\n\n\n\n<p><strong>Terror y Nordic Noir: Producciones de Alto Impacto<\/strong><\/p>\n\n\n\n<p>El g\u00e9nero de terror tambi\u00e9n tendr\u00e1 un espacio destacado con el estreno de la serie espa\u00f1ola <em><strong>Hay algo en el bosque<\/strong><\/em> en <strong>DARK<\/strong> el <strong>15 de octubre<\/strong>. Dirigida por <strong>Nicol\u00e1s Amelio-Ortiz<\/strong> y <strong>Gast\u00f3n Haag<\/strong>, la serie sigue a un grupo de desconocidos atrapados en un bosque lleno de peligros sobrenaturales. El reparto incluye a actores como <strong>Iv\u00e1n Massagu\u00e9, Angy Fern\u00e1ndez <\/strong>y<strong> Javier Botet<\/strong>, entre otros.<\/p>\n\n\n\n<p>Por \u00faltimo,<strong> SundanceTV<\/strong> reforzar\u00e1 su oferta con nuevas producciones europeas, incluyendo las series francesas <strong><em>Desaparecida en la Provenza<\/em>, <em>Respira<\/em>, <em>Las senderistas<\/em><\/strong>, y <strong><em>La peste<\/em><\/strong>. Adem\u00e1s, el aclamado <em><strong>The Killing<\/strong><\/em>, un ejemplo sobresaliente de <strong>nordic noir<\/strong>, tambi\u00e9n llegar\u00e1 a la parrilla, prometiendo captar a los amantes del misterio y el suspenso.<\/p>\n\n\n\n<p><strong>Acci\u00f3n y Adrenalina en XTRM<\/strong><\/p>\n\n\n\n<p>Para quienes buscan emociones fuertes,<strong> XTRM<\/strong> presentar\u00e1 <strong><em>Vigilantes<\/em> y <em>Sobrevivir al c\u00e1rtel<\/em><\/strong>, dos series cargadas de adrenalina que sumar\u00e1n acci\u00f3n a la oferta de <strong>AMC Networks<\/strong>.<\/p>\n\n\n\n<p class=\"has-text-align-right\"><a href=\"https:\/\/cineytele.com\/play\/\">&#8211;<\/a><\/p>\n","protected":false},"excerpt":{"rendered":"<p>AMC Networks International Southern Europe (AMCNISE) ha aprovechado el prestigioso FesTVal de Vitoria-Gasteiz para presentar un cat\u00e1logo repleto de emocionantes novedades para sus canales lineales y su plataforma de streaming AMC+. Antonio Ruiz, director general de AMC Networks International para el Sur de Europa, encabez\u00f3 la presentaci\u00f3n que tuvo lugar en el Palacio de Congresos [&hellip;]<\/p>\n","protected":false},"author":23,"featured_media":36194,"template":"","tags":[570,6782,2701,6777,1061,6776,6778,3328,6780,589,6779,1711,6781,5095],"categoria-de-noticias":[6652,20,21],"class_list":["post-36193","noticias","type-noticias","status-publish","has-post-thumbnail","hentry","tag-amc-crime","tag-amc-networks","tag-canal-cocina","tag-canal-decasa","tag-dark","tag-devuelveme-los-tapers","tag-gypsy-rose","tag-historia","tag-nordic-noir","tag-odisea","tag-planeta-tierra-extincion","tag-sundancetv","tag-the-killing","tag-xtrm","categoria-de-noticias-actualidad","categoria-de-noticias-cine","categoria-de-noticias-television-y-plataformas"],"_links":{"self":[{"href":"https:\/\/cineytele.com\/play\/wp-json\/wp\/v2\/noticias\/36193","targetHints":{"allow":["GET"]}}],"collection":[{"href":"https:\/\/cineytele.com\/play\/wp-json\/wp\/v2\/noticias"}],"about":[{"href":"https:\/\/cineytele.com\/play\/wp-json\/wp\/v2\/types\/noticias"}],"author":[{"embeddable":true,"href":"https:\/\/cineytele.com\/play\/wp-json\/wp\/v2\/users\/23"}],"wp:featuredmedia":[{"embeddable":true,"href":"https:\/\/cineytele.com\/play\/wp-json\/wp\/v2\/media\/36194"}],"wp:attachment":[{"href":"https:\/\/cineytele.com\/play\/wp-json\/wp\/v2\/media?parent=36193"}],"wp:term":[{"taxonomy":"post_tag","embeddable":true,"href":"https:\/\/cineytele.com\/play\/wp-json\/wp\/v2\/tags?post=36193"},{"taxonomy":"categoria-de-noticias","embeddable":true,"href":"https:\/\/cineytele.com\/play\/wp-json\/wp\/v2\/categoria-de-noticias?post=36193"}],"curies":[{"name":"wp","href":"https:\/\/api.w.org\/{rel}","templated":true}]}}