{"id":36210,"date":"2024-09-04T12:38:00","date_gmt":"2024-09-04T10:38:00","guid":{"rendered":"https:\/\/cineytele.com\/play\/?post_type=noticias&#038;p=36210"},"modified":"2024-09-04T12:39:21","modified_gmt":"2024-09-04T10:39:21","slug":"daryl-dixon-espana-actores","status":"publish","type":"noticias","link":"https:\/\/cineytele.com\/play\/noticias\/daryl-dixon-espana-actores\/","title":{"rendered":"Rodaje de &#8216;The Walking Dead: Daryl Dixon&#8217; en Espa\u00f1a: Confirmados nuevos actores espa\u00f1oles que ser\u00e1n parte del elenco"},"content":{"rendered":"\n<p>En el marco del <strong>FesTVal<\/strong> <strong>de Vitoria-Gasteiz<\/strong>, <strong>AMC Networks<\/strong> ha revelado emocionantes detalles sobre la tercera temporada de<strong> <em>The Walking Dead: Daryl Dixon<\/em><\/strong>, incluyendo la incorporaci\u00f3n de destacados actores espa\u00f1oles al reparto. <strong>Eduardo Noriega, \u00d3scar Jaenada y Alexandra Masangkay<\/strong> se suman a la popular serie, que est\u00e1 siendo rodada en varias localizaciones de Espa\u00f1a.<\/p>\n\n\n\n<figure class=\"wp-block-image aligncenter size-full\"><img fetchpriority=\"high\" decoding=\"async\" width=\"799\" height=\"533\" src=\"https:\/\/cineytele.com\/play\/wp-content\/uploads\/2024\/09\/a605edd9-ef20-b1b2-fb4e-249c9185b4e5-1.jpg\" alt=\"\" class=\"wp-image-36211\" srcset=\"https:\/\/cineytele.com\/play\/wp-content\/uploads\/2024\/09\/a605edd9-ef20-b1b2-fb4e-249c9185b4e5-1.jpg 799w, https:\/\/cineytele.com\/play\/wp-content\/uploads\/2024\/09\/a605edd9-ef20-b1b2-fb4e-249c9185b4e5-1-300x200.jpg 300w, https:\/\/cineytele.com\/play\/wp-content\/uploads\/2024\/09\/a605edd9-ef20-b1b2-fb4e-249c9185b4e5-1-768x512.jpg 768w\" sizes=\"(max-width: 799px) 100vw, 799px\" \/><figcaption class=\"wp-element-caption\">El Universo de The Walking Dead y sus zombies llegan al FesTVal de Vitoria-Gasteiz con la primicia de la producci\u00f3n de la tercera temporada de la serie en Espa\u00f1a<\/figcaption><\/figure>\n\n\n\n<p>La producci\u00f3n de esta nueva temporada tiene su sede en <strong>Madrid<\/strong>, con un rodaje que abarca diversas regiones de Espa\u00f1a, incluyendo <strong>Galicia, Arag\u00f3n, Catalu\u00f1a y Comunidad Valenciana<\/strong>. Estas localizaciones proporcionan un tel\u00f3n de fondo nuevo y \u00fanico para el mundo postapocal\u00edptico.<\/p>\n\n\n\n<p><strong>Nuevos Rostros en el Apocalipsis Zombie<\/strong><\/p>\n\n\n\n<p>La tercera temporada de <em><strong>The Walking Dead: Daryl Dixon<\/strong><\/em>, que se estrenar\u00e1 en 2025, contar\u00e1 con la participaci\u00f3n de actores espa\u00f1oles de renombre. <strong>Eduardo Noriega<\/strong>, conocido por su trabajo en pel\u00edculas como <em><strong>Tesis<\/strong><\/em> y<strong> <em>Abre los ojos<\/em><\/strong>, y <strong>\u00d3scar Jaenada<\/strong>, ganador de un <strong>Goya<\/strong> por su interpretaci\u00f3n en <em><strong>Camar\u00f3n<\/strong><\/em>, se unir\u00e1n a <strong>Norman Reedus<\/strong> y Melissa McBride, quienes retoman sus ic\u00f3nicos roles de <strong>Daryl Dixon<\/strong> y <strong>Carol Peletier<\/strong>. Tambi\u00e9n se integra <strong>Alexandra Masangkay<\/strong>, destacada por sus papeles en <em><strong>El hoyo<\/strong><\/em> y <em><strong>1898: El \u00faltimo de Filipinas<\/strong><\/em>. Junto a ellos, <strong>Hugo Arbu\u00e9s<\/strong> (<em>La catedral del mar<\/em>) y <strong>Candela Saitta<\/strong> (nominaci\u00f3n a Mejor Actriz en los Premios Produ) tambi\u00e9n formar\u00e1n parte del elenco.<\/p>\n\n\n\n<div class=\"wp-block-columns is-layout-flex wp-container-core-columns-is-layout-28f84493 wp-block-columns-is-layout-flex\">\n<div class=\"wp-block-column is-layout-flow wp-block-column-is-layout-flow\">\n<figure class=\"wp-block-image size-large\"><img decoding=\"async\" width=\"1024\" height=\"1024\" src=\"https:\/\/cineytele.com\/play\/wp-content\/uploads\/2024\/09\/63c6cc8b-ce62-a890-015a-7b59753439ef-1024x1024.jpg\" alt=\"\" class=\"wp-image-36212\" srcset=\"https:\/\/cineytele.com\/play\/wp-content\/uploads\/2024\/09\/63c6cc8b-ce62-a890-015a-7b59753439ef-1024x1024.jpg 1024w, https:\/\/cineytele.com\/play\/wp-content\/uploads\/2024\/09\/63c6cc8b-ce62-a890-015a-7b59753439ef-300x300.jpg 300w, https:\/\/cineytele.com\/play\/wp-content\/uploads\/2024\/09\/63c6cc8b-ce62-a890-015a-7b59753439ef-150x150.jpg 150w, https:\/\/cineytele.com\/play\/wp-content\/uploads\/2024\/09\/63c6cc8b-ce62-a890-015a-7b59753439ef-768x768.jpg 768w, https:\/\/cineytele.com\/play\/wp-content\/uploads\/2024\/09\/63c6cc8b-ce62-a890-015a-7b59753439ef-1536x1536.jpg 1536w, https:\/\/cineytele.com\/play\/wp-content\/uploads\/2024\/09\/63c6cc8b-ce62-a890-015a-7b59753439ef-2048x2048.jpg 2048w\" sizes=\"(max-width: 1024px) 100vw, 1024px\" \/><\/figure>\n<\/div>\n\n\n\n<div class=\"wp-block-column is-layout-flow wp-block-column-is-layout-flow\">\n<figure class=\"wp-block-image size-large\"><img decoding=\"async\" width=\"1024\" height=\"1024\" src=\"https:\/\/cineytele.com\/play\/wp-content\/uploads\/2024\/09\/9234369c-85c9-adc0-05f1-7b7c1d23bda7-1024x1024.jpg\" alt=\"\" class=\"wp-image-36213\" srcset=\"https:\/\/cineytele.com\/play\/wp-content\/uploads\/2024\/09\/9234369c-85c9-adc0-05f1-7b7c1d23bda7-1024x1024.jpg 1024w, https:\/\/cineytele.com\/play\/wp-content\/uploads\/2024\/09\/9234369c-85c9-adc0-05f1-7b7c1d23bda7-300x300.jpg 300w, https:\/\/cineytele.com\/play\/wp-content\/uploads\/2024\/09\/9234369c-85c9-adc0-05f1-7b7c1d23bda7-150x150.jpg 150w, https:\/\/cineytele.com\/play\/wp-content\/uploads\/2024\/09\/9234369c-85c9-adc0-05f1-7b7c1d23bda7-768x768.jpg 768w, https:\/\/cineytele.com\/play\/wp-content\/uploads\/2024\/09\/9234369c-85c9-adc0-05f1-7b7c1d23bda7-1536x1536.jpg 1536w, https:\/\/cineytele.com\/play\/wp-content\/uploads\/2024\/09\/9234369c-85c9-adc0-05f1-7b7c1d23bda7-2048x2048.jpg 2048w\" sizes=\"(max-width: 1024px) 100vw, 1024px\" \/><\/figure>\n<\/div>\n<\/div>\n\n\n\n<div class=\"wp-block-columns is-layout-flex wp-container-core-columns-is-layout-28f84493 wp-block-columns-is-layout-flex\">\n<div class=\"wp-block-column is-layout-flow wp-block-column-is-layout-flow\">\n<figure class=\"wp-block-image size-large\"><img loading=\"lazy\" decoding=\"async\" width=\"1024\" height=\"1024\" src=\"https:\/\/cineytele.com\/play\/wp-content\/uploads\/2024\/09\/c775320a-4f62-bf85-8d86-b2f3b90f2c41-1024x1024.jpg\" alt=\"\" class=\"wp-image-36214\" srcset=\"https:\/\/cineytele.com\/play\/wp-content\/uploads\/2024\/09\/c775320a-4f62-bf85-8d86-b2f3b90f2c41-1024x1024.jpg 1024w, https:\/\/cineytele.com\/play\/wp-content\/uploads\/2024\/09\/c775320a-4f62-bf85-8d86-b2f3b90f2c41-300x300.jpg 300w, https:\/\/cineytele.com\/play\/wp-content\/uploads\/2024\/09\/c775320a-4f62-bf85-8d86-b2f3b90f2c41-150x150.jpg 150w, https:\/\/cineytele.com\/play\/wp-content\/uploads\/2024\/09\/c775320a-4f62-bf85-8d86-b2f3b90f2c41-768x768.jpg 768w, https:\/\/cineytele.com\/play\/wp-content\/uploads\/2024\/09\/c775320a-4f62-bf85-8d86-b2f3b90f2c41-1536x1536.jpg 1536w, https:\/\/cineytele.com\/play\/wp-content\/uploads\/2024\/09\/c775320a-4f62-bf85-8d86-b2f3b90f2c41-2048x2048.jpg 2048w\" sizes=\"(max-width: 1024px) 100vw, 1024px\" \/><\/figure>\n<\/div>\n\n\n\n<div class=\"wp-block-column is-layout-flow wp-block-column-is-layout-flow\">\n<figure class=\"wp-block-image size-large\"><img loading=\"lazy\" decoding=\"async\" width=\"1024\" height=\"1024\" src=\"https:\/\/cineytele.com\/play\/wp-content\/uploads\/2024\/09\/19cc802f-f33a-c664-6b79-589a6fbeb005-1024x1024.jpg\" alt=\"daryl dixon\" class=\"wp-image-36215\" srcset=\"https:\/\/cineytele.com\/play\/wp-content\/uploads\/2024\/09\/19cc802f-f33a-c664-6b79-589a6fbeb005-1024x1024.jpg 1024w, https:\/\/cineytele.com\/play\/wp-content\/uploads\/2024\/09\/19cc802f-f33a-c664-6b79-589a6fbeb005-300x300.jpg 300w, https:\/\/cineytele.com\/play\/wp-content\/uploads\/2024\/09\/19cc802f-f33a-c664-6b79-589a6fbeb005-150x150.jpg 150w, https:\/\/cineytele.com\/play\/wp-content\/uploads\/2024\/09\/19cc802f-f33a-c664-6b79-589a6fbeb005-768x768.jpg 768w, https:\/\/cineytele.com\/play\/wp-content\/uploads\/2024\/09\/19cc802f-f33a-c664-6b79-589a6fbeb005-1536x1536.jpg 1536w, https:\/\/cineytele.com\/play\/wp-content\/uploads\/2024\/09\/19cc802f-f33a-c664-6b79-589a6fbeb005-2048x2048.jpg 2048w\" sizes=\"(max-width: 1024px) 100vw, 1024px\" \/><\/figure>\n<\/div>\n\n\n\n<div class=\"wp-block-column is-layout-flow wp-block-column-is-layout-flow\">\n<figure class=\"wp-block-image size-large\"><img loading=\"lazy\" decoding=\"async\" width=\"1024\" height=\"1024\" src=\"https:\/\/cineytele.com\/play\/wp-content\/uploads\/2024\/09\/e51e3008-52aa-aadb-f386-dbb3e4ebc530-1024x1024.jpg\" alt=\"\" class=\"wp-image-36216\" srcset=\"https:\/\/cineytele.com\/play\/wp-content\/uploads\/2024\/09\/e51e3008-52aa-aadb-f386-dbb3e4ebc530-1024x1024.jpg 1024w, https:\/\/cineytele.com\/play\/wp-content\/uploads\/2024\/09\/e51e3008-52aa-aadb-f386-dbb3e4ebc530-300x300.jpg 300w, https:\/\/cineytele.com\/play\/wp-content\/uploads\/2024\/09\/e51e3008-52aa-aadb-f386-dbb3e4ebc530-150x150.jpg 150w, https:\/\/cineytele.com\/play\/wp-content\/uploads\/2024\/09\/e51e3008-52aa-aadb-f386-dbb3e4ebc530-768x768.jpg 768w, https:\/\/cineytele.com\/play\/wp-content\/uploads\/2024\/09\/e51e3008-52aa-aadb-f386-dbb3e4ebc530-1536x1536.jpg 1536w, https:\/\/cineytele.com\/play\/wp-content\/uploads\/2024\/09\/e51e3008-52aa-aadb-f386-dbb3e4ebc530-2048x2048.jpg 2048w\" sizes=\"(max-width: 1024px) 100vw, 1024px\" \/><\/figure>\n<\/div>\n<\/div>\n\n\n\n<p><strong>La Historia Contin\u00faa en 2025<\/strong><\/p>\n\n\n\n<p>La tercera temporada, producida por <strong>Scott M. Gimple<\/strong> y un equipo de destacados showrunners y productores ejecutivos, sigue a Daryl Dixon y Carol Peletier mientras contin\u00faan su viaje de vuelta a casa y al reencuentro con sus seres queridos. En su lucha por buscar el camino, el viaje les extrav\u00eda a\u00fan m\u00e1s, llev\u00e1ndolos a tierras lejanas de condiciones adversas y en constante cambio, siendo testigos de los diversos efectos del apocalipsis de los caminantes.<\/p>\n\n\n\n<p>Los seguidores de la serie podr\u00e1n disfrutar de la segunda temporada a partir del<strong> 4 de octubre en <a href=\"https:\/\/cineytele.com\/play\/noticias\/amc-networks-international-festval\/\">AMC+<\/a><\/strong>, mientras que la tercera temporada llegar\u00e1 en <strong>2025<\/strong>, prometiendo nuevas emociones y giros inesperados en la saga de <em><strong>The Walking Dead<\/strong><\/em>.<\/p>\n\n\n\n<p class=\"has-text-align-right\"><a href=\"https:\/\/cineytele.com\/play\/\">&#8211;<\/a><\/p>\n","protected":false},"excerpt":{"rendered":"<p>En el marco del FesTVal de Vitoria-Gasteiz, AMC Networks ha revelado emocionantes detalles sobre la tercera temporada de The Walking Dead: Daryl Dixon, incluyendo la incorporaci\u00f3n de destacados actores espa\u00f1oles al reparto. Eduardo Noriega, \u00d3scar Jaenada y Alexandra Masangkay se suman a la popular serie, que est\u00e1 siendo rodada en varias localizaciones de Espa\u00f1a. La [&hellip;]<\/p>\n","protected":false},"author":23,"featured_media":36217,"template":"","tags":[6787,6789,6786,6785,6024,6788,6784,2875,6783],"categoria-de-noticias":[6652,21],"class_list":["post-36210","noticias","type-noticias","status-publish","has-post-thumbnail","hentry","tag-alexandra-masangkay","tag-candela-saitta","tag-carol-peletier","tag-daryl-dixon","tag-el-hoyo","tag-hugo-arbues","tag-norman-reedus","tag-the-walking-dead","tag-the-walking-dead-daryl-dixon","categoria-de-noticias-actualidad","categoria-de-noticias-television-y-plataformas"],"_links":{"self":[{"href":"https:\/\/cineytele.com\/play\/wp-json\/wp\/v2\/noticias\/36210","targetHints":{"allow":["GET"]}}],"collection":[{"href":"https:\/\/cineytele.com\/play\/wp-json\/wp\/v2\/noticias"}],"about":[{"href":"https:\/\/cineytele.com\/play\/wp-json\/wp\/v2\/types\/noticias"}],"author":[{"embeddable":true,"href":"https:\/\/cineytele.com\/play\/wp-json\/wp\/v2\/users\/23"}],"wp:featuredmedia":[{"embeddable":true,"href":"https:\/\/cineytele.com\/play\/wp-json\/wp\/v2\/media\/36217"}],"wp:attachment":[{"href":"https:\/\/cineytele.com\/play\/wp-json\/wp\/v2\/media?parent=36210"}],"wp:term":[{"taxonomy":"post_tag","embeddable":true,"href":"https:\/\/cineytele.com\/play\/wp-json\/wp\/v2\/tags?post=36210"},{"taxonomy":"categoria-de-noticias","embeddable":true,"href":"https:\/\/cineytele.com\/play\/wp-json\/wp\/v2\/categoria-de-noticias?post=36210"}],"curies":[{"name":"wp","href":"https:\/\/api.w.org\/{rel}","templated":true}]}}