{"id":36608,"date":"2024-09-17T15:48:40","date_gmt":"2024-09-17T13:48:40","guid":{"rendered":"https:\/\/cineytele.com\/play\/?post_type=noticias&#038;p=36608"},"modified":"2024-09-17T15:49:30","modified_gmt":"2024-09-17T13:49:30","slug":"marvel-universe-of-super-heroes-madrid","status":"publish","type":"noticias","link":"https:\/\/cineytele.com\/play\/noticias\/marvel-universe-of-super-heroes-madrid\/","title":{"rendered":"Marvel: Universe of Super Heroes llega a Madrid con m\u00e1s de 200 piezas originales en una exposici\u00f3n \u00fanica"},"content":{"rendered":"\n<p>Este oto\u00f1o, los fan\u00e1ticos de los superh\u00e9roes tienen una cita ineludible en <strong>IFEMA Madrid<\/strong> con la llegada de la exposici\u00f3n <strong>\u00abMarvel: Universe of Super Heroes\u00bb<\/strong>, que abrir\u00e1 sus puertas el <strong>15 de noviembre<\/strong>. Con m\u00e1s de 200 piezas originales, la muestra explora los 85 a\u00f1os de historia de Marvel, desde sus primeros c\u00f3mics hasta las exitosas producciones cinematogr\u00e1ficas. Una preventa especial comenzar\u00e1 el 24 de septiembre para quienes se inscriban en la lista de espera.<\/p>\n\n\n\n<figure class=\"wp-block-image size-large\"><img fetchpriority=\"high\" decoding=\"async\" width=\"1024\" height=\"683\" src=\"https:\/\/cineytele.com\/play\/wp-content\/uploads\/2024\/09\/cc2c95f7-13f2-7771-d759-475cc2161ff7-1024x683.jpg\" alt=\"marvel\" class=\"wp-image-36609\" srcset=\"https:\/\/cineytele.com\/play\/wp-content\/uploads\/2024\/09\/cc2c95f7-13f2-7771-d759-475cc2161ff7-1024x683.jpg 1024w, https:\/\/cineytele.com\/play\/wp-content\/uploads\/2024\/09\/cc2c95f7-13f2-7771-d759-475cc2161ff7-300x200.jpg 300w, https:\/\/cineytele.com\/play\/wp-content\/uploads\/2024\/09\/cc2c95f7-13f2-7771-d759-475cc2161ff7-768x512.jpg 768w, https:\/\/cineytele.com\/play\/wp-content\/uploads\/2024\/09\/cc2c95f7-13f2-7771-d759-475cc2161ff7.jpg 1200w\" sizes=\"(max-width: 1024px) 100vw, 1024px\" \/><figcaption class=\"wp-element-caption\"><strong>\u00a9 2024 MARVEL<\/strong><\/figcaption><\/figure>\n\n\n\n<p>El universo de superh\u00e9roes m\u00e1s popular del mundo aterriza en <strong>Espa\u00f1a<\/strong> con la esperada exposici\u00f3n <strong>Marvel: Universe of Super Heroes<\/strong>, una muestra que promete ser uno de los grandes eventos culturales del oto\u00f1o. <strong>IFEMA Madrid<\/strong> ser\u00e1 el escenario donde, a partir del <strong>15 de noviembre<\/strong>, los visitantes podr\u00e1n disfrutar de un recorrido visual por los 85 a\u00f1os de historia de <strong>Marvel<\/strong>, desde los inicios de los c\u00f3mics hasta los hitos m\u00e1s recientes del cine.<\/p>\n\n\n\n<p>Con m\u00e1s de <strong>200 piezas originales<\/strong>, incluyendo vestuarios, accesorios y arte ic\u00f3nico, esta exposici\u00f3n ofrece una oportunidad \u00fanica para los amantes del c\u00f3mic y del cine. Tras su \u00e9xito en Estados Unidos y Suiza, donde ha cautivado a miles de personas, <strong>Marvel: Universe of Super Heroes<\/strong> llega por primera vez a Espa\u00f1a, producida por <strong>Semmel Exhibitions<\/strong> y <strong>Sold Out<\/strong>, en colaboraci\u00f3n con <strong>Disney<\/strong> e <strong>IFEMA Madrid<\/strong>.<\/p>\n\n\n\n<figure class=\"wp-block-image size-large\"><img decoding=\"async\" width=\"1024\" height=\"683\" src=\"https:\/\/cineytele.com\/play\/wp-content\/uploads\/2024\/09\/d9c377b6-a2e4-dd31-1743-295229ab1395-1024x683.jpg\" alt=\"\" class=\"wp-image-36614\" srcset=\"https:\/\/cineytele.com\/play\/wp-content\/uploads\/2024\/09\/d9c377b6-a2e4-dd31-1743-295229ab1395-1024x683.jpg 1024w, https:\/\/cineytele.com\/play\/wp-content\/uploads\/2024\/09\/d9c377b6-a2e4-dd31-1743-295229ab1395-300x200.jpg 300w, https:\/\/cineytele.com\/play\/wp-content\/uploads\/2024\/09\/d9c377b6-a2e4-dd31-1743-295229ab1395-768x512.jpg 768w, https:\/\/cineytele.com\/play\/wp-content\/uploads\/2024\/09\/d9c377b6-a2e4-dd31-1743-295229ab1395.jpg 1200w\" sizes=\"(max-width: 1024px) 100vw, 1024px\" \/><figcaption class=\"wp-element-caption\"><strong>\u00a9 2024 MARVEL<\/strong><\/figcaption><\/figure>\n\n\n\n<p><strong>La preventa exclusiva<\/strong> de entradas comenzar\u00e1 el pr\u00f3ximo <strong>24 de septiembre<\/strong>, ofreciendo a los fans m\u00e1s entusiastas la oportunidad de asegurarse sus boletos con un precio especial de lanzamiento antes de que la venta general se abra el <strong>1 de octubre<\/strong>. Esta preventa est\u00e1 disponible para quienes se inscriban en la lista de espera activada hoy, y promete un acceso prioritario a esta exposici\u00f3n imprescindible para todo amante de los superh\u00e9roes.<\/p>\n\n\n\n<figure class=\"wp-block-image alignright size-large is-resized\"><img decoding=\"async\" width=\"683\" height=\"1024\" src=\"https:\/\/cineytele.com\/play\/wp-content\/uploads\/2024\/09\/ba5315ec-b61f-ffc2-0e89-e3de15f6d610-683x1024.jpg\" alt=\"\" class=\"wp-image-36610\" style=\"width:367px;height:auto\" srcset=\"https:\/\/cineytele.com\/play\/wp-content\/uploads\/2024\/09\/ba5315ec-b61f-ffc2-0e89-e3de15f6d610-683x1024.jpg 683w, https:\/\/cineytele.com\/play\/wp-content\/uploads\/2024\/09\/ba5315ec-b61f-ffc2-0e89-e3de15f6d610-200x300.jpg 200w, https:\/\/cineytele.com\/play\/wp-content\/uploads\/2024\/09\/ba5315ec-b61f-ffc2-0e89-e3de15f6d610-768x1152.jpg 768w, https:\/\/cineytele.com\/play\/wp-content\/uploads\/2024\/09\/ba5315ec-b61f-ffc2-0e89-e3de15f6d610.jpg 800w\" sizes=\"(max-width: 683px) 100vw, 683px\" \/><figcaption class=\"wp-element-caption\"><strong>\u00a9 2024 MARVEL<\/strong><\/figcaption><\/figure>\n\n\n\n<h3 class=\"wp-block-heading\"><strong>Un viaje por el Universo Marvel<\/strong><\/h3>\n\n\n\n<p>La exposici\u00f3n no solo mostrar\u00e1 piezas nunca vistas del vasto archivo de Marvel, sino que tambi\u00e9n permitir\u00e1 a los visitantes sumergirse en experiencias interactivas que acercan la magia del universo de los superh\u00e9roes a la vida real. Ser\u00e1 posible explorar la <strong>dimensi\u00f3n espejo de Doctor Strange<\/strong>, ver el vestuario y accesorios originales utilizados en pel\u00edculas como <strong>Black Panther<\/strong> y <strong>Spider-Man<\/strong>, y adentrarse en el laboratorio de <strong>Tony Stark<\/strong> para probar la armadura de <strong>Iron Man<\/strong>.<\/p>\n\n\n\n<p>Entre las piezas m\u00e1s notables de la exhibici\u00f3n se encuentran ilustraciones originales de c\u00f3mics legendarios, junto a estatuas de tama\u00f1o real de algunos de los h\u00e9roes m\u00e1s queridos de Marvel. Desde <strong>Capit\u00e1n Am\u00e9rica<\/strong> hasta <strong>Doctor Strange<\/strong>, cada rinc\u00f3n de la muestra est\u00e1 pensado para capturar la esencia de un universo que ha definido la cultura pop durante m\u00e1s de ocho d\u00e9cadas.<\/p>\n\n\n\n<h2 class=\"wp-block-heading\"><strong>Un homenaje a los creadores y su impacto en la cultura<\/strong><\/h2>\n\n\n\n<p>La exposici\u00f3n tambi\u00e9n rinde homenaje a los pioneros de Marvel como <strong>Stan Lee<\/strong>, <strong>Jack Kirby<\/strong> y <strong>Steve Ditko<\/strong>, cuyas creaciones marcaron un antes y un despu\u00e9s en la narrativa de superh\u00e9roes. Marvel, fundada en 1939, revolucion\u00f3 el c\u00f3mic en los a\u00f1os 60 al dotar de complejidad emocional y filos\u00f3fica a sus personajes. Seg\u00fan <strong>Brian Crosby<\/strong>, Ejecutivo de Desarrollo de Experiencias de Marvel, la compa\u00f1\u00eda \u201ctransform\u00f3 la idea del superh\u00e9roe\u201d, haciendo de sus historias un reflejo del mundo real. Marvel ha abordado a lo largo de su historia temas como el g\u00e9nero, el racismo y las enfermedades mentales, destacando la posibilidad de que cualquiera, sin importar su origen, pueda convertirse en un h\u00e9roe.<\/p>\n\n\n\n<p>Tal como se\u00f1ala el comisario de la exposici\u00f3n, <strong>Ben Saunders<\/strong>, la muestra ofrece \u00abuna oportunidad \u00fanica de ver algunos de los objetos m\u00e1s valiosos y menos conocidos de los \u00faltimos 85 a\u00f1os de cultura pop\u00bb, traspasando las fronteras del cine y el c\u00f3mic para integrarse plenamente en las corrientes sociales y culturales de nuestro tiempo.<\/p>\n\n\n\n<div class=\"wp-block-columns is-layout-flex wp-container-core-columns-is-layout-28f84493 wp-block-columns-is-layout-flex\">\n<div class=\"wp-block-column is-layout-flow wp-block-column-is-layout-flow\">\n<figure class=\"wp-block-image size-large\"><img loading=\"lazy\" decoding=\"async\" width=\"1024\" height=\"683\" src=\"https:\/\/cineytele.com\/play\/wp-content\/uploads\/2024\/09\/cddb08f4-59a9-208e-e10f-23cc6c6433fd-1024x683.jpg\" alt=\"\" class=\"wp-image-36611\" srcset=\"https:\/\/cineytele.com\/play\/wp-content\/uploads\/2024\/09\/cddb08f4-59a9-208e-e10f-23cc6c6433fd-1024x683.jpg 1024w, https:\/\/cineytele.com\/play\/wp-content\/uploads\/2024\/09\/cddb08f4-59a9-208e-e10f-23cc6c6433fd-300x200.jpg 300w, https:\/\/cineytele.com\/play\/wp-content\/uploads\/2024\/09\/cddb08f4-59a9-208e-e10f-23cc6c6433fd-768x512.jpg 768w, https:\/\/cineytele.com\/play\/wp-content\/uploads\/2024\/09\/cddb08f4-59a9-208e-e10f-23cc6c6433fd.jpg 1200w\" sizes=\"(max-width: 1024px) 100vw, 1024px\" \/><figcaption class=\"wp-element-caption\"><strong>\u00a9 2024 MARVEL<\/strong><\/figcaption><\/figure>\n<\/div>\n\n\n\n<div class=\"wp-block-column is-layout-flow wp-block-column-is-layout-flow\">\n<figure class=\"wp-block-image size-large\"><img loading=\"lazy\" decoding=\"async\" width=\"1024\" height=\"684\" src=\"https:\/\/cineytele.com\/play\/wp-content\/uploads\/2024\/09\/05947504-1fe3-d229-6656-fb5412ac5ea2-1024x684.jpg\" alt=\"\" class=\"wp-image-36612\" srcset=\"https:\/\/cineytele.com\/play\/wp-content\/uploads\/2024\/09\/05947504-1fe3-d229-6656-fb5412ac5ea2-1024x684.jpg 1024w, https:\/\/cineytele.com\/play\/wp-content\/uploads\/2024\/09\/05947504-1fe3-d229-6656-fb5412ac5ea2-300x200.jpg 300w, https:\/\/cineytele.com\/play\/wp-content\/uploads\/2024\/09\/05947504-1fe3-d229-6656-fb5412ac5ea2-768x513.jpg 768w, https:\/\/cineytele.com\/play\/wp-content\/uploads\/2024\/09\/05947504-1fe3-d229-6656-fb5412ac5ea2.jpg 1200w\" sizes=\"(max-width: 1024px) 100vw, 1024px\" \/><figcaption class=\"wp-element-caption\"><strong>\u00a9 2024 MARVEL<\/strong><\/figcaption><\/figure>\n<\/div>\n<\/div>\n\n\n\n<h3 class=\"wp-block-heading\"><strong>Un paisaje sonoro de otro mundo<\/strong><\/h3>\n\n\n\n<figure class=\"wp-block-image alignright size-large is-resized\"><img loading=\"lazy\" decoding=\"async\" width=\"683\" height=\"1024\" src=\"https:\/\/cineytele.com\/play\/wp-content\/uploads\/2024\/09\/4de1bf8c-4437-a4a6-99d8-a97b6c6a3460-683x1024.jpg\" alt=\"marvel\" class=\"wp-image-36613\" style=\"width:300px;height:auto\" srcset=\"https:\/\/cineytele.com\/play\/wp-content\/uploads\/2024\/09\/4de1bf8c-4437-a4a6-99d8-a97b6c6a3460-683x1024.jpg 683w, https:\/\/cineytele.com\/play\/wp-content\/uploads\/2024\/09\/4de1bf8c-4437-a4a6-99d8-a97b6c6a3460-200x300.jpg 200w, https:\/\/cineytele.com\/play\/wp-content\/uploads\/2024\/09\/4de1bf8c-4437-a4a6-99d8-a97b6c6a3460-768x1152.jpg 768w, https:\/\/cineytele.com\/play\/wp-content\/uploads\/2024\/09\/4de1bf8c-4437-a4a6-99d8-a97b6c6a3460.jpg 800w\" sizes=\"(max-width: 683px) 100vw, 683px\" \/><figcaption class=\"wp-element-caption\"><strong>\u00a9 2024 MARVEL<\/strong><\/figcaption><\/figure>\n\n\n\n<p>La inmersi\u00f3n en el universo Marvel no solo ser\u00e1 visual, sino tambi\u00e9n sonora. El compositor <strong>Lorne Balfe<\/strong>, reconocido por sus bandas sonoras en pel\u00edculas como <strong>Viuda Negra<\/strong> y <strong>Misi\u00f3n Imposible: Fallout<\/strong>, ha creado un paisaje sonoro envolvente que acompa\u00f1ar\u00e1 a los visitantes a lo largo de su recorrido. Esta m\u00fasica a\u00f1ade otra capa de profundidad a una experiencia dise\u00f1ada para emocionar y sorprender a visitantes de todas las edades.<\/p>\n\n\n\n<h3 class=\"wp-block-heading\"><strong>Una muestra para coleccionistas y nuevos fans<\/strong><\/h3>\n\n\n\n<p>La exposici\u00f3n ha sido cuidadosamente comisariada por expertos en c\u00f3mics como <strong>Matthew J. Smith<\/strong>, <strong>Randy Duncan<\/strong> y el propio <strong>Saunders<\/strong>, quienes han trabajado junto a los renombrados escritores <strong>Ann Nocenti<\/strong> y <strong>Danny Fingeroth<\/strong> para ofrecer una visi\u00f3n \u00fanica del fen\u00f3meno Marvel. Tanto coleccionistas experimentados como nuevos fans tendr\u00e1n la oportunidad de deleitarse con obras de arte originales y objetos de culto que han definido la evoluci\u00f3n de la cultura pop desde el siglo XX hasta nuestros d\u00edas.<\/p>\n\n\n\n<p>Marvel ha logrado trascender generaciones, inspirando a millones de personas alrededor del mundo con su mensaje de igualdad y perseverancia. Ahora, con la llegada de <strong>Marvel: Universe of Super Heroes<\/strong> a Madrid, los aficionados podr\u00e1n disfrutar de una experiencia sin precedentes en Espa\u00f1a, donde h\u00e9roes y villanos cobran vida ante sus ojos.<\/p>\n\n\n\n<h3 class=\"wp-block-heading\"><br><strong>Entradas anticipadas<\/strong>\u00a0y\u00a0<strong>m\u00e1s informaci\u00f3n<\/strong>\u00a0en\u00a0<a href=\"https:\/\/gmail.us5.list-manage.com\/track\/click?u=5036d338d2f3c8b320da5a16b&amp;id=a4cecb8b2b&amp;e=202bec47b6\" target=\"_blank\" rel=\"noreferrer noopener\"><strong>superhero-exhibition.com<\/strong><\/a><\/h3>\n\n\n\n<p class=\"has-text-align-right\"><a href=\"https:\/\/cineytele.com\/play\/\">&#8211;<\/a><\/p>\n","protected":false},"excerpt":{"rendered":"<p>Este oto\u00f1o, los fan\u00e1ticos de los superh\u00e9roes tienen una cita ineludible en IFEMA Madrid con la llegada de la exposici\u00f3n \u00abMarvel: Universe of Super Heroes\u00bb, que abrir\u00e1 sus puertas el 15 de noviembre. Con m\u00e1s de 200 piezas originales, la muestra explora los 85 a\u00f1os de historia de Marvel, desde sus primeros c\u00f3mics hasta las [&hellip;]<\/p>\n","protected":false},"author":23,"featured_media":36615,"template":"","tags":[6878,894,2860,6877,186,1315,921,6876,6874],"categoria-de-noticias":[6652,20,21],"class_list":["post-36608","noticias","type-noticias","status-publish","has-post-thumbnail","hentry","tag-capitan-america","tag-doctor-strange","tag-fallout","tag-jack-kirby","tag-marvel","tag-mision-imposible","tag-stan-lee","tag-steve-ditko","tag-universe-of-super-heroes","categoria-de-noticias-actualidad","categoria-de-noticias-cine","categoria-de-noticias-television-y-plataformas"],"_links":{"self":[{"href":"https:\/\/cineytele.com\/play\/wp-json\/wp\/v2\/noticias\/36608","targetHints":{"allow":["GET"]}}],"collection":[{"href":"https:\/\/cineytele.com\/play\/wp-json\/wp\/v2\/noticias"}],"about":[{"href":"https:\/\/cineytele.com\/play\/wp-json\/wp\/v2\/types\/noticias"}],"author":[{"embeddable":true,"href":"https:\/\/cineytele.com\/play\/wp-json\/wp\/v2\/users\/23"}],"wp:featuredmedia":[{"embeddable":true,"href":"https:\/\/cineytele.com\/play\/wp-json\/wp\/v2\/media\/36615"}],"wp:attachment":[{"href":"https:\/\/cineytele.com\/play\/wp-json\/wp\/v2\/media?parent=36608"}],"wp:term":[{"taxonomy":"post_tag","embeddable":true,"href":"https:\/\/cineytele.com\/play\/wp-json\/wp\/v2\/tags?post=36608"},{"taxonomy":"categoria-de-noticias","embeddable":true,"href":"https:\/\/cineytele.com\/play\/wp-json\/wp\/v2\/categoria-de-noticias?post=36608"}],"curies":[{"name":"wp","href":"https:\/\/api.w.org\/{rel}","templated":true}]}}