{"id":37999,"date":"2024-10-18T12:31:39","date_gmt":"2024-10-18T10:31:39","guid":{"rendered":"https:\/\/cineytele.com\/play\/?post_type=noticias&#038;p=37999"},"modified":"2024-10-21T08:49:27","modified_gmt":"2024-10-21T06:49:27","slug":"dune-3-messiah-denis-villeneuve","status":"publish","type":"noticias","link":"https:\/\/cineytele.com\/play\/noticias\/dune-3-messiah-denis-villeneuve\/","title":{"rendered":"Denis Villeneuve y la anticipaci\u00f3n por Dune 3: Messiah: Un regreso m\u00e1s r\u00e1pido de lo esperado"},"content":{"rendered":"\n<p><strong>Tras el \u00e9xito de <em>Dune<\/em> (2021) y <em>Dune: Parte 2<\/em> (2024), el director canadiense ha confirmado que la tercera pel\u00edcula de la saga, titulada <em>Dune: Messiah<\/em>, no solo est\u00e1 en marcha, sino que llegar\u00e1 antes de lo esperado. Originalmente se cre\u00eda que la pel\u00edcula se estrenar\u00eda en 2027, pero Villeneuve ha adelantado que el rodaje comenzar\u00e1 antes de lo previsto y que <em>Dune: Messiah<\/em> podr\u00eda ver la luz en 2026. <\/strong><\/p>\n\n\n\n<figure class=\"wp-block-image size-large\"><img fetchpriority=\"high\" decoding=\"async\" width=\"1024\" height=\"539\" src=\"https:\/\/cineytele.com\/play\/wp-content\/uploads\/2024\/10\/dune_part_two-874278486-large-1024x539.jpg\" alt=\"dune\" class=\"wp-image-38001\" srcset=\"https:\/\/cineytele.com\/play\/wp-content\/uploads\/2024\/10\/dune_part_two-874278486-large-1024x539.jpg 1024w, https:\/\/cineytele.com\/play\/wp-content\/uploads\/2024\/10\/dune_part_two-874278486-large-300x158.jpg 300w, https:\/\/cineytele.com\/play\/wp-content\/uploads\/2024\/10\/dune_part_two-874278486-large-768x404.jpg 768w, https:\/\/cineytele.com\/play\/wp-content\/uploads\/2024\/10\/dune_part_two-874278486-large-1536x808.jpg 1536w, https:\/\/cineytele.com\/play\/wp-content\/uploads\/2024\/10\/dune_part_two-874278486-large.jpg 1920w\" sizes=\"(max-width: 1024px) 100vw, 1024px\" \/><figcaption class=\"wp-element-caption\">Dune 2.<\/figcaption><\/figure>\n\n\n\n<h4 class=\"wp-block-heading\"><strong>Un \u00e9xito dividido en dos partes: De <em>Dune<\/em> a <em>Dune: Parte 2<\/em><\/strong><\/h4>\n\n\n\n<p>Denis Villeneuve siempre ha sido claro en su visi\u00f3n de la adaptaci\u00f3n de la novela hom\u00f3nima de Frank Herbert. Seg\u00fan el propio director, tanto <em><a href=\"https:\/\/www.youtube.com\/watch?v=kPjOcWHVNGo\" target=\"_blank\" rel=\"noopener\">Dune<\/a><\/em> como <em><a href=\"Dune: Parte 2https:\/\/youtu.be\/HHVx1v65XYY?si=QDAKH4UCC0RMAXmu\">Dune: Parte 2<\/a><\/em> representan las dos mitades de un gran largometraje. \u00abSon como un d\u00edptico\u00bb, declar\u00f3 Villeneuve, se\u00f1alando que ambas pel\u00edculas forman una unidad completa. Esta decisi\u00f3n ha sido clave en el \u00e9xito de las dos primeras entregas, ya que permitieron explorar con profundidad la trama densa y filos\u00f3fica de la obra original.<\/p>\n\n\n\n<p>Ambas pel\u00edculas han recibido elogios por su ambici\u00f3n visual, su enfoque en temas humanos y sus efectos especiales, que complementan un viaje m\u00e1s introspectivo que tecnol\u00f3gico. Villeneuve subray\u00f3 en entrevistas recientes que la saga de <em>Dune<\/em> no debe interpretarse como una historia de ciencia ficci\u00f3n en el sentido tradicional, sino como un \u00abviaje humano\u00bb y una reflexi\u00f3n sobre la ecolog\u00eda, la espiritualidad y las din\u00e1micas de poder. <\/p>\n\n\n\n<figure class=\"wp-block-image size-large\"><img decoding=\"async\" width=\"1024\" height=\"431\" src=\"https:\/\/cineytele.com\/play\/wp-content\/uploads\/2024\/10\/dune-469661718-large-1024x431.jpg\" alt=\"\" class=\"wp-image-38000\" srcset=\"https:\/\/cineytele.com\/play\/wp-content\/uploads\/2024\/10\/dune-469661718-large-1024x431.jpg 1024w, https:\/\/cineytele.com\/play\/wp-content\/uploads\/2024\/10\/dune-469661718-large-300x126.jpg 300w, https:\/\/cineytele.com\/play\/wp-content\/uploads\/2024\/10\/dune-469661718-large-768x324.jpg 768w, https:\/\/cineytele.com\/play\/wp-content\/uploads\/2024\/10\/dune-469661718-large-1536x647.jpg 1536w, https:\/\/cineytele.com\/play\/wp-content\/uploads\/2024\/10\/dune-469661718-large.jpg 1920w\" sizes=\"(max-width: 1024px) 100vw, 1024px\" \/><figcaption class=\"wp-element-caption\">Dune.<\/figcaption><\/figure>\n\n\n\n<h3 class=\"wp-block-heading\"><strong>Qu\u00e9 esperar de <em>Dune: Messiah<\/em><\/strong>: Historia, personajes y continuidad<\/h3>\n\n\n\n<p><strong>Villeneuve<\/strong> ha asegurado que la tercera entrega, <em>Dune: Messiah<\/em>, dar\u00e1 un salto temporal significativo. Los eventos de la pel\u00edcula se desarrollar\u00e1n <strong>12 a\u00f1os despu\u00e9s<\/strong> de los sucesos de <em>Dune: Parte 2<\/em>. En esta nueva etapa, veremos la evoluci\u00f3n de Paul Atreides y el cierre definitivo de su arco como personaje principal, algo que ya ha sido confirmado por el propio director. <strong>Timoth\u00e9e Chalamet<\/strong> regresar\u00e1 como Paul Atreides, y estar\u00e1 acompa\u00f1ado por <strong>Zendaya<\/strong> como Chani, <strong>Florence Pugh<\/strong> en el papel de la Princesa Irulan y <strong>Anya Taylor-Joy<\/strong> en un rol a\u00fan por concretar, aunque se rumorea que podr\u00eda interpretar a un personaje clave en el cl\u00edmax de la saga.<\/p>\n\n\n\n<figure class=\"wp-block-image alignright size-large is-resized\"><img decoding=\"async\" width=\"834\" height=\"1024\" src=\"https:\/\/cineytele.com\/play\/wp-content\/uploads\/2024\/10\/rev-1-DUNE2-JDSS-0247r_High_Res_JPEG-scaled-1-834x1024.jpeg\" alt=\"\" class=\"wp-image-38003\" style=\"width:174px;height:auto\" srcset=\"https:\/\/cineytele.com\/play\/wp-content\/uploads\/2024\/10\/rev-1-DUNE2-JDSS-0247r_High_Res_JPEG-scaled-1-834x1024.jpeg 834w, https:\/\/cineytele.com\/play\/wp-content\/uploads\/2024\/10\/rev-1-DUNE2-JDSS-0247r_High_Res_JPEG-scaled-1-244x300.jpeg 244w, https:\/\/cineytele.com\/play\/wp-content\/uploads\/2024\/10\/rev-1-DUNE2-JDSS-0247r_High_Res_JPEG-scaled-1-768x943.jpeg 768w, https:\/\/cineytele.com\/play\/wp-content\/uploads\/2024\/10\/rev-1-DUNE2-JDSS-0247r_High_Res_JPEG-scaled-1-1252x1536.jpeg 1252w, https:\/\/cineytele.com\/play\/wp-content\/uploads\/2024\/10\/rev-1-DUNE2-JDSS-0247r_High_Res_JPEG-scaled-1-1669x2048.jpeg 1669w\" sizes=\"(max-width: 834px) 100vw, 834px\" \/><figcaption class=\"wp-element-caption\">Denis Villeneuve<\/figcaption><\/figure>\n\n\n\n<p>Villeneuve ha se\u00f1alado que, a pesar de tratarse de una continuaci\u00f3n directa, <em>Dune: Messiah<\/em> no ser\u00e1 una simple <em>Dune: Parte 3<\/em>. Seg\u00fan el director, este proyecto tendr\u00e1 su propia identidad y enfoque, alej\u00e1ndose del d\u00edptico que forman las dos primeras entregas. \u00abEs algo diferente, no es exactamente una trilog\u00eda en el sentido cl\u00e1sico. Estoy buscando crear algo que se sienta \u00fanico, con su propia personalidad\u00bb, coment\u00f3 Villeneuve. Este deseo de hacer algo \u00abdiferente\u00bb refleja el enfoque del director de no repetirse y de innovar constantemente, algo que ha sido una de sus marcas como cineasta.<\/p>\n\n\n\n<h3 class=\"wp-block-heading\"><strong>La expansi\u00f3n del universo Dune: <em>Dune: Prophecy<\/em> y las Bene Gesserit<\/strong><\/h3>\n\n\n\n<p>Antes de la llegada de <em>Dune: Messiah<\/em>, el universo de <em>Dune<\/em> se expandir\u00e1 con un nuevo proyecto para televisi\u00f3n, titulado <strong>Dune: Prophecy<\/strong>. Esta serie, producida por Warner Bros. y Max, se estrenar\u00e1 en <strong>noviembre de 2025<\/strong> y estar\u00e1 ambientada <strong>10.000 a\u00f1os antes<\/strong> de los eventos narrados en la novela original de Herbert, publicada en 1965. <em>Dune: Prophecy<\/em> seguir\u00e1 a las hermanas <strong>Valya<\/strong> y <strong>Tula Harkonnen<\/strong> en su lucha por preservar el futuro de la humanidad y en la creaci\u00f3n de la legendaria orden de las <strong>Bene Gesserit<\/strong>.<\/p>\n\n\n\n<p>Aunque <em>Dune: Prophecy<\/em> no contar\u00e1 con los personajes principales de las pel\u00edculas, su narrativa complementar\u00e1 la trilog\u00eda cinematogr\u00e1fica, proporcionando contexto y abordando aspectos poco explorados de la mitolog\u00eda de Herbert<\/p>\n\n\n\n<p class=\"has-text-align-right\"><a href=\"https:\/\/cineytele.com\/play\/\">&#8211;<\/a><\/p>\n","protected":false},"excerpt":{"rendered":"<p>Tras el \u00e9xito de Dune (2021) y Dune: Parte 2 (2024), el director canadiense ha confirmado que la tercera pel\u00edcula de la saga, titulada Dune: Messiah, no solo est\u00e1 en marcha, sino que llegar\u00e1 antes de lo esperado. Originalmente se cre\u00eda que la pel\u00edcula se estrenar\u00eda en 2027, pero Villeneuve ha adelantado que el rodaje [&hellip;]<\/p>\n","protected":false},"author":23,"featured_media":38002,"template":"","tags":[209,6119,7229,66],"categoria-de-noticias":[20],"class_list":["post-37999","noticias","type-noticias","status-publish","has-post-thumbnail","hentry","tag-cine","tag-denis-villeneuve","tag-dune-3","tag-estreno","categoria-de-noticias-cine"],"_links":{"self":[{"href":"https:\/\/cineytele.com\/play\/wp-json\/wp\/v2\/noticias\/37999","targetHints":{"allow":["GET"]}}],"collection":[{"href":"https:\/\/cineytele.com\/play\/wp-json\/wp\/v2\/noticias"}],"about":[{"href":"https:\/\/cineytele.com\/play\/wp-json\/wp\/v2\/types\/noticias"}],"author":[{"embeddable":true,"href":"https:\/\/cineytele.com\/play\/wp-json\/wp\/v2\/users\/23"}],"wp:featuredmedia":[{"embeddable":true,"href":"https:\/\/cineytele.com\/play\/wp-json\/wp\/v2\/media\/38002"}],"wp:attachment":[{"href":"https:\/\/cineytele.com\/play\/wp-json\/wp\/v2\/media?parent=37999"}],"wp:term":[{"taxonomy":"post_tag","embeddable":true,"href":"https:\/\/cineytele.com\/play\/wp-json\/wp\/v2\/tags?post=37999"},{"taxonomy":"categoria-de-noticias","embeddable":true,"href":"https:\/\/cineytele.com\/play\/wp-json\/wp\/v2\/categoria-de-noticias?post=37999"}],"curies":[{"name":"wp","href":"https:\/\/api.w.org\/{rel}","templated":true}]}}