{"id":38469,"date":"2024-11-04T13:27:40","date_gmt":"2024-11-04T12:27:40","guid":{"rendered":"https:\/\/cineytele.com\/play\/?post_type=noticias&#038;p=38469"},"modified":"2024-11-04T14:55:10","modified_gmt":"2024-11-04T13:55:10","slug":"conecta-digital-evento","status":"publish","type":"noticias","link":"https:\/\/cineytele.com\/play\/noticias\/conecta-digital-evento\/","title":{"rendered":"Conecta DIGITAL: La plataforma para el futuro audiovisual"},"content":{"rendered":"\n<p><strong>En su tercera fase del a\u00f1o, tras su paso por Toledo y una serie de masterclasses online en octubre, <a href=\"https:\/\/www.eventconecta.com\/\" target=\"_blank\" rel=\"noopener\">Conecta DIGITAL<\/a>, con el respaldo del Ministerio de Cultura y la financiaci\u00f3n de la Uni\u00f3n Europea a trav\u00e9s de los fondos Next Generation UE, vuelve a proporcionar durante dos d\u00edas de jornadas innovadoras -5 y 6 de noviembre-, un espacio de aprendizaje y conexi\u00f3n para que profesionales del sector audiovisual adquieran conocimientos de las \u00faltimas herramientas digitales aplicadas al entretenimiento en el Espacio Cultural Serrer\u00eda Belga, en Madrid<\/strong><\/p>\n\n\n\n<figure class=\"wp-block-image size-large\"><img fetchpriority=\"high\" decoding=\"async\" width=\"1024\" height=\"480\" src=\"https:\/\/cineytele.com\/play\/wp-content\/uploads\/2024\/11\/Banner-mailchimp-CD-1024x480.jpg\" alt=\"Conecta DIGITAL\" class=\"wp-image-38470\" srcset=\"https:\/\/cineytele.com\/play\/wp-content\/uploads\/2024\/11\/Banner-mailchimp-CD-1024x480.jpg 1024w, https:\/\/cineytele.com\/play\/wp-content\/uploads\/2024\/11\/Banner-mailchimp-CD-300x141.jpg 300w, https:\/\/cineytele.com\/play\/wp-content\/uploads\/2024\/11\/Banner-mailchimp-CD-768x360.jpg 768w, https:\/\/cineytele.com\/play\/wp-content\/uploads\/2024\/11\/Banner-mailchimp-CD-1536x719.jpg 1536w, https:\/\/cineytele.com\/play\/wp-content\/uploads\/2024\/11\/Banner-mailchimp-CD-2048x959.jpg 2048w\" sizes=\"(max-width: 1024px) 100vw, 1024px\" \/><\/figure>\n\n\n\n<p>Conecta DIGITAL es una extensi\u00f3n de Conecta FICTION &amp; ENTERTAINMENT que act\u00faa como puente entre las tecnolog\u00edas emergentes y la industria del entretenimiento audiovisual. A trav\u00e9s de\u00a0<strong>masterclasses, paneles, sesiones interactivas, talleres y concursos<\/strong>, los participantes se sumergir\u00e1n en el mundo de las nuevas tecnolog\u00edas para potenciar sus proyectos audiovisuales.<\/p>\n\n\n\n<p>En Conecta DIGITAL encontrar\u00e1s m\u00faltiples oportunidades para el <strong>networking<\/strong>, con \u00e1reas dedicadas para reuniones, espacios reservados para empresas y eventos informales como c\u00f3cteles, dise\u00f1ados para facilitar conexiones efectivas. Adem\u00e1s, podr\u00e1s asistir a los <strong>pitchings de las startups y proyectos tecnol\u00f3gicos<\/strong>, elegidos cuidadosamente por comit\u00e9s editoriales formados por expertos internacionales y profesionales destacados de los sectores tecnol\u00f3gico y audiovisual. Asimismo, el evento incluye un completo programa de <strong>actividades<\/strong>, que abarca sesiones sobre temas de actualidad, especialmente \u00fatiles para una audiencia diversa de inversores, productores, creadores de contenido, profesionales de telecomunicaciones y empresas tecnol\u00f3gicas, as\u00ed como experiencias interactivas e inmersivas.<\/p>\n\n\n\n<p>El comit\u00e9 asesor de Conecta DIGITAL 2024, est\u00e1 compuesto por destacados profesionales y ejecutivos del \u00e1mbito tecnol\u00f3gico y audiovisual, asegurando un enfoque integral en el desarrollo de las actividades. Entre sus miembros se encuentran <strong>C\u00e9sar L\u00f3pez<\/strong>, director general de <strong>Leanspots<\/strong>; <strong>Lorena Gonz\u00e1lez<\/strong>, cofundadora de <strong>Inmersiva XR<\/strong>; y <strong>Paco Asensi<\/strong>, director de innovaci\u00f3n y alianzas estrat\u00e9gicas en <strong>DeAPlaneta Entertainment<\/strong>, todos ellos l\u00edderes reconocidos en sus \u00e1reas de especialidad.<\/p>\n\n\n\n<h2 class=\"wp-block-heading\"><strong>Un programa integral para la innovaci\u00f3n audiovisual<\/strong><\/h2>\n\n\n\n<p>Durante los dos d\u00edas del evento, los asistentes podr\u00e1n participar en una amplia gama de actividades enfocadas en temas clave para el sector:<\/p>\n\n\n\n<p><strong>Panel \u00abRadar Tecnol\u00f3gico: Innovaci\u00f3n al Servicio del Audiovisual\u00bb<\/strong> (5 de noviembre, 10:00-11:00) \u2013 Un an\u00e1lisis de las tecnolog\u00edas emergentes que est\u00e1n revolucionando el entretenimiento audiovisual. Este panel contar\u00e1 con la participaci\u00f3n de expertos como <strong>Manuel Meijide<\/strong>, director de <strong>Mundos Digitales<\/strong>, y <strong>Adri\u00e1n Pueyo<\/strong>, jefe de producci\u00f3n virtual en <strong>Orca Studios<\/strong>.<\/p>\n\n\n\n<p><strong>Showcase \u00abInnovaci\u00f3n: Nuevas Fronteras en la Creaci\u00f3n Audiovisual\u00bb<\/strong> (5 de noviembre, 11:00-12:00) \u2013 Un showcase inmersivo en el que cuatro empresas l\u00edderes expondr\u00e1n sus productos y servicios innovadores en \u00e1reas como producci\u00f3n y postproducci\u00f3n, narrativa y vestuario, mostrando c\u00f3mo la tecnolog\u00eda redefine cada fase de la creaci\u00f3n de contenido.<\/p>\n\n\n\n<p><strong>Panel \u00abResponsabilidad en la Producci\u00f3n Audiovisual\u00bb<\/strong> (5 de noviembre, 12:30-13:30) \u2013 Un espacio para discutir la integraci\u00f3n de tecnolog\u00edas avanzadas con pr\u00e1cticas responsables y \u00e9ticas en la producci\u00f3n audiovisual, abordado por l\u00edderes como <strong>Felipe Jim\u00e9nez<\/strong>, director de estrategia digital en <strong>Banijay<\/strong>, y <strong>Chalo Bonifacino<\/strong>, CEO de <strong>LaLiga Studios<\/strong>.<\/p>\n\n\n\n<p><strong>Pitching Session \u2013 Startups<\/strong> (5 de noviembre, 13:30-14:30) \u2013 Las startups seleccionadas presentar\u00e1n sus proyectos ante el p\u00fablico, mostrando sus ideas innovadoras con potencial de transformar el sector audiovisual.<\/p>\n\n\n\n<p><strong>Panel \u00abFinanciaci\u00f3n Disruptiva Digital\u00bb<\/strong> (5 de noviembre, 16:00-17:00) \u2013 En este panel, expertos analizan nuevas estrategias de financiaci\u00f3n, como el crowdfunding y los NFTs, que est\u00e1n facilitando el acceso a fondos para proyectos audiovisuales.<\/p>\n\n\n\n<p><strong>Conecta Mujeres: Panel \u00abInnovaci\u00f3n en la Difusi\u00f3n Digital\u00bb<\/strong> (5 de noviembre, 17:00-18:00) \u2013 Un panel dedicado a explorar estrategias avanzadas para optimizar el alcance global del contenido digital, con la participaci\u00f3n de <strong>Cecilia Mangisch<\/strong> de <strong>Mediaset<\/strong> y <strong>Victoria Cazalla<\/strong> de <strong>YouTube<\/strong>.<\/p>\n\n\n\n<p><strong>Encuentro de Estudiantes: Potencia tu Marca en Redes Sociales<\/strong> (6 de noviembre, 10:00-11:00) \u2013 Una sesi\u00f3n dirigida a estudiantes para aprender a fortalecer su presencia en redes sociales y monetizar su contenido.<\/p>\n\n\n\n<p><strong>Pitching Session \u2013 Young Minds<\/strong> (6 de noviembre, 11:00-12:00) \u2013 Cuatro proyectos de j\u00f3venes emprendedores ser\u00e1n presentados ante inversores para facilitar su entrada en el sector.<\/p>\n\n\n\n<p><strong>Keynote \u00abCreators Strike Back\u00bb<\/strong> (6 de noviembre, 12:30-13:00) \u2013 Una charla que invita a replantearse el futuro del entretenimiento digital en la era de la Web 3.0, a cargo de <strong>Matthew Scott<\/strong>, CEO de <strong>Playhuman<\/strong>.<\/p>\n\n\n\n<p><strong>Panel \u00abEl Poder de los Formatos Digitales\u00bb<\/strong> (6 de noviembre, 13:30-14:30) \u2013 Un an\u00e1lisis de los casos de \u00e9xito recientes en el uso de formatos digitales en el entretenimiento, y c\u00f3mo est\u00e1n redefiniendo la industria.<\/p>\n\n\n\n<p><strong>Panel \u00abProducci\u00f3n Virtual: Innovaciones Tecnol\u00f3gicas\u00bb<\/strong> (6 de noviembre, 16:00-17:00) \u2013 Un espacio donde los asistentes podr\u00e1n conocer c\u00f3mo las tecnolog\u00edas de producci\u00f3n virtual est\u00e1n transformando el proceso creativo en el sector audiovisual.<\/p>\n\n\n\n<p><strong>Debate \u00abRetos y Oportunidades en el Futuro del Audiovisual\u00bb<\/strong> (6 de noviembre, 17:00-18:00) \u2013 Un debate sobre los efectos sociales, medioambientales y legales que implica la r\u00e1pida evoluci\u00f3n tecnol\u00f3gica en el audiovisual.<\/p>\n\n\n\n<h2 class=\"wp-block-heading\"><strong>Concurso de pitch: Impulsando el emprendimiento audiovisual<\/strong><\/h2>\n\n\n\n<p>Uno de los eventos destacados de Conecta DIGITAL es el concurso de pitch, en el que startups y proyectos de j\u00f3venes talentos tienen la oportunidad de presentar sus ideas innovadoras ante un jurado de expertos en la industria audiovisual. Este a\u00f1o, el jurado est\u00e1 compuesto por figuras reconocidas como <strong>Cecilia Mangisch<\/strong>, de<strong> Mediaset<\/strong>; <strong>Pere Vila<\/strong>, director de estrategia tecnol\u00f3gica e innovaci\u00f3n en <strong>RTVE<\/strong>; <strong>Soraya Cadalso<\/strong>, directora general de <strong>Uttopion<\/strong>; y <strong>Paco Torres<\/strong>, de <strong>Blend Studios\u200b<\/strong>.<\/p>\n\n\n\n<p>El concurso se divide en dos categor\u00edas principales:<\/p>\n\n\n\n<ol class=\"wp-block-list\">\n<li><strong>Pitch Startups:<\/strong> Cuatro startups tecnol\u00f3gicas espa\u00f1olas con productos o servicios innovadores en el sector audiovisual presentar\u00e1n sus propuestas el 5 de noviembre. Los seleccionados para este concurso son <strong>AvIAn<\/strong>,<strong> Hechicer-IA<\/strong>,<strong> Hulahoop Media <\/strong>y<strong> STIK<\/strong>. Cada una de estas empresas busca resolver desaf\u00edos del sector a trav\u00e9s de soluciones como la IA, blockchain y la gamificaci\u00f3n.<\/li>\n\n\n\n<li><strong>Pitch Young Minds:<\/strong> Dirigido a j\u00f3venes menores de 30 a\u00f1os, este concurso se celebrar\u00e1 el 6 de noviembre y contar\u00e1 con cuatro proyectos emergentes que tambi\u00e9n abordan necesidades del entretenimiento digital y audiovisual. El objetivo es conectar a estos j\u00f3venes con posibles socios e inversores para facilitar el desarrollo de sus ideas.<\/li>\n<\/ol>\n\n\n\n<p>Conecta DIGITAL, a trav\u00e9s de este programa integral y el apoyo a emprendedores, sigue posicion\u00e1ndose como un referente en la industria audiovisual, promoviendo la colaboraci\u00f3n y el avance tecnol\u00f3gico en Espa\u00f1a.<\/p>\n\n\n\n<p><a href=\"https:\/\/cineytele.com\/play\/\">&#8211;<\/a><\/p>\n","protected":false},"excerpt":{"rendered":"<p>En su tercera fase del a\u00f1o, tras su paso por Toledo y una serie de masterclasses online en octubre, Conecta DIGITAL, con el respaldo del Ministerio de Cultura y la financiaci\u00f3n de la Uni\u00f3n Europea a trav\u00e9s de los fondos Next Generation UE, vuelve a proporcionar durante dos d\u00edas de jornadas innovadoras -5 y 6 [&hellip;]<\/p>\n","protected":false},"author":23,"featured_media":38484,"template":"","tags":[5258,7464,3678,1238,3684,372,7465],"categoria-de-noticias":[7081],"class_list":["post-38469","noticias","type-noticias","status-publish","has-post-thumbnail","hentry","tag-audiovisual","tag-conecta-digital","tag-evento","tag-ia","tag-networking","tag-plataforma","tag-tecnologias","categoria-de-noticias-ocio-eventos-entradas"],"_links":{"self":[{"href":"https:\/\/cineytele.com\/play\/wp-json\/wp\/v2\/noticias\/38469","targetHints":{"allow":["GET"]}}],"collection":[{"href":"https:\/\/cineytele.com\/play\/wp-json\/wp\/v2\/noticias"}],"about":[{"href":"https:\/\/cineytele.com\/play\/wp-json\/wp\/v2\/types\/noticias"}],"author":[{"embeddable":true,"href":"https:\/\/cineytele.com\/play\/wp-json\/wp\/v2\/users\/23"}],"wp:featuredmedia":[{"embeddable":true,"href":"https:\/\/cineytele.com\/play\/wp-json\/wp\/v2\/media\/38484"}],"wp:attachment":[{"href":"https:\/\/cineytele.com\/play\/wp-json\/wp\/v2\/media?parent=38469"}],"wp:term":[{"taxonomy":"post_tag","embeddable":true,"href":"https:\/\/cineytele.com\/play\/wp-json\/wp\/v2\/tags?post=38469"},{"taxonomy":"categoria-de-noticias","embeddable":true,"href":"https:\/\/cineytele.com\/play\/wp-json\/wp\/v2\/categoria-de-noticias?post=38469"}],"curies":[{"name":"wp","href":"https:\/\/api.w.org\/{rel}","templated":true}]}}