{"id":38739,"date":"2024-11-13T16:41:09","date_gmt":"2024-11-13T15:41:09","guid":{"rendered":"https:\/\/cineytele.com\/play\/?post_type=noticias&#038;p=38739"},"modified":"2024-11-14T20:58:31","modified_gmt":"2024-11-14T19:58:31","slug":"will-smith-starlite-occident-2025","status":"publish","type":"noticias","link":"https:\/\/cineytele.com\/play\/noticias\/will-smith-starlite-occident-2025\/","title":{"rendered":"Will Smith, Europe, Jhayco y Los Secretos, primeros confirmados de Starlite Occident 2025"},"content":{"rendered":"\n<p><strong>El festival boutique celebrar\u00e1 en 2025 su XIV edici\u00f3n en Marbella: conciertos \u00edntimos, la mejor gastronom\u00eda y los m\u00e1s divertidos after parties volver\u00e1n a darse cita en la emblem\u00e1tica cantera, ofreciendo experiencias \u00fanicas bajo las estrellas<\/strong>. <\/p>\n\n\n\n<p>Consolidado como\u00a0<strong>uno de los eventos musicales, culturales y de ocio m\u00e1s reconocidos en el mundo<\/strong>, Starlite Occident celebrar\u00e1 en\u00a0<strong>2025<\/strong>\u00a0su\u00a0<strong>XIV edici\u00f3n<\/strong>\u00a0en\u00a0<strong>Marbella<\/strong>. El\u00a0<strong>festival de las estrellas<\/strong>\u00a0volver\u00e1 a reunir en\u00a0<strong>Andaluc\u00eda<\/strong>\u00a0a artistas de renombre internacional, ofreciendo\u00a0<strong>experiencias \u00fanicas en un entorno incomparable<\/strong>.\u00a0<br>\u00a0<br>Celebrado en la emblem\u00e1tica\u00a0<strong>Cantera de Marbella<\/strong>, uno de los enclaves m\u00e1s espectaculares, el festival fusiona a la perfecci\u00f3n la magia de su\u00a0<strong>entorno natural<\/strong>\u00a0con\u00a0<strong>lo \u00faltimo en tecnolog\u00eda<\/strong>\u00a0para crear un universo fascinante, solo visto en\u00a0<strong>el mejor festival boutique del mundo.\u00a0<\/strong><br>\u00a0<br>Con la innovaci\u00f3n\u00a0como parte de su ADN, Starlite Occident cuenta con\u00a0<strong>la m\u00e1s avanzada configuraci\u00f3n sonora del planeta<\/strong>. Su sistema de audio revolucionario, unido a las caracter\u00edsticas ac\u00fasticas naturales de la Cantera, hace vivir a los asistentes\u00a0<strong>una experiencia musical en vivo incomparable con nada conocido hasta el momento.\u00a0<\/strong><\/p>\n\n\n\n<p><strong>UNA CITA DE EXCEPCI\u00d3N CON LAS ESTRELLAS\u00a0<\/strong><br>\u00a0<br>Starlite Occident volver\u00e1 a recibir a<strong>\u00a0iconos mundiales de la m\u00fasica<\/strong>\u00a0y el entretenimiento en un\u00a0<strong>formato<\/strong>\u00a0<strong>boutique exclusivo<\/strong>, dando lugar a\u00a0<strong>conciertos \u00edntimos<\/strong>\u00a0y\u00a0<strong>espect\u00e1culos \u00fanicos<\/strong>, as\u00ed como la oportunidad a estos grandes artistas de estar\u00a0<strong>m\u00e1s cerca que nunca de su p\u00fablico<\/strong>. La diversidad volver\u00e1 a estar presente en el cartel con una extensa y ecl\u00e9ctica propuesta cultural, para todos los gustos musicales y generaciones.\u00a0<\/p>\n\n\n\n<figure class=\"wp-block-image size-large\"><img fetchpriority=\"high\" decoding=\"async\" width=\"1024\" height=\"292\" src=\"https:\/\/cineytele.com\/play\/wp-content\/uploads\/2024\/11\/28192953-4155-b6fc-f5a6-7ae492f0c43c-1024x292.png\" alt=\"\" class=\"wp-image-38740\" srcset=\"https:\/\/cineytele.com\/play\/wp-content\/uploads\/2024\/11\/28192953-4155-b6fc-f5a6-7ae492f0c43c-1024x292.png 1024w, https:\/\/cineytele.com\/play\/wp-content\/uploads\/2024\/11\/28192953-4155-b6fc-f5a6-7ae492f0c43c-300x86.png 300w, https:\/\/cineytele.com\/play\/wp-content\/uploads\/2024\/11\/28192953-4155-b6fc-f5a6-7ae492f0c43c-768x219.png 768w, https:\/\/cineytele.com\/play\/wp-content\/uploads\/2024\/11\/28192953-4155-b6fc-f5a6-7ae492f0c43c-1536x438.png 1536w, https:\/\/cineytele.com\/play\/wp-content\/uploads\/2024\/11\/28192953-4155-b6fc-f5a6-7ae492f0c43c.png 1670w\" sizes=\"(max-width: 1024px) 100vw, 1024px\" \/><\/figure>\n\n\n\n<p><strong>EUROPE<\/strong><br>Europe ha cautivado a miles de fans con su talento y energ\u00eda inconfundible durante m\u00e1s de cuatro d\u00e9cadas. Su tercer \u00e1lbum, \u201cThe Final Countdown\u201d los catapult\u00f3 al estrellato mundial con su himno hom\u00f3nimo, alcanzando el n\u00famero uno en m\u00e1s de 25 pa\u00edses y vendiendo millones de copias. Ha demostrado una habilidad para reinventarse y mantenerse en la cima en una industria en constante evoluci\u00f3n, y \u00abOut Of This World\u00bb, \u201cCarrie\u201do \u00abWalk The Earth\u00bb, son solo algunos de los \u00e9xitos que el p\u00fablico de Starlite Occident podr\u00e1 disfrutar en directo.\u00a0<br>\u00a0<br><strong>JHAYCO<\/strong><br>Con apenas 11 a\u00f1os,\u00a0<strong>Jhayco\u00a0<\/strong>comenz\u00f3 su carrera en el mundo de\u00a0<strong>trap<\/strong>\u00a0y el\u00a0<strong>reggaet\u00f3n<\/strong>,\u00a0y no tard\u00f3 en llamar la atenci\u00f3n de grandes compositores.\u00a0<strong>\u201cHolanda\u201d<\/strong>,\u00a0<strong>\u201cLey Seca\u201d<\/strong>\u00a0o\u00a0<strong>\u201cNo me conoce (Remix)\u201d<\/strong>, son solo algunos de los \u00e9xitos que lo han llevado a convertirse en uno de los mayores representantes de la m\u00fasica latina. Con m\u00e1s de\u00a0<strong>17 mil millones de reproducciones<\/strong>\u00a0en plataformas digitales, el puertorrique\u00f1o representa una nueva generaci\u00f3n dentro de la escena, creando un sonido internacional para el g\u00e9nero latino y\u00a0llev\u00e1ndolo a escenarios globales.<br>\u00a0<br><strong>WILL SMITH<\/strong><br>Alcanz\u00f3 la fama con Dj Jazzy Jeff &amp; the Fresh Prince, ganando el primer premio Grammy hip-hop. Como solista, cosech\u00f3 \u00e9xitos con sus \u00e1lbumes Big Willie Style y Willenium, y temas como &#8216;Miami&#8217;, &#8216;Men in Black\u02bc y &#8216;Gettin Jiggy Wit It\u02bc, obteniendo m\u00faltiples Grammys y certificaciones platino. M\u00e1s all\u00e1 de la m\u00fasica, es uno de los actores de m\u00e1s \u00e9xito de Hollywood. Por primera vez en su carrera, Will Smith actuar\u00e1 en Starlite Occident llevando al p\u00fablico a trav\u00e9s de un viaje en directo por su carrera musical con\u00a0<strong>An Evening with Will Smith.<\/strong><br>\u00a0<br><strong>LOS SECRETOS<\/strong><br>Su inconfundible sonido cuenta con las guitarras\u00a0de\u00a0<strong>\u00c1lvaro Urquijo<\/strong>,\u00a0<strong>Ram\u00f3n Arroyo<\/strong>\u00a0y\u00a0<strong>Txetxu Altube<\/strong>, el bajo de\u00a0<strong>Juanjo Ramos<\/strong>, el inconfundible piano de\u00a0<strong>Jes\u00fas Redondo<\/strong>\u00a0y\u00a0la incesante bater\u00eda de<strong>\u00a0Santi Fern\u00e1ndez<\/strong>. Creadores de temas atemporales considerados las grandes canciones del pop espa\u00f1ol, Los Secretos de siempre con energ\u00edas renovadas y nuevas generaciones en sus filas, har\u00e1n disfrutar al p\u00fablico del festival con himnos como\u00a0<strong>\u201cD\u00e9jame\u201d<\/strong>,\u00a0<strong>\u201cPero a tu lado\u201d<\/strong>,\u00a0<strong>\u201c\u00c9chame a m\u00ed la culpa\u201d<\/strong>\u00a0o \u201c<strong>La Calle del Olvido\u201d<\/strong>.<\/p>\n\n\n\n<p>\u00a0<\/p>\n","protected":false},"excerpt":{"rendered":"<p>El festival boutique celebrar\u00e1 en 2025 su XIV edici\u00f3n en Marbella: conciertos \u00edntimos, la mejor gastronom\u00eda y los m\u00e1s divertidos after parties volver\u00e1n a darse cita en la emblem\u00e1tica cantera, ofreciendo experiencias \u00fanicas bajo las estrellas. Consolidado como\u00a0uno de los eventos musicales, culturales y de ocio m\u00e1s reconocidos en el mundo, Starlite Occident celebrar\u00e1 en\u00a02025\u00a0su\u00a0XIV [&hellip;]<\/p>\n","protected":false},"author":23,"featured_media":38741,"template":"","tags":[],"categoria-de-noticias":[7148,7081],"class_list":["post-38739","noticias","type-noticias","status-publish","has-post-thumbnail","hentry","categoria-de-noticias-musica","categoria-de-noticias-ocio-eventos-entradas"],"_links":{"self":[{"href":"https:\/\/cineytele.com\/play\/wp-json\/wp\/v2\/noticias\/38739","targetHints":{"allow":["GET"]}}],"collection":[{"href":"https:\/\/cineytele.com\/play\/wp-json\/wp\/v2\/noticias"}],"about":[{"href":"https:\/\/cineytele.com\/play\/wp-json\/wp\/v2\/types\/noticias"}],"author":[{"embeddable":true,"href":"https:\/\/cineytele.com\/play\/wp-json\/wp\/v2\/users\/23"}],"wp:featuredmedia":[{"embeddable":true,"href":"https:\/\/cineytele.com\/play\/wp-json\/wp\/v2\/media\/38741"}],"wp:attachment":[{"href":"https:\/\/cineytele.com\/play\/wp-json\/wp\/v2\/media?parent=38739"}],"wp:term":[{"taxonomy":"post_tag","embeddable":true,"href":"https:\/\/cineytele.com\/play\/wp-json\/wp\/v2\/tags?post=38739"},{"taxonomy":"categoria-de-noticias","embeddable":true,"href":"https:\/\/cineytele.com\/play\/wp-json\/wp\/v2\/categoria-de-noticias?post=38739"}],"curies":[{"name":"wp","href":"https:\/\/api.w.org\/{rel}","templated":true}]}}