{"id":38792,"date":"2024-11-15T15:08:27","date_gmt":"2024-11-15T14:08:27","guid":{"rendered":"https:\/\/cineytele.com\/play\/?post_type=noticias&#038;p=38792"},"modified":"2024-11-15T15:08:29","modified_gmt":"2024-11-15T14:08:29","slug":"grammy-latinos-2024-ganadores","status":"publish","type":"noticias","link":"https:\/\/cineytele.com\/play\/noticias\/grammy-latinos-2024-ganadores\/","title":{"rendered":"Grammy Latinos 2024: Un triunfo compartido entre leyendas y estrellas emergentes"},"content":{"rendered":"\n<p><strong>La <a href=\"https:\/\/www.latingrammy.com\/\" target=\"_blank\" rel=\"noopener\">25\u00aa edici\u00f3n de los Grammy Latinos<\/a> en Miami marc\u00f3 un punto de inflexi\u00f3n entre generaciones, con grandes victorias para leyendas como Juan Luis Guerra y nuevos iconos como Karol G. Un evento que celebr\u00f3 tanto la historia como el futuro de la m\u00fasica en espa\u00f1ol, reflejando un cambio de era hacia una mayor presencia femenina joven.<\/strong><\/p>\n\n\n\n<figure class=\"wp-block-image size-large\"><img fetchpriority=\"high\" decoding=\"async\" width=\"1024\" height=\"496\" src=\"https:\/\/cineytele.com\/play\/wp-content\/uploads\/2024\/11\/LISTA-DE-TALLERES-DE-LUNES-A-VIERNES-33-1-1024x496.png\" alt=\"\" class=\"wp-image-38794\" srcset=\"https:\/\/cineytele.com\/play\/wp-content\/uploads\/2024\/11\/LISTA-DE-TALLERES-DE-LUNES-A-VIERNES-33-1-1024x496.png 1024w, https:\/\/cineytele.com\/play\/wp-content\/uploads\/2024\/11\/LISTA-DE-TALLERES-DE-LUNES-A-VIERNES-33-1-300x145.png 300w, https:\/\/cineytele.com\/play\/wp-content\/uploads\/2024\/11\/LISTA-DE-TALLERES-DE-LUNES-A-VIERNES-33-1-768x372.png 768w, https:\/\/cineytele.com\/play\/wp-content\/uploads\/2024\/11\/LISTA-DE-TALLERES-DE-LUNES-A-VIERNES-33-1.png 1300w\" sizes=\"(max-width: 1024px) 100vw, 1024px\" \/><figcaption class=\"wp-element-caption\">Karol G gana por segundo a\u00f1o consecutivo el galard\u00f3n a Mejor \u00c1lbum de M\u00fasica Urbana por \u00abMa\u00f1ana ser\u00e1 bonito (bichota season).<\/figcaption><\/figure>\n\n\n\n<p>En una noche inolvidable para la industria musical, la 25\u00aa edici\u00f3n de los Grammy Latinos volvi\u00f3 a Miami, su lugar de origen, para consagrar a figuras emblem\u00e1ticas y abrir paso a la nueva ola de talentos. En una ceremonia que reflej\u00f3 un claro contraste generacional, la victoria se dividi\u00f3 entre nombres consagrados y estrellas en ascenso.<\/p>\n\n\n\n<p>Con nuevas categor\u00edas y un impresionante elenco de nominados, la ceremonia se consolid\u00f3 como un homenaje a la fusi\u00f3n de generaciones y estilos. Este a\u00f1o, las principales nominaciones fueron lideradas por <strong>Karol G<\/strong> y <strong>Bad Bunny<\/strong>, con ocho cada uno, destacando su dominio en la escena musical global.<\/p>\n\n\n\n<p>Entre los veteranos, el dominicano <strong>Juan Luis Guerra<\/strong>, de 67 a\u00f1os, se llev\u00f3 cuatro premios, reafirmando su estatus como uno de los m\u00fasicos m\u00e1s influyentes de la m\u00fasica tropical. <strong>Carlos Vives<\/strong>, a sus 63 a\u00f1os,<strong> fue nombrado Persona del A\u00f1o<\/strong>, mientras que<strong> Jorge Drexler<\/strong>, con 60 a\u00f1os, se coron\u00f3 con el premio a la <strong>Canci\u00f3n del A\u00f1o<\/strong>. Otros como <strong>Luis Fonsi, Aterciopelados<\/strong> y <strong>Daddy Yankee<\/strong> tambi\u00e9n brillaron en un evento donde la media de edad de los hombres premiados se situ\u00f3 en los 50 a\u00f1os.<\/p>\n\n\n\n<figure class=\"wp-block-image size-large\"><img decoding=\"async\" width=\"1024\" height=\"496\" src=\"https:\/\/cineytele.com\/play\/wp-content\/uploads\/2024\/11\/LISTA-DE-TALLERES-DE-LUNES-A-VIERNES-34-1024x496.png\" alt=\"\" class=\"wp-image-38795\" srcset=\"https:\/\/cineytele.com\/play\/wp-content\/uploads\/2024\/11\/LISTA-DE-TALLERES-DE-LUNES-A-VIERNES-34-1024x496.png 1024w, https:\/\/cineytele.com\/play\/wp-content\/uploads\/2024\/11\/LISTA-DE-TALLERES-DE-LUNES-A-VIERNES-34-300x145.png 300w, https:\/\/cineytele.com\/play\/wp-content\/uploads\/2024\/11\/LISTA-DE-TALLERES-DE-LUNES-A-VIERNES-34-768x372.png 768w, https:\/\/cineytele.com\/play\/wp-content\/uploads\/2024\/11\/LISTA-DE-TALLERES-DE-LUNES-A-VIERNES-34.png 1300w\" sizes=\"(max-width: 1024px) 100vw, 1024px\" \/><figcaption class=\"wp-element-caption\">Juan Luis Guerra 4.40 | Grabaci\u00f3n del A\u00f1o por \u00abMambo 23\u00bb. <\/figcaption><\/figure>\n\n\n\n<figure class=\"wp-block-embed is-type-video is-provider-youtube wp-block-embed-youtube wp-embed-aspect-4-3 wp-has-aspect-ratio\"><div class=\"wp-block-embed__wrapper\">\n<iframe title=\"Jorge Drexler - Derrumbe (Video Oficial)\" width=\"800\" height=\"600\" src=\"https:\/\/www.youtube.com\/embed\/PVnp-ryxXoM?feature=oembed\" frameborder=\"0\" allow=\"accelerometer; autoplay; clipboard-write; encrypted-media; gyroscope; picture-in-picture; web-share\" referrerpolicy=\"strict-origin-when-cross-origin\" allowfullscreen><\/iframe>\n<\/div><\/figure>\n\n\n\n<p><strong>Karol G<\/strong> hizo historia al llevarse el premio al <strong>Mejor \u00c1lbum de M\u00fasica Urbana con <em>Ma\u00f1ana Ser\u00e1 Bonito (Bichota Season)<\/em><\/strong>, superando a <strong>Bad Bunny<\/strong> y convirti\u00e9ndose en la primera mujer en recibir este galard\u00f3n en dos ocasiones. Por su parte, <strong>Nathy Peluso<\/strong> cautiv\u00f3 al p\u00fablico al ganar el premio a <strong>Mejor Canci\u00f3n Alternativa por <em>El d\u00eda que perd\u00ed mi juventud<\/em><\/strong> y <strong>Mejor V\u00eddeo Musical Versi\u00f3n Larga<\/strong>. La cantante comparti\u00f3 una emotiva an\u00e9cdota al recibir el premio: \u00abLa m\u00fasica siempre ha sido mi camino, mi fe. Escrib\u00ed esta canci\u00f3n como una profec\u00eda para recuperar la inocencia y la libertad que sent\u00eda que hab\u00eda perdido\u00bb.<\/p>\n\n\n\n<p><strong>Ela Taubert<\/strong>, de apenas 24 a\u00f1os, captur\u00f3 la atenci\u00f3n al recibir el premio a <strong>Mejor Nuevo Artista<\/strong>, consolidando su estatus como una de las promesas m\u00e1s destacadas de la m\u00fasica contempor\u00e1nea. <strong>Mon Laferte<\/strong>, con 40 a\u00f1os, continu\u00f3 defendiendo la m\u00fasica alternativa, llev\u00e1ndose el premio al <strong>Mejor \u00c1lbum <\/strong>de su g\u00e9nero.<\/p>\n\n\n\n<figure class=\"wp-block-image size-large\"><img decoding=\"async\" width=\"1024\" height=\"496\" src=\"https:\/\/cineytele.com\/play\/wp-content\/uploads\/2024\/11\/LISTA-DE-TALLERES-DE-LUNES-A-VIERNES-35-1024x496.png\" alt=\"grammys latinos\" class=\"wp-image-38797\" srcset=\"https:\/\/cineytele.com\/play\/wp-content\/uploads\/2024\/11\/LISTA-DE-TALLERES-DE-LUNES-A-VIERNES-35-1024x496.png 1024w, https:\/\/cineytele.com\/play\/wp-content\/uploads\/2024\/11\/LISTA-DE-TALLERES-DE-LUNES-A-VIERNES-35-300x145.png 300w, https:\/\/cineytele.com\/play\/wp-content\/uploads\/2024\/11\/LISTA-DE-TALLERES-DE-LUNES-A-VIERNES-35-768x372.png 768w, https:\/\/cineytele.com\/play\/wp-content\/uploads\/2024\/11\/LISTA-DE-TALLERES-DE-LUNES-A-VIERNES-35.png 1300w\" sizes=\"(max-width: 1024px) 100vw, 1024px\" \/><figcaption class=\"wp-element-caption\">Ela Taubert | Mejor Nuevo Artista<\/figcaption><\/figure>\n\n\n\n<p>Las actuaciones de la noche tambi\u00e9n destacaron por su fusi\u00f3n entre nostalgia y modernidad. <strong>Carlos Vives<\/strong> abri\u00f3 la velada con un popurr\u00ed de sus \u00e9xitos inmortales, mientras que la joven <strong>Ela Taubert<\/strong> ofreci\u00f3 un espect\u00e1culo junto a <strong>Joe Jonas<\/strong>, subrayando la globalizaci\u00f3n del pop latino. La presencia de DJ Khaled junto a artistas de la nueva escuela como <strong>Eladio Carri\u00f3n<\/strong> y <strong>Quevedo<\/strong> revitaliz\u00f3 la audiencia antes de que <strong>Juan Luis Guerra<\/strong> encantara con su elegante <em>Mambo 23<\/em>.<\/p>\n\n\n\n<p>Los artistas espa\u00f1oles tambi\u00e9n dejaron su huella en esta edici\u00f3n. Figuras como <strong>David Bisbal, C. Tangana, El Cigala, Rozal\u00e9n, Ni\u00f1a Pastori, Vicente Amigo, I\u00f1igo Quintero<\/strong> y <strong>Carlos Sadness<\/strong> brillaron en el listado de nominados, evidenciando la solidez de la m\u00fasica espa\u00f1ola en el escenario internacional.<\/p>\n\n\n\n<p><strong>Premios destacados y momentos inolvidables<\/strong><\/p>\n\n\n\n<p>Uno de los momentos m\u00e1s destacados fue la premiaci\u00f3n del productor argentino <strong>Bizarrap<\/strong>, quien recibi\u00f3 el galard\u00f3n a <strong>Mejor Interpretaci\u00f3n de M\u00fasica Electr\u00f3nica Latina<\/strong> <strong>por el remix de <em>BZRP Music Sessions 53<\/em><\/strong> junto a <strong>Ti\u00ebsto<\/strong> y <strong>Shakira<\/strong>. \u00abConoc\u00ed la m\u00fasica electr\u00f3nica gracias a Ti\u00ebsto cuando ten\u00eda 6 o 7 a\u00f1os, y poder colaborar con \u00e9l en este remix ha sido un sue\u00f1o hecho realidad\u00bb, expres\u00f3 emocionado.<\/p>\n\n\n\n<p><strong>Actuaciones y desfiles de moda<\/strong><\/p>\n\n\n\n<p>El evento ofreci\u00f3 un espect\u00e1culo ecl\u00e9ctico donde la nostalgia se fusion\u00f3 con lo contempor\u00e1neo. La noche se inici\u00f3 con Carlos Vives interpretando un popurr\u00ed de sus \u00e9xitos, seguido de Ela Taubert junto a Joe Jonas, resaltando la internacionalizaci\u00f3n del pop latino. <strong>Emilia<\/strong>, en su primera participaci\u00f3n en los <strong>Grammy Latinos<\/strong>, subi\u00f3 al escenario para interpretar su popular <em><strong>No_se_ve.mp3<\/strong><\/em>, mientras <strong>Rauw Alejandro<\/strong> anticipaba una noche de celebraci\u00f3n para marcar el lanzamiento de su nuevo disco.<\/p>\n\n\n\n<p>La alfombra roja fue una exhibici\u00f3n de estilo y elegancia. <strong>Alejandro Sanz<\/strong> lleg\u00f3 acompa\u00f1ado por <strong>Candela M\u00e1rquez<\/strong>, mientras que <strong>Marc Anthony<\/strong> y <strong>Nadia Ferreira<\/strong> hicieron su primera aparici\u00f3n tras el nacimiento de su hijo, robando las miradas con su complicidad.<\/p>\n\n\n\n<p>El broche final corri\u00f3 a carga del tr\u00edo de hermanas <strong>The Warning<\/strong>, quienes, con edades de 19 a 24 a\u00f1os, cerraron la noche reafirmando el lema de la gala: un futuro brillante protagonizado por mujeres j\u00f3venes. Su potente interpretaci\u00f3n de <em><strong>\u00bfQu\u00e9 m\u00e1s quieres?<\/strong><\/em> encapsul\u00f3 la esencia de esta edici\u00f3n, que demostr\u00f3 que la m\u00fasica latina est\u00e1 en constante evoluci\u00f3n, balance\u00e1ndose entre la tradici\u00f3n y la innovaci\u00f3n.<\/p>\n\n\n\n<h4 class=\"wp-block-heading\"><strong>Ganadores en algunas de las categor\u00edas m\u00e1s importantes:<\/strong><\/h4>\n\n\n\n<h4 class=\"wp-block-heading\"><strong>\u2022 \u00c1lbum del a\u00f1o<\/strong><\/h4>\n\n\n\n<h4 class=\"wp-block-heading\">\u00abRadio G\u00fcira\u00bb \u2013 Juan Luis Guerra y 440<\/h4>\n\n\n\n<h4 class=\"wp-block-heading\"><strong>\u2022 Canci\u00f3n del a\u00f1o<\/strong><\/h4>\n\n\n\n<h4 class=\"wp-block-heading\">\u201cDerrumbe\u201d \u2013 Jorge Drexler<\/h4>\n\n\n\n<h4 class=\"wp-block-heading\"><strong>\u2022 Grabaci\u00f3n del a\u00f1o<\/strong><\/h4>\n\n\n\n<h4 class=\"wp-block-heading\">\u00abMambo 23\u00bb \u2013 Juan Luis Guerra y 440<\/h4>\n\n\n\n<h4 class=\"wp-block-heading\"><strong>\u2022 Mejor nuevo artista<\/strong><\/h4>\n\n\n\n<h4 class=\"wp-block-heading\">Ela Taubert<\/h4>\n\n\n\n<h4 class=\"wp-block-heading\"><strong>\u2022 Mejor \u00e1lbum vocal pop<\/strong><\/h4>\n\n\n\n<h4 class=\"wp-block-heading\">\u00abEl Viaje\u00bb \u2013 Luis Fonsi<\/h4>\n\n\n\n<h4 class=\"wp-block-heading\"><strong>\u2022 Mejor canci\u00f3n pop<\/strong><\/h4>\n\n\n\n<h4 class=\"wp-block-heading\">\u00abFeriado\u00bb \u2013 Rawayana (Compositores: Manuel Lorente Freire, H\u00e9ctor Mazzarri, Alberto Montenegro, Daniel Rond\u00f3n y Andres Story)<\/h4>\n\n\n\n<h4 class=\"wp-block-heading\"><strong>\u2022 Mejor fusi\u00f3n\/interpretaci\u00f3n urbana<\/strong><\/h4>\n\n\n\n<h4 class=\"wp-block-heading\">\u00abTranky Funky\u00bb \u2013 Trueno<\/h4>\n\n\n\n<h4 class=\"wp-block-heading\"><strong>\u2022 Mejor interpretaci\u00f3n reguet\u00f3n<\/strong><\/h4>\n\n\n\n<h4 class=\"wp-block-heading\">\u00abPerro Negro\u00bb \u2013 Bad Bunny y Feid<\/h4>\n\n\n\n<h4 class=\"wp-block-heading\"><strong>\u2022 Mejor \u00e1lbum de m\u00fasica urbana<\/strong><\/h4>\n\n\n\n<h4 class=\"wp-block-heading\">\u00abMa\u00f1ana ser\u00e1 bonito (Bichota Season)\u00bb &#8211; Karol G<\/h4>\n\n\n\n<h4 class=\"wp-block-heading\"><strong>\u2022 Mejor canci\u00f3n urbana<\/strong><\/h4>\n\n\n\n<h4 class=\"wp-block-heading\">\u00abBonita\u00bb \u2013 Daddy Yankee<\/h4>\n\n\n\n<h4 class=\"wp-block-heading\"><strong>\u2022 Mejor \u00e1lbum cantautor<\/strong><\/h4>\n\n\n\n<h4 class=\"wp-block-heading\">\u00abPausa\u00bb &#8211; Leonel Garc\u00eda<\/h4>\n\n\n\n<h4 class=\"wp-block-heading\"><strong>\u2022 Mejor canci\u00f3n cantautor<\/strong><\/h4>\n\n\n\n<h4 class=\"wp-block-heading\">\u00abDerrumbe\u00bb \u2013 Jorge Drexler (empate)<\/h4>\n\n\n\n<h4 class=\"wp-block-heading\">\u00abGarc\u00eda\u00bb \u2013 Kany Garc\u00eda (empate)<\/h4>\n\n\n\n<h4 class=\"wp-block-heading\"><strong>\u2022 Mejor \u00e1lbum pop\/rock<\/strong><\/h4>\n\n\n\n<h4 class=\"wp-block-heading\">\u00abReflejos de lo eterno\u00bb \u2013 Draco Rosa<\/h4>\n\n\n\n<h4 class=\"wp-block-heading\"><strong>\u2022 Mejor canci\u00f3n pop\/rock<\/strong><\/h4>\n\n\n\n<h4 class=\"wp-block-heading\">\u00ab5 Horas Menos\u00bb \u2013 Conociendo Rusia y Natalia Lafourcade<\/h4>\n\n\n\n<h4 class=\"wp-block-heading\"><strong>\u2022 Mejor \u00e1lbum de m\u00fasica alternativa<\/strong><\/h4>\n\n\n\n<h4 class=\"wp-block-heading\">\u201cAutopoi\u00e9tica\u201d &#8211; Mon Laferte<\/h4>\n\n\n\n<h4 class=\"wp-block-heading\"><strong>\u2022 Mejor canci\u00f3n alternativa<\/strong><\/h4>\n\n\n\n<h4 class=\"wp-block-heading\">\u00abEl D\u00eda Que Perd\u00ed Mi Juventud\u00bb \u2013 Devont\u00e9 Hynes y Nathy Peluso<\/h4>\n\n\n\n<h4 class=\"wp-block-heading\"><strong>\u2022 Mejor \u00e1lbum de salsa<\/strong><\/h4>\n\n\n\n<h4 class=\"wp-block-heading\">\u00abSiembra: 45\u00b0 Aniversario (En Vivo en el Coliseo de Puerto Rico, 14 de Mayo 2022)\u00bb, Rub\u00e9n Blades y Roberto Delgado y Orquesta<\/h4>\n\n\n\n<h4 class=\"wp-block-heading\"><strong>\u2022 Mejor canci\u00f3n tropical<\/strong><\/h4>\n\n\n\n<h4 class=\"wp-block-heading\">\u00abMambo 23\u00bb \u2013 Juan Luis Guerra y 440<\/h4>\n\n\n\n<p>Los Grammy Latinos 2024 fueron m\u00e1s que una premiaci\u00f3n; fueron un testimonio de la rica diversidad de la m\u00fasica en espa\u00f1ol, donde el pasado y el futuro convergen en un solo escenario. En un mundo cada vez m\u00e1s enfocado en el cambio, estas voces j\u00f3venes, lideradas por mujeres, prometen continuar reescribiendo las reglas del juego en la m\u00fasica global.<\/p>\n\n\n\n<p class=\"has-text-align-right\"><a href=\"https:\/\/cineytele.com\/play\/\">&#8211;<\/a><\/p>\n","protected":false},"excerpt":{"rendered":"<p>La 25\u00aa edici\u00f3n de los Grammy Latinos en Miami marc\u00f3 un punto de inflexi\u00f3n entre generaciones, con grandes victorias para leyendas como Juan Luis Guerra y nuevos iconos como Karol G. Un evento que celebr\u00f3 tanto la historia como el futuro de la m\u00fasica en espa\u00f1ol, reflejando un cambio de era hacia una mayor presencia [&hellip;]<\/p>\n","protected":false},"author":23,"featured_media":38793,"template":"","tags":[7559,2803,5674,724,7560,805,2320,7565,7564,4034,4835,4287,4869,7561,7562,4887,7563,1630,378,1688],"categoria-de-noticias":[7148],"class_list":["post-38792","noticias","type-noticias","status-publish","has-post-thumbnail","hentry","tag-aterciopelados","tag-bad-bunny","tag-c-tangana","tag-carlos-vives","tag-daddy-yankee","tag-david-bisbal","tag-el-cigala","tag-grammy-latinos","tag-inigo-quintero","tag-jorge-drexler","tag-juan-luis-guerra","tag-karol-g","tag-luis-fonsi","tag-mejor-cancion-alternativa-por-el-dia-que-perdi-mi-juventud","tag-mejor-video-musical-version-larga","tag-nathy-peluso","tag-nina-pastori","tag-rauw-alejandro","tag-rozalen","tag-vicente-amigo","categoria-de-noticias-musica"],"_links":{"self":[{"href":"https:\/\/cineytele.com\/play\/wp-json\/wp\/v2\/noticias\/38792","targetHints":{"allow":["GET"]}}],"collection":[{"href":"https:\/\/cineytele.com\/play\/wp-json\/wp\/v2\/noticias"}],"about":[{"href":"https:\/\/cineytele.com\/play\/wp-json\/wp\/v2\/types\/noticias"}],"author":[{"embeddable":true,"href":"https:\/\/cineytele.com\/play\/wp-json\/wp\/v2\/users\/23"}],"wp:featuredmedia":[{"embeddable":true,"href":"https:\/\/cineytele.com\/play\/wp-json\/wp\/v2\/media\/38793"}],"wp:attachment":[{"href":"https:\/\/cineytele.com\/play\/wp-json\/wp\/v2\/media?parent=38792"}],"wp:term":[{"taxonomy":"post_tag","embeddable":true,"href":"https:\/\/cineytele.com\/play\/wp-json\/wp\/v2\/tags?post=38792"},{"taxonomy":"categoria-de-noticias","embeddable":true,"href":"https:\/\/cineytele.com\/play\/wp-json\/wp\/v2\/categoria-de-noticias?post=38792"}],"curies":[{"name":"wp","href":"https:\/\/api.w.org\/{rel}","templated":true}]}}