{"id":38801,"date":"2024-11-15T19:10:16","date_gmt":"2024-11-15T18:10:16","guid":{"rendered":"https:\/\/cineytele.com\/play\/?post_type=noticias&#038;p=38801"},"modified":"2024-11-15T19:10:17","modified_gmt":"2024-11-15T18:10:17","slug":"robe-iniesta-cancela-concierto","status":"publish","type":"noticias","link":"https:\/\/cineytele.com\/play\/noticias\/robe-iniesta-cancela-concierto\/","title":{"rendered":"Robe Iniesta cancela sus esperados conciertos en Madrid debido a una afecci\u00f3n de salud: La gira &#8216;Ni santos ni inocentes&#8217; queda inconclusa"},"content":{"rendered":"\n<p>El ic\u00f3nico <strong>Robe Iniesta<\/strong> ha tenido que suspender sus dos \u00faltimas presentaciones en el <strong>WiZink Center de Madrid<\/strong>, programadas para el 15 y 16 de noviembre, tras ser diagnosticado con un <strong>tromboembolismo pulmonar<\/strong> . La noticia ha conmocionado al mundo de la <strong>m\u00fasica y el entretenimiento<\/strong>, donde miles de fan\u00e1ticos lamentan la inesperada pausa de una gira que hab\u00eda sido un rotundo \u00e9xito.<\/p>\n\n\n\n<figure class=\"wp-block-image size-large\"><img fetchpriority=\"high\" decoding=\"async\" width=\"1024\" height=\"580\" src=\"https:\/\/cineytele.com\/play\/wp-content\/uploads\/2024\/11\/robe_24-21130555-1170x663-1-1024x580.jpg\" alt=\"robe\" class=\"wp-image-38804\" srcset=\"https:\/\/cineytele.com\/play\/wp-content\/uploads\/2024\/11\/robe_24-21130555-1170x663-1-1024x580.jpg 1024w, https:\/\/cineytele.com\/play\/wp-content\/uploads\/2024\/11\/robe_24-21130555-1170x663-1-300x170.jpg 300w, https:\/\/cineytele.com\/play\/wp-content\/uploads\/2024\/11\/robe_24-21130555-1170x663-1-768x435.jpg 768w, https:\/\/cineytele.com\/play\/wp-content\/uploads\/2024\/11\/robe_24-21130555-1170x663-1.jpg 1170w\" sizes=\"(max-width: 1024px) 100vw, 1024px\" \/><\/figure>\n\n\n\n<p>El mundo de la <strong>m\u00fasica espa\u00f1ola<\/strong> se encuentra en vilo tras el reciente anuncio de <strong>Robe Iniesta<\/strong>, legendario exl\u00edder de <strong>Extremoduro<\/strong> y actual solista, quien ha cancelado los dos \u00faltimos conciertos de su gira &#8216;Ni santos ni inocentes&#8217;. La noticia fue divulgada a trav\u00e9s de un <a href=\"https:\/\/www.robe.es\/noticias\/cancelados-los-conciertos-de-madrid-en-el-wizink-center\" target=\"_blank\" rel=\"noopener\">comunicado oficial<\/a> en el que se explic\u00f3 que el artista, de 61 a\u00f1os, ha sido diagnosticado con un <strong>tromboembolismo pulmonar<\/strong>, una condici\u00f3n que los m\u00e9dicos han calificado de alta gravedad, requiriendo <strong>reposo absoluto<\/strong>.<\/p>\n\n\n\n<p>Las actuaciones del <strong>viernes 15 y s\u00e1bado 16 de noviembre<\/strong>, que iban a celebrarse en el <strong>WiZink Center<\/strong> de Madrid y que ya hab\u00edan colgado el cartel de &#8216;todo vendido&#8217;, se han suspendido, generando una avalancha de reacciones en redes sociales y medios especializados en <strong>cultura y entretenimiento<\/strong>. Los seguidores, algunos de los cuales hab\u00edan viajado desde distintas partes de Espa\u00f1a y Europa, han expresado tanto su preocupaci\u00f3n por la salud del cantante como su desilusi\u00f3n ante la cancelaci\u00f3n.<\/p>\n\n\n\n<p><strong>\u00abEstamos abatidos por no poder terminar esta maravillosa gira como lo hab\u00edamos planeado, pero no vamos a poner en riesgo la salud de Robe por nada del mundo.\u00bb<\/strong>, ha comunicado el equipo del artista. <\/p>\n\n\n\n<figure class=\"wp-block-embed is-type-rich is-provider-twitter wp-block-embed-twitter\"><div class=\"wp-block-embed__wrapper\">\n<blockquote class=\"twitter-tweet\" data-width=\"550\" data-dnt=\"true\"><p lang=\"zxx\" dir=\"ltr\"><a href=\"https:\/\/t.co\/RXucxhp8iQ\">https:\/\/t.co\/RXucxhp8iQ<\/a> <a href=\"https:\/\/t.co\/9AV4ui8FKF\">pic.twitter.com\/9AV4ui8FKF<\/a><\/p>&mdash; Robe.es (@Robe_Extremo) <a href=\"https:\/\/twitter.com\/Robe_Extremo\/status\/1857456179443577343?ref_src=twsrc%5Etfw\" target=\"_blank\" rel=\"noopener\">November 15, 2024<\/a><\/blockquote><script async src=\"https:\/\/platform.twitter.com\/widgets.js\" charset=\"utf-8\"><\/script>\n<\/div><\/figure>\n\n\n\n<p>La gira <strong>&#8216;Ni santos ni inocentes&#8217;<\/strong>, que ha sido un hito en la carrera de Robe, ha combinado el rock po\u00e9tico con una escenograf\u00eda que refleja su identidad \u00fanica. Cada parada del tour ha sido una celebraci\u00f3n de la vasta trayectoria musical del artista, reconocida tanto por su enfoque innovador como por su inquebrantable autenticidad.<\/p>\n\n\n\n<p><strong>\u00bfQu\u00e9 es un tromboembolismo pulmonar?<\/strong> Esta afecci\u00f3n se produce cuando un co\u00e1gulo de sangre bloquea una de las arterias de los pulmones, lo que puede causar complicaciones graves. Aunque el equipo de Robe ha transmitido mensajes de esperanza, se subraya que el tratamiento y el reposo son esenciales para una recuperaci\u00f3n completa.<a href=\"https:\/\/www.instagram.com\/p\/DCZeRz4Or-D\/?utm_source=ig_embed&amp;utm_campaign=loading\" target=\"_blank\" rel=\"noreferrer noopener\"><\/a><a href=\"https:\/\/www.instagram.com\/p\/DCZeRz4Or-D\/?utm_source=ig_embed&amp;utm_campaign=loading\" target=\"_blank\" rel=\"noreferrer noopener\"><\/a><a href=\"https:\/\/www.instagram.com\/p\/DCZeRz4Or-D\/?utm_source=ig_embed&amp;utm_campaign=loading\" target=\"_blank\" rel=\"noreferrer noopener\"><\/a><\/p>\n","protected":false},"excerpt":{"rendered":"<p>El ic\u00f3nico Robe Iniesta ha tenido que suspender sus dos \u00faltimas presentaciones en el WiZink Center de Madrid, programadas para el 15 y 16 de noviembre, tras ser diagnosticado con un tromboembolismo pulmonar . La noticia ha conmocionado al mundo de la m\u00fasica y el entretenimiento, donde miles de fan\u00e1ticos lamentan la inesperada pausa de [&hellip;]<\/p>\n","protected":false},"author":23,"featured_media":38805,"template":"","tags":[],"categoria-de-noticias":[7148],"class_list":["post-38801","noticias","type-noticias","status-publish","has-post-thumbnail","hentry","categoria-de-noticias-musica"],"_links":{"self":[{"href":"https:\/\/cineytele.com\/play\/wp-json\/wp\/v2\/noticias\/38801","targetHints":{"allow":["GET"]}}],"collection":[{"href":"https:\/\/cineytele.com\/play\/wp-json\/wp\/v2\/noticias"}],"about":[{"href":"https:\/\/cineytele.com\/play\/wp-json\/wp\/v2\/types\/noticias"}],"author":[{"embeddable":true,"href":"https:\/\/cineytele.com\/play\/wp-json\/wp\/v2\/users\/23"}],"wp:featuredmedia":[{"embeddable":true,"href":"https:\/\/cineytele.com\/play\/wp-json\/wp\/v2\/media\/38805"}],"wp:attachment":[{"href":"https:\/\/cineytele.com\/play\/wp-json\/wp\/v2\/media?parent=38801"}],"wp:term":[{"taxonomy":"post_tag","embeddable":true,"href":"https:\/\/cineytele.com\/play\/wp-json\/wp\/v2\/tags?post=38801"},{"taxonomy":"categoria-de-noticias","embeddable":true,"href":"https:\/\/cineytele.com\/play\/wp-json\/wp\/v2\/categoria-de-noticias?post=38801"}],"curies":[{"name":"wp","href":"https:\/\/api.w.org\/{rel}","templated":true}]}}