{"id":38907,"date":"2024-11-19T18:15:51","date_gmt":"2024-11-19T17:15:51","guid":{"rendered":"https:\/\/cineytele.com\/play\/?post_type=noticias&#038;p=38907"},"modified":"2024-11-19T18:15:52","modified_gmt":"2024-11-19T17:15:52","slug":"juego-del-alma-netflix","status":"publish","type":"noticias","link":"https:\/\/cineytele.com\/play\/noticias\/juego-del-alma-netflix\/","title":{"rendered":"\u00bfEst\u00e1s listo para el Juego del Alma?: Fecha de estreno, tr\u00e1iler e im\u00e1genes exclusivas"},"content":{"rendered":"\n<p><strong>Miren Rojo regresa con un caso a\u00fan m\u00e1s oscuro. La esperada segunda temporada, basada en la exitosa saga de Javier Castillo, estar\u00e1 disponible el pr\u00f3ximo 31 de enero en Netflix. Nuevas im\u00e1genes y un reparto de lujo aumentan la expectaci\u00f3n.<\/strong><\/p>\n\n\n\n<figure class=\"wp-block-embed is-type-video is-provider-youtube wp-block-embed-youtube wp-embed-aspect-16-9 wp-has-aspect-ratio\"><div class=\"wp-block-embed__wrapper\">\n<iframe title=\"La Chica de Nieve 2: El Juego del Alma (EN ESPA\u00d1OL) | Anuncio del estreno | Netflix\" width=\"800\" height=\"450\" src=\"https:\/\/www.youtube.com\/embed\/sxIuAObEZP0?feature=oembed\" frameborder=\"0\" allow=\"accelerometer; autoplay; clipboard-write; encrypted-media; gyroscope; picture-in-picture; web-share\" referrerpolicy=\"strict-origin-when-cross-origin\" allowfullscreen><\/iframe>\n<\/div><\/figure>\n\n\n\n<div class=\"wp-block-columns is-layout-flex wp-container-core-columns-is-layout-28f84493 wp-block-columns-is-layout-flex\">\n<div class=\"wp-block-column is-layout-flow wp-block-column-is-layout-flow\">\n<figure class=\"wp-block-image size-large\"><img fetchpriority=\"high\" decoding=\"async\" width=\"1024\" height=\"683\" src=\"https:\/\/cineytele.com\/play\/wp-content\/uploads\/2024\/11\/5578-La-chica-de-Nieve_2Tp_-Cp1_Sec_41_fecha_21_03_2024_-\u00a9JulioVergne-1-1024x683.jpg\" alt=\"\" class=\"wp-image-38916\" srcset=\"https:\/\/cineytele.com\/play\/wp-content\/uploads\/2024\/11\/5578-La-chica-de-Nieve_2Tp_-Cp1_Sec_41_fecha_21_03_2024_-\u00a9JulioVergne-1-1024x683.jpg 1024w, https:\/\/cineytele.com\/play\/wp-content\/uploads\/2024\/11\/5578-La-chica-de-Nieve_2Tp_-Cp1_Sec_41_fecha_21_03_2024_-\u00a9JulioVergne-1-300x200.jpg 300w, https:\/\/cineytele.com\/play\/wp-content\/uploads\/2024\/11\/5578-La-chica-de-Nieve_2Tp_-Cp1_Sec_41_fecha_21_03_2024_-\u00a9JulioVergne-1-768x512.jpg 768w, https:\/\/cineytele.com\/play\/wp-content\/uploads\/2024\/11\/5578-La-chica-de-Nieve_2Tp_-Cp1_Sec_41_fecha_21_03_2024_-\u00a9JulioVergne-1-1536x1025.jpg 1536w, https:\/\/cineytele.com\/play\/wp-content\/uploads\/2024\/11\/5578-La-chica-de-Nieve_2Tp_-Cp1_Sec_41_fecha_21_03_2024_-\u00a9JulioVergne-1-2048x1366.jpg 2048w\" sizes=\"(max-width: 1024px) 100vw, 1024px\" \/><figcaption class=\"wp-element-caption\">LA CHICA DE NIEVE. Milena Smit as Miren in episode 01 of LA CHICA DE NIEVE. Cr. Julio Vergne\/NETFLIX \u00a9 2024<\/figcaption><\/figure>\n<\/div>\n\n\n\n<div class=\"wp-block-column is-layout-flow wp-block-column-is-layout-flow\">\n<figure class=\"wp-block-image size-large\"><img decoding=\"async\" width=\"1024\" height=\"670\" src=\"https:\/\/cineytele.com\/play\/wp-content\/uploads\/2024\/11\/3001-La-chicas-de-Nieves_2Tp_-Cp2_Sec_205_fecha_12_02_2024_-JulioVergne-1-1-1024x670.jpg\" alt=\"\" class=\"wp-image-38917\" srcset=\"https:\/\/cineytele.com\/play\/wp-content\/uploads\/2024\/11\/3001-La-chicas-de-Nieves_2Tp_-Cp2_Sec_205_fecha_12_02_2024_-JulioVergne-1-1-1024x670.jpg 1024w, https:\/\/cineytele.com\/play\/wp-content\/uploads\/2024\/11\/3001-La-chicas-de-Nieves_2Tp_-Cp2_Sec_205_fecha_12_02_2024_-JulioVergne-1-1-300x196.jpg 300w, https:\/\/cineytele.com\/play\/wp-content\/uploads\/2024\/11\/3001-La-chicas-de-Nieves_2Tp_-Cp2_Sec_205_fecha_12_02_2024_-JulioVergne-1-1-768x502.jpg 768w, https:\/\/cineytele.com\/play\/wp-content\/uploads\/2024\/11\/3001-La-chicas-de-Nieves_2Tp_-Cp2_Sec_205_fecha_12_02_2024_-JulioVergne-1-1-1536x1005.jpg 1536w, https:\/\/cineytele.com\/play\/wp-content\/uploads\/2024\/11\/3001-La-chicas-de-Nieves_2Tp_-Cp2_Sec_205_fecha_12_02_2024_-JulioVergne-1-1-2048x1340.jpg 2048w\" sizes=\"(max-width: 1024px) 100vw, 1024px\" \/><figcaption class=\"wp-element-caption\">LA CHICA DE NIEVE. Silvana Navas as Mujer B Chungo, Aixa Villagran as Mill\u00e1n, Marco C\u00e1ceres as Chaparro in episode 02 of LA CHICA DE NIEVE. Cr. Julio Vergne\/NETFLIX \u00a9 2024<\/figcaption><\/figure>\n<\/div>\n<\/div>\n\n\n\n<p><strong>\u00bfQUIERES JUGAR?<\/strong> Esta inquietante pregunta marca el regreso de la periodista <strong>Miren Rojo<\/strong>, interpretada magistralmente por <strong>Milena Smit<\/strong> (<em>El hoyo 2<\/em>, <em>Madres paralelas<\/em>), en la segunda entrega de <em>La chica de nieve: El juego del alma<\/em>. Netflix ha confirmado que esta adaptaci\u00f3n del fen\u00f3meno literario de <strong>Javier Castillo<\/strong> se estrenar\u00e1 <strong>el 31 de enero de 2024<\/strong>, lista para cautivar a audiencias de todo el mundo.<\/p>\n\n\n\n<div class=\"wp-block-columns is-layout-flex wp-container-core-columns-is-layout-28f84493 wp-block-columns-is-layout-flex\">\n<div class=\"wp-block-column is-layout-flow wp-block-column-is-layout-flow\">\n<figure class=\"wp-block-image size-large\"><img decoding=\"async\" width=\"1024\" height=\"683\" src=\"https:\/\/cineytele.com\/play\/wp-content\/uploads\/2024\/11\/2464-La-chicas-de-Nieves_2Tp_-Cp4_Sec_30_fecha_5_02_2024_-\u00a9JulioVergne-1024x683.jpg\" alt=\"\" class=\"wp-image-38909\" srcset=\"https:\/\/cineytele.com\/play\/wp-content\/uploads\/2024\/11\/2464-La-chicas-de-Nieves_2Tp_-Cp4_Sec_30_fecha_5_02_2024_-\u00a9JulioVergne-1024x683.jpg 1024w, https:\/\/cineytele.com\/play\/wp-content\/uploads\/2024\/11\/2464-La-chicas-de-Nieves_2Tp_-Cp4_Sec_30_fecha_5_02_2024_-\u00a9JulioVergne-300x200.jpg 300w, https:\/\/cineytele.com\/play\/wp-content\/uploads\/2024\/11\/2464-La-chicas-de-Nieves_2Tp_-Cp4_Sec_30_fecha_5_02_2024_-\u00a9JulioVergne-768x512.jpg 768w, https:\/\/cineytele.com\/play\/wp-content\/uploads\/2024\/11\/2464-La-chicas-de-Nieves_2Tp_-Cp4_Sec_30_fecha_5_02_2024_-\u00a9JulioVergne-1536x1025.jpg 1536w, https:\/\/cineytele.com\/play\/wp-content\/uploads\/2024\/11\/2464-La-chicas-de-Nieves_2Tp_-Cp4_Sec_30_fecha_5_02_2024_-\u00a9JulioVergne-2048x1366.jpg 2048w\" sizes=\"(max-width: 1024px) 100vw, 1024px\" \/><figcaption class=\"wp-element-caption\">LA CHICA DE NIEVE. Milena Smit as Miren, Miki Esparb\u00e9 as Jaime in episode 04 of LA CHICA DE NIEVE. Cr. Julio Vergne\/NETFLIX \u00a9 2024<\/figcaption><\/figure>\n<\/div>\n\n\n\n<div class=\"wp-block-column is-layout-flow wp-block-column-is-layout-flow\">\n<figure class=\"wp-block-image size-large\"><img loading=\"lazy\" decoding=\"async\" width=\"1024\" height=\"683\" src=\"https:\/\/cineytele.com\/play\/wp-content\/uploads\/2024\/11\/7332-La-chica-de-Nieve_2Tp_-Cp4_Sec_13-14_fecha_22_04_2024_-JulioVergne-1024x683.jpg\" alt=\"Juego del Alma\" class=\"wp-image-38910\" srcset=\"https:\/\/cineytele.com\/play\/wp-content\/uploads\/2024\/11\/7332-La-chica-de-Nieve_2Tp_-Cp4_Sec_13-14_fecha_22_04_2024_-JulioVergne-1024x683.jpg 1024w, https:\/\/cineytele.com\/play\/wp-content\/uploads\/2024\/11\/7332-La-chica-de-Nieve_2Tp_-Cp4_Sec_13-14_fecha_22_04_2024_-JulioVergne-300x200.jpg 300w, https:\/\/cineytele.com\/play\/wp-content\/uploads\/2024\/11\/7332-La-chica-de-Nieve_2Tp_-Cp4_Sec_13-14_fecha_22_04_2024_-JulioVergne-768x512.jpg 768w, https:\/\/cineytele.com\/play\/wp-content\/uploads\/2024\/11\/7332-La-chica-de-Nieve_2Tp_-Cp4_Sec_13-14_fecha_22_04_2024_-JulioVergne-1536x1025.jpg 1536w, https:\/\/cineytele.com\/play\/wp-content\/uploads\/2024\/11\/7332-La-chica-de-Nieve_2Tp_-Cp4_Sec_13-14_fecha_22_04_2024_-JulioVergne-2048x1366.jpg 2048w\" sizes=\"(max-width: 1024px) 100vw, 1024px\" \/><figcaption class=\"wp-element-caption\">LA CHICA DE NIEVE. Milena Smit as Miren, Miki Esparb\u00e9 as Jaime in episode 04 of LA CHICA DE NIEVE. Cr. Julio Vergne\/NETFLIX \u00a9 2024<\/figcaption><\/figure>\n<\/div>\n<\/div>\n\n\n\n<p><strong>Un caso m\u00e1s oscuro y retorcido<\/strong><\/p>\n\n\n\n<p>La trama de esta nueva temporada comienza en <strong>2012<\/strong>, con la misteriosa aparici\u00f3n de un sobre que contiene una polaroid de una joven amordazada. Este es el detonante de un macabro juego que llevar\u00e1 a Miren a enfrentarse a los horrores ocultos en un exclusivo colegio elitista. Mientras investiga, la periodista se unir\u00e1 a <strong>Jaime<\/strong>, interpretado por <strong>Miki Esparb\u00e9<\/strong> (<em>El inocente<\/em>, <em>Smiley<\/em>), un nuevo compa\u00f1ero con un pasado lleno de sombras y secretos.<\/p>\n\n\n\n<p>El reparto, de gran nivel, incluye a veteranos como <strong>Luis Callejo<\/strong> (<em>La noche m\u00e1s larga<\/em>), <strong>Luis Bermejo<\/strong> (<em>Magical Girl<\/em>), <strong>Jos\u00e9 Coronado<\/strong> (<em>Entrev\u00edas<\/em>), y nuevas caras como <strong>Hugo Welzel<\/strong> (<em>El hijo zurdo<\/em>). Juntos, conforman un elenco que promete intensificar la tensi\u00f3n en cada uno de los <strong>seis episodios<\/strong> dirigidos por <strong>David Ulloa<\/strong> (<em>La caza. Monteperdido<\/em>) y <strong>Laura Alvea<\/strong> (<em>\u00c1nimas<\/em>).<\/p>\n\n\n\n<div class=\"wp-block-columns is-layout-flex wp-container-core-columns-is-layout-28f84493 wp-block-columns-is-layout-flex\">\n<div class=\"wp-block-column is-layout-flow wp-block-column-is-layout-flow\">\n<figure class=\"wp-block-image size-large\"><img loading=\"lazy\" decoding=\"async\" width=\"1024\" height=\"683\" src=\"https:\/\/cineytele.com\/play\/wp-content\/uploads\/2024\/11\/1475-La-chicas-de-Nieves_2Tp_-Cp2_Sec_32_fecha_31_01_2024_-JulioVergne-1-1-1024x683.jpg\" alt=\"\" class=\"wp-image-38911\" srcset=\"https:\/\/cineytele.com\/play\/wp-content\/uploads\/2024\/11\/1475-La-chicas-de-Nieves_2Tp_-Cp2_Sec_32_fecha_31_01_2024_-JulioVergne-1-1-1024x683.jpg 1024w, https:\/\/cineytele.com\/play\/wp-content\/uploads\/2024\/11\/1475-La-chicas-de-Nieves_2Tp_-Cp2_Sec_32_fecha_31_01_2024_-JulioVergne-1-1-300x200.jpg 300w, https:\/\/cineytele.com\/play\/wp-content\/uploads\/2024\/11\/1475-La-chicas-de-Nieves_2Tp_-Cp2_Sec_32_fecha_31_01_2024_-JulioVergne-1-1-768x512.jpg 768w, https:\/\/cineytele.com\/play\/wp-content\/uploads\/2024\/11\/1475-La-chicas-de-Nieves_2Tp_-Cp2_Sec_32_fecha_31_01_2024_-JulioVergne-1-1-1536x1025.jpg 1536w, https:\/\/cineytele.com\/play\/wp-content\/uploads\/2024\/11\/1475-La-chicas-de-Nieves_2Tp_-Cp2_Sec_32_fecha_31_01_2024_-JulioVergne-1-1-2048x1366.jpg 2048w\" sizes=\"(max-width: 1024px) 100vw, 1024px\" \/><figcaption class=\"wp-element-caption\">LA CHICA DE NIEVE. Milena Smit as Miren, Hugo Welzel as Nacho in episode 02 of LA CHICA DE NIEVE. Cr. Julio Vergne\/NETFLIX \u00a9 2024<\/figcaption><\/figure>\n<\/div>\n\n\n\n<div class=\"wp-block-column is-layout-flow wp-block-column-is-layout-flow\">\n<figure class=\"wp-block-image size-large\"><img loading=\"lazy\" decoding=\"async\" width=\"1024\" height=\"683\" src=\"https:\/\/cineytele.com\/play\/wp-content\/uploads\/2024\/11\/6230-La-chica-de-Nieve_2Tp_-Cp6_Sec_03_fecha_3_04_2024_-JulioVergne-1024x683.jpg\" alt=\"\" class=\"wp-image-38912\" srcset=\"https:\/\/cineytele.com\/play\/wp-content\/uploads\/2024\/11\/6230-La-chica-de-Nieve_2Tp_-Cp6_Sec_03_fecha_3_04_2024_-JulioVergne-1024x683.jpg 1024w, https:\/\/cineytele.com\/play\/wp-content\/uploads\/2024\/11\/6230-La-chica-de-Nieve_2Tp_-Cp6_Sec_03_fecha_3_04_2024_-JulioVergne-300x200.jpg 300w, https:\/\/cineytele.com\/play\/wp-content\/uploads\/2024\/11\/6230-La-chica-de-Nieve_2Tp_-Cp6_Sec_03_fecha_3_04_2024_-JulioVergne-768x512.jpg 768w, https:\/\/cineytele.com\/play\/wp-content\/uploads\/2024\/11\/6230-La-chica-de-Nieve_2Tp_-Cp6_Sec_03_fecha_3_04_2024_-JulioVergne-1536x1025.jpg 1536w, https:\/\/cineytele.com\/play\/wp-content\/uploads\/2024\/11\/6230-La-chica-de-Nieve_2Tp_-Cp6_Sec_03_fecha_3_04_2024_-JulioVergne-2048x1366.jpg 2048w\" sizes=\"(max-width: 1024px) 100vw, 1024px\" \/><figcaption class=\"wp-element-caption\">LA CHICA DE NIEVE. Maripaz Sayago as Mercedes, Hugo Welzel as Nacho, Vicente Romero as Crist\u00f3bal in episode 06 of LA CHICA DE NIEVE. Cr. Julio Vergne\/NETFLIX \u00a9 2024<\/figcaption><\/figure>\n<\/div>\n<\/div>\n\n\n\n<p><strong>Producci\u00f3n y direcci\u00f3n de alto nivel<\/strong><\/p>\n\n\n\n<p>Detr\u00e1s de este proyecto est\u00e1 <strong>At\u00edpica Films<\/strong>, responsable de \u00e9xitos como <em>La isla m\u00ednima<\/em> y <em>Las de la \u00faltima fila<\/em>. Con un curr\u00edculum que incluye <strong>181 premios nacionales<\/strong> y <strong>77 internacionales<\/strong>, la productora garantiza un acabado impecable. Los guionistas <strong>Jes\u00fas Mesas<\/strong> y <strong>Javier Andr\u00e9s Roig<\/strong> traen de nuevo la intensidad y el misterio que hicieron de la primera temporada un fen\u00f3meno global.<\/p>\n\n\n\n<div class=\"wp-block-columns is-layout-flex wp-container-core-columns-is-layout-28f84493 wp-block-columns-is-layout-flex\">\n<div class=\"wp-block-column is-layout-flow wp-block-column-is-layout-flow\">\n<figure class=\"wp-block-image size-large\"><img loading=\"lazy\" decoding=\"async\" width=\"1024\" height=\"683\" src=\"https:\/\/cineytele.com\/play\/wp-content\/uploads\/2024\/11\/4837-La-chica-de-Nieve_2Tp_-Cp5_Sec_11_fecha_12_03_2024_-JulioVergne-1-1024x683.jpg\" alt=\"\" class=\"wp-image-38915\" srcset=\"https:\/\/cineytele.com\/play\/wp-content\/uploads\/2024\/11\/4837-La-chica-de-Nieve_2Tp_-Cp5_Sec_11_fecha_12_03_2024_-JulioVergne-1-1024x683.jpg 1024w, https:\/\/cineytele.com\/play\/wp-content\/uploads\/2024\/11\/4837-La-chica-de-Nieve_2Tp_-Cp5_Sec_11_fecha_12_03_2024_-JulioVergne-1-300x200.jpg 300w, https:\/\/cineytele.com\/play\/wp-content\/uploads\/2024\/11\/4837-La-chica-de-Nieve_2Tp_-Cp5_Sec_11_fecha_12_03_2024_-JulioVergne-1-768x512.jpg 768w, https:\/\/cineytele.com\/play\/wp-content\/uploads\/2024\/11\/4837-La-chica-de-Nieve_2Tp_-Cp5_Sec_11_fecha_12_03_2024_-JulioVergne-1-1536x1025.jpg 1536w, https:\/\/cineytele.com\/play\/wp-content\/uploads\/2024\/11\/4837-La-chica-de-Nieve_2Tp_-Cp5_Sec_11_fecha_12_03_2024_-JulioVergne-1-2048x1366.jpg 2048w\" sizes=\"(max-width: 1024px) 100vw, 1024px\" \/><figcaption class=\"wp-element-caption\">LA CHICA DE NIEVE. Milena Smit as Miren, Aixa Villagran as Mill\u00e1n in episode 05 of LA CHICA DE NIEVE. Cr. Julio Vergne\/NETFLIX \u00a9 2024<\/figcaption><\/figure>\n<\/div>\n\n\n\n<div class=\"wp-block-column is-layout-flow wp-block-column-is-layout-flow\">\n<figure class=\"wp-block-image size-large\"><img loading=\"lazy\" decoding=\"async\" width=\"1024\" height=\"653\" src=\"https:\/\/cineytele.com\/play\/wp-content\/uploads\/2024\/11\/5783-La-chica-de-Nieve_2Tp_-Cp1_Sec_25_fecha_26_03_2024_-JulioVergne-1024x653.jpg\" alt=\"\" class=\"wp-image-38914\" srcset=\"https:\/\/cineytele.com\/play\/wp-content\/uploads\/2024\/11\/5783-La-chica-de-Nieve_2Tp_-Cp1_Sec_25_fecha_26_03_2024_-JulioVergne-1024x653.jpg 1024w, https:\/\/cineytele.com\/play\/wp-content\/uploads\/2024\/11\/5783-La-chica-de-Nieve_2Tp_-Cp1_Sec_25_fecha_26_03_2024_-JulioVergne-300x191.jpg 300w, https:\/\/cineytele.com\/play\/wp-content\/uploads\/2024\/11\/5783-La-chica-de-Nieve_2Tp_-Cp1_Sec_25_fecha_26_03_2024_-JulioVergne-768x490.jpg 768w, https:\/\/cineytele.com\/play\/wp-content\/uploads\/2024\/11\/5783-La-chica-de-Nieve_2Tp_-Cp1_Sec_25_fecha_26_03_2024_-JulioVergne-1536x980.jpg 1536w, https:\/\/cineytele.com\/play\/wp-content\/uploads\/2024\/11\/5783-La-chica-de-Nieve_2Tp_-Cp1_Sec_25_fecha_26_03_2024_-JulioVergne-2048x1306.jpg 2048w\" sizes=\"(max-width: 1024px) 100vw, 1024px\" \/><figcaption class=\"wp-element-caption\">LA CHICA DE NIEVE. Miki Esparb\u00e9 as Jaime, Luis Callejo as Garrido, Milena Smit as Miren in episode 01 of LA CHICA DE NIEVE. Cr. Julio Vergne\/NETFLIX \u00a9 2024<\/figcaption><\/figure>\n<\/div>\n<\/div>\n\n\n\n<p><strong>Misterios, secretos y emociones a flor de piel<\/strong><\/p>\n\n\n\n<p><em>La chica de nieve 2: El juego del alma<\/em> no es solo un thriller; es un viaje emocional que explora las cicatrices internas de sus personajes mientras descifran un rompecabezas lleno de <strong>mentiras, secretos y amenazas<\/strong>. El dilema central: \u00bfhasta d\u00f3nde estamos dispuestos a llegar para descubrir la verdad?<\/p>\n\n\n\n<p class=\"has-text-align-right\"><a href=\"https:\/\/cineytele.com\/play\/\">&#8211;<\/a><\/p>\n","protected":false},"excerpt":{"rendered":"<p>Miren Rojo regresa con un caso a\u00fan m\u00e1s oscuro. La esperada segunda temporada, basada en la exitosa saga de Javier Castillo, estar\u00e1 disponible el pr\u00f3ximo 31 de enero en Netflix. Nuevas im\u00e1genes y un reparto de lujo aumentan la expectaci\u00f3n. \u00bfQUIERES JUGAR? Esta inquietante pregunta marca el regreso de la periodista Miren Rojo, interpretada magistralmente [&hellip;]<\/p>\n","protected":false},"author":23,"featured_media":38918,"template":"","tags":[],"categoria-de-noticias":[21],"class_list":["post-38907","noticias","type-noticias","status-publish","has-post-thumbnail","hentry","categoria-de-noticias-television-y-plataformas"],"_links":{"self":[{"href":"https:\/\/cineytele.com\/play\/wp-json\/wp\/v2\/noticias\/38907","targetHints":{"allow":["GET"]}}],"collection":[{"href":"https:\/\/cineytele.com\/play\/wp-json\/wp\/v2\/noticias"}],"about":[{"href":"https:\/\/cineytele.com\/play\/wp-json\/wp\/v2\/types\/noticias"}],"author":[{"embeddable":true,"href":"https:\/\/cineytele.com\/play\/wp-json\/wp\/v2\/users\/23"}],"wp:featuredmedia":[{"embeddable":true,"href":"https:\/\/cineytele.com\/play\/wp-json\/wp\/v2\/media\/38918"}],"wp:attachment":[{"href":"https:\/\/cineytele.com\/play\/wp-json\/wp\/v2\/media?parent=38907"}],"wp:term":[{"taxonomy":"post_tag","embeddable":true,"href":"https:\/\/cineytele.com\/play\/wp-json\/wp\/v2\/tags?post=38907"},{"taxonomy":"categoria-de-noticias","embeddable":true,"href":"https:\/\/cineytele.com\/play\/wp-json\/wp\/v2\/categoria-de-noticias?post=38907"}],"curies":[{"name":"wp","href":"https:\/\/api.w.org\/{rel}","templated":true}]}}