{"id":39071,"date":"2024-11-25T19:44:08","date_gmt":"2024-11-25T18:44:08","guid":{"rendered":"https:\/\/cineytele.com\/play\/?post_type=noticias&#038;p=39071"},"modified":"2024-11-26T23:08:19","modified_gmt":"2024-11-26T22:08:19","slug":"luisa-y-el-mar","status":"publish","type":"noticias","link":"https:\/\/cineytele.com\/play\/noticias\/luisa-y-el-mar\/","title":{"rendered":"El encuentro con Luisa y El Mar"},"content":{"rendered":"\n<h4 class=\"wp-block-heading has-text-align-center\"><strong>Por B\u00e1rbara Da Silva<\/strong><\/h4>\n\n\n\n<figure class=\"wp-block-image size-large\"><img fetchpriority=\"high\" decoding=\"async\" width=\"1024\" height=\"686\" src=\"https:\/\/cineytele.com\/play\/wp-content\/uploads\/2024\/11\/Fotos-por-Luisa-Duggan-1024x686.jpg\" alt=\"Luisa y El Mar\" class=\"wp-image-39072\" srcset=\"https:\/\/cineytele.com\/play\/wp-content\/uploads\/2024\/11\/Fotos-por-Luisa-Duggan-1024x686.jpg 1024w, https:\/\/cineytele.com\/play\/wp-content\/uploads\/2024\/11\/Fotos-por-Luisa-Duggan-300x201.jpg 300w, https:\/\/cineytele.com\/play\/wp-content\/uploads\/2024\/11\/Fotos-por-Luisa-Duggan-768x515.jpg 768w, https:\/\/cineytele.com\/play\/wp-content\/uploads\/2024\/11\/Fotos-por-Luisa-Duggan-1536x1030.jpg 1536w, https:\/\/cineytele.com\/play\/wp-content\/uploads\/2024\/11\/Fotos-por-Luisa-Duggan-2048x1373.jpg 2048w\" sizes=\"(max-width: 1024px) 100vw, 1024px\" \/><figcaption class=\"wp-element-caption\"><strong>\u00a9 Luisa Duggan<\/strong>.<\/figcaption><\/figure>\n\n\n\n<p>Un carrete fotogr\u00e1fico contiene una cinta, una pel\u00edcula sensible a la luz que registra las im\u00e1genes cuando se expone a trav\u00e9s del lente de la c\u00e1mara. Esto se hace visible cuando revelamos y vemos las escenas que hemos capturado en negativo o en impresiones. Cre\u00eda que esta experiencia solo era posible a trav\u00e9s de este proceso mec\u00e1nico, a trav\u00e9s de la fotograf\u00eda. <strong>Luisa y El Mar<\/strong> consiguen hacerlo a trav\u00e9s de la m\u00fasica. Escuchar su disco completo y en orden evoca la sensaci\u00f3n de ver pasar momentos en negativo sin la necesidad de ver. Escucharlos en vivo es tener la oportunidad de activar una proyecci\u00f3n de momentos definitorios en tu cabeza.<\/p>\n\n\n\n<figure class=\"wp-block-embed is-type-rich is-provider-spotify wp-block-embed-spotify wp-embed-aspect-21-9 wp-has-aspect-ratio\"><div class=\"wp-block-embed__wrapper\">\n<iframe title=\"Spotify Embed: Luisa y el Mar\" style=\"border-radius: 12px\" width=\"100%\" height=\"352\" frameborder=\"0\" allowfullscreen allow=\"autoplay; clipboard-write; encrypted-media; fullscreen; picture-in-picture\" loading=\"lazy\" src=\"https:\/\/open.spotify.com\/embed\/artist\/1DtFgHhE0JUClAC5rOiZiC?utm_source=oembed\"><\/iframe>\n<\/div><\/figure>\n\n\n\n<figure class=\"wp-block-image alignright size-full is-resized\"><img decoding=\"async\" width=\"682\" height=\"680\" src=\"https:\/\/cineytele.com\/play\/wp-content\/uploads\/2024\/11\/Captura-de-pantalla-2024-11-20-a-las-13.10.22.png\" alt=\"\" class=\"wp-image-39073\" style=\"width:367px;height:auto\" srcset=\"https:\/\/cineytele.com\/play\/wp-content\/uploads\/2024\/11\/Captura-de-pantalla-2024-11-20-a-las-13.10.22.png 682w, https:\/\/cineytele.com\/play\/wp-content\/uploads\/2024\/11\/Captura-de-pantalla-2024-11-20-a-las-13.10.22-300x300.png 300w, https:\/\/cineytele.com\/play\/wp-content\/uploads\/2024\/11\/Captura-de-pantalla-2024-11-20-a-las-13.10.22-150x150.png 150w\" sizes=\"(max-width: 682px) 100vw, 682px\" \/><figcaption class=\"wp-element-caption\"><strong>\u00a9 Luisa Duggan<\/strong>.<\/figcaption><\/figure>\n\n\n\n<p><a href=\"https:\/\/open.spotify.com\/intl-es\/album\/0qt7UiLpKSdoy8xWrqgM1i\" target=\"_blank\" rel=\"noopener\"><strong><em>Nos Vemos Esta Tarde<\/em><\/strong><\/a><strong> <\/strong>funciona como esa luz que activa la pel\u00edcula sensible en la que participamos cada uno en el transcurso de una vida. Es un disco por mucho sensorial, que mantiene un sonido org\u00e1nico y te permite viajar hacia escenas cotidianas. Te transporta a una sobremesa, a un amanecer solitario, a un atardecer en compa\u00f1\u00eda, a esos lugares que van tomando forma de hogar cuando vamos reconoci\u00e9ndonos en otros espacios, a la calma y lo mutable que puede ser El Mar. Este grupo conformado por tres m\u00fasicos logran crear una unidad, se complementan de manera tal que dan la sensaci\u00f3n de ser una persona, esa que est\u00e1 representada en Luisa.<\/p>\n\n\n\n<p>Me contaban que un amigo de ellos hab\u00eda hecho esta apreciaci\u00f3n y que en su b\u00fasqueda por ponerle nombre a la banda, hab\u00edan llegado a la conclusi\u00f3n de que deb\u00edan rendirle cierto homenaje a una amiga que, m\u00e1s que amiga, hab\u00eda sido encuentro y compa\u00f1\u00eda en su llegada a Barcelona. Luisa es entonces aquel ente que representa casa cuando uno emigra y consigue su identidad en otro lugar, Luisa sirve como analog\u00eda de la p\u00e9rdida y el encuentro. <strong>Luisa y El Mar<\/strong> es un conjunto de todos estos elementos transformados en una m\u00fasica que narra la belleza en lo cotidiano, que cuenta la vida y que reconforta el alma.<\/p>\n\n\n\n<figure class=\"wp-block-image alignright size-full is-resized\"><img decoding=\"async\" width=\"580\" height=\"882\" src=\"https:\/\/cineytele.com\/play\/wp-content\/uploads\/2024\/11\/Captura-de-pantalla-2024-11-20-a-las-13.11.06.png\" alt=\"\" class=\"wp-image-39074\" style=\"width:251px;height:auto\" srcset=\"https:\/\/cineytele.com\/play\/wp-content\/uploads\/2024\/11\/Captura-de-pantalla-2024-11-20-a-las-13.11.06.png 580w, https:\/\/cineytele.com\/play\/wp-content\/uploads\/2024\/11\/Captura-de-pantalla-2024-11-20-a-las-13.11.06-197x300.png 197w\" sizes=\"(max-width: 580px) 100vw, 580px\" \/><figcaption class=\"wp-element-caption\"><strong>\u00a9 Luisa Duggan<\/strong>.<\/figcaption><\/figure>\n\n\n\n<p>Este conjunto est\u00e1 compuesto por <a href=\"https:\/\/open.spotify.com\/intl-es\/artist\/7aCKt3m8guXnz3VYRgNO1q?si=YpKb2tk4R56oBgpZ5zoCsg&amp;nd=1&amp;dlsi=f8167405585840dc\" target=\"_blank\" rel=\"noopener\"><strong>Delfina Mancardo<\/strong><\/a>, una cuenta cuentos de Buenos Aires que toma su voz y su guitarra para exponer con emotividad y vulnerabilidad. <\/p>\n\n\n\n<p>Al preguntarle: <strong>\u00bfCu\u00e1l dir\u00edas que es la mejor emoci\u00f3n para componer? <\/strong>Dudaba en si era el dolor desde donde se vert\u00eda su inspiraci\u00f3n, termin\u00f3 por responder que era la nostalgia.&nbsp;<\/p>\n\n\n\n<p>D: \u201cHay algo de la nostalgia desde donde suelen nacer muchas de mis canciones. La nostalgia tiene una cuota de algo que disfrutaste en su momento que despu\u00e9s quiz\u00e1s se rompi\u00f3 o quiz\u00e1s ya no est\u00e1 m\u00e1s. No es puramente una tristeza o angustia, sino como un todo que dejaste atr\u00e1s. Hay algo en la nostalgia que me interpela mucho, me inspira a componer.\u201d<\/p>\n\n\n\n<p><\/p>\n\n\n\n<figure class=\"wp-block-image alignleft size-full is-resized\"><img loading=\"lazy\" decoding=\"async\" width=\"562\" height=\"838\" src=\"https:\/\/cineytele.com\/play\/wp-content\/uploads\/2024\/11\/Captura-de-pantalla-2024-11-20-a-las-13.10.00.png\" alt=\"\" class=\"wp-image-39075\" style=\"width:246px;height:auto\" srcset=\"https:\/\/cineytele.com\/play\/wp-content\/uploads\/2024\/11\/Captura-de-pantalla-2024-11-20-a-las-13.10.00.png 562w, https:\/\/cineytele.com\/play\/wp-content\/uploads\/2024\/11\/Captura-de-pantalla-2024-11-20-a-las-13.10.00-201x300.png 201w\" sizes=\"(max-width: 562px) 100vw, 562px\" \/><figcaption class=\"wp-element-caption\"><strong>\u00a9 Luisa Duggan<\/strong>.<\/figcaption><\/figure>\n\n\n\n<p><a href=\"https:\/\/open.spotify.com\/intl-es\/artist\/0OlWkzqEdsi0QqVte0MUCA?si=cNjtFzBjQQulJvdE833keA&amp;nd=1&amp;dlsi=63ab99f359be4c8a\" target=\"_blank\" rel=\"noopener\"><strong>Mauro Meloni<\/strong><\/a>, un m\u00fasico de Tucum\u00e1n al norte de Argentina que tiene la pulsi\u00f3n necesaria de provocar en quien lo escucha respuestas f\u00edsicas, sensoriales. Su voz y su guitarra inspiran y levantan. Por eso al responder a la pregunta:<strong> \u00bfpara qu\u00e9 utilizas la m\u00fasica?<\/strong> Todo cobraba sentido:&nbsp;<\/p>\n\n\n\n<p>M: \u201cYo creo que uso la m\u00fasica para procesar cosas que me pasan de distintas formas. Cuando escribo palabras estoy intentando procesar algo, pero cuando canto me da alegr\u00eda, juntarme a cantar con mis amigos me da una sensaci\u00f3n f\u00edsica de placer, sobre todo con gente, compartido.\u201d<\/p>\n\n\n\n<p><\/p>\n\n\n\n<p>Y <a href=\"https:\/\/open.spotify.com\/intl-es\/artist\/68FX93EDkvEXZZp2r8Hy8e?si=IXOFP_N3RXuH80CFmcU6fQ&amp;nd=1&amp;dlsi=100f1ea4da4c4834\" target=\"_blank\" rel=\"noopener\"><strong>Ola Wagner<\/strong><\/a> una tecladista de Polonia que crea melod\u00edas que nutren y que regala pasajes al que escucha porque viajas con ella a trav\u00e9s de su piano. A la pregunta: <strong>\u00bfa d\u00f3nde quieres llevar a la gente cuando te escucha?<\/strong>&nbsp;<\/p>\n\n\n\n<figure class=\"wp-block-image alignright size-full is-resized\"><img loading=\"lazy\" decoding=\"async\" width=\"582\" height=\"954\" src=\"https:\/\/cineytele.com\/play\/wp-content\/uploads\/2024\/11\/Captura-de-pantalla-2024-11-20-a-las-13.11.14.png\" alt=\"\" class=\"wp-image-39076\" style=\"width:268px;height:auto\" srcset=\"https:\/\/cineytele.com\/play\/wp-content\/uploads\/2024\/11\/Captura-de-pantalla-2024-11-20-a-las-13.11.14.png 582w, https:\/\/cineytele.com\/play\/wp-content\/uploads\/2024\/11\/Captura-de-pantalla-2024-11-20-a-las-13.11.14-183x300.png 183w\" sizes=\"(max-width: 582px) 100vw, 582px\" \/><figcaption class=\"wp-element-caption\"><strong>\u00a9 Luisa Duggan<\/strong>.<\/figcaption><\/figure>\n\n\n\n<p>O: \u201cNo tengo intenci\u00f3n de llevar a la gente a un lugar particular, es m\u00e1s dar espacio para que vayan a un lugar que sientan y que necesiten. No tengo intenci\u00f3n o algo concreto cuando compongo m\u00fasica.\u201d<\/p>\n\n\n\n<p><strong>\u00bfA qu\u00e9 lugar sueles ir t\u00fa?&nbsp;<\/strong><\/p>\n\n\n\n<p>O: \u201cYo siento que siempre busco alg\u00fan lugar tranquilo, sereno. La serenidad es el lugar que me ayuda a procesar cosas\u2026\u201d<\/p>\n\n\n\n<p>Mauro aclaraba que al escucharla en su proyecto en solitario da la sensaci\u00f3n de estar bajo el agua y a\u00f1adir\u00eda que tambi\u00e9n es esa amalgama que sustenta el disco. El piano act\u00faa como contenedor y forma, aspecto que se puede ver claro en <a href=\"https:\/\/open.spotify.com\/intl-es\/track\/6bEKpwYKqJjAb6ui72rdcn\" target=\"_blank\" rel=\"noopener\"><strong><em>Jacarand\u00e1<\/em><\/strong><\/a> y en<strong> <\/strong><a href=\"https:\/\/open.spotify.com\/intl-es\/track\/7nrrslb8OAjYMbTJxrfGjE\" target=\"_blank\" rel=\"noopener\"><strong><em>Las Violetas<\/em><\/strong><\/a>.&nbsp;&nbsp;<\/p>\n\n\n\n<p>O:&nbsp; \u201c<em>Jacarand\u00e1<\/em>, en principio, era una introducci\u00f3n a <em>Las Violetas<\/em>, estaban conectadas, pero empezamos a ver que estaban evolucionando y al final decidimos dividirlas en dos temas, sentimos que fue una fusi\u00f3n.\u201d&nbsp;<\/p>\n\n\n\n<p>D: \u201cDe hecho ahora sacamos un clip de cuando se grab\u00f3 todo en vivo. Mauro y yo est\u00e1bamos enfrentados con un micr\u00f3fono y Ola estaba al lado con el piano, en el video se puede ver muy bien, arranca el track y digamos que es todo en uno. Para el disco lo dividimos porque quiz\u00e1s iba a quedarse un poco detr\u00e1s <em>Las Violetas<\/em>. Nosotros proponemos una escucha de <strong><em>Nos Vemos Esta Tarde<\/em> <\/strong>de principio a fin, si lo haces as\u00ed <em>Jacarand\u00e1<\/em> y <em>Las Violetas<\/em> parecen una.\u201d&nbsp;<\/p>\n\n\n\n<figure class=\"wp-block-embed is-type-video is-provider-youtube wp-block-embed-youtube wp-embed-aspect-16-9 wp-has-aspect-ratio\"><div class=\"wp-block-embed__wrapper\">\n<iframe title=\"&quot;Jacaranda\u0301&quot; &amp;  &quot;Las Violetas&quot; en vivo desde Estudi Fontderola\" width=\"800\" height=\"450\" src=\"https:\/\/www.youtube.com\/embed\/-JkklTNooMM?feature=oembed\" frameborder=\"0\" allow=\"accelerometer; autoplay; clipboard-write; encrypted-media; gyroscope; picture-in-picture; web-share\" referrerpolicy=\"strict-origin-when-cross-origin\" allowfullscreen><\/iframe>\n<\/div><\/figure>\n\n\n\n<figure class=\"wp-block-image alignright size-full is-resized\"><img loading=\"lazy\" decoding=\"async\" width=\"628\" height=\"424\" src=\"https:\/\/cineytele.com\/play\/wp-content\/uploads\/2024\/11\/Captura-de-pantalla-2024-11-20-a-las-13.09.43.png\" alt=\"\" class=\"wp-image-39077\" style=\"width:388px;height:auto\" srcset=\"https:\/\/cineytele.com\/play\/wp-content\/uploads\/2024\/11\/Captura-de-pantalla-2024-11-20-a-las-13.09.43.png 628w, https:\/\/cineytele.com\/play\/wp-content\/uploads\/2024\/11\/Captura-de-pantalla-2024-11-20-a-las-13.09.43-300x203.png 300w\" sizes=\"(max-width: 628px) 100vw, 628px\" \/><figcaption class=\"wp-element-caption\"><strong>\u00a9 Luisa Duggan<\/strong>.<\/figcaption><\/figure>\n\n\n\n<p>Al escucharlo completo logran que ese momento de <em>Jacarand\u00e1<\/em> sea introspectivo, da pie a entrar en un viaje, en una imagen en la que ese \u00e1rbol representa el instante de transici\u00f3n en que nos alejamos de la turbulencia o el estancamiento para florecer y colmarnos de color violeta, una transici\u00f3n a la primavera. Ambas canciones funcionan como un h\u00edbrido sin que pierdan su personalidad. Esa sensaci\u00f3n de homogeneidad acompa\u00f1a todo el disco, un elemento que denota un proceso art\u00edstico de creaci\u00f3n y selecci\u00f3n pensado que describen como variado.<\/p>\n\n\n\n<p>M: \u201cHay canciones que han empezado por el piano, por un texto o por la guitarra\u2026 yo creo que al escucharlas se nota desde d\u00f3nde han arrancado. Por ejemplo, <a href=\"https:\/\/open.spotify.com\/intl-es\/track\/5VKgHpsPnFAjALK9P6CvEp\" target=\"_blank\" rel=\"noopener\"><strong><em>V\u00eda Laietana<\/em><\/strong><\/a> empez\u00f3 con una idea de acordes que ten\u00eda Ola y siento que tiene su impronta, eso es buen\u00edsimo porque cada uno aporta su forma de hacer m\u00fasica, despu\u00e9s cada uno trae ideas que trabajamos los tres.\u201d&nbsp;&nbsp;<\/p>\n\n\n\n<p>D: \u201cTambi\u00e9n hay unas que arrancaron de estar con la guitarra y canturrear. Solemos contar que una tarde fuimos a la playa y empezamos a componer con unos amigos lo que se transformar\u00eda en <a href=\"https:\/\/open.spotify.com\/intl-es\/track\/5PKJJijBpMJ6X2anZJil1y\" target=\"_blank\" rel=\"noopener\"><strong><em>Cabrera de Mar<\/em><\/strong><\/a>. Est\u00e1bamos en esa playa, en Barcelona, fue de esos tipos de planes que se suelen extender y algo baj\u00f3 para animarnos a componer en conjunto, a exponernos juntos, a decir lo que quer\u00edamos decir.\u201d<\/p>\n\n\n\n<figure class=\"wp-block-image alignleft size-full is-resized\"><img loading=\"lazy\" decoding=\"async\" width=\"594\" height=\"392\" src=\"https:\/\/cineytele.com\/play\/wp-content\/uploads\/2024\/11\/Captura-de-pantalla-2024-11-20-a-las-13.09.50.png\" alt=\"\" class=\"wp-image-39078\" style=\"width:391px;height:auto\" srcset=\"https:\/\/cineytele.com\/play\/wp-content\/uploads\/2024\/11\/Captura-de-pantalla-2024-11-20-a-las-13.09.50.png 594w, https:\/\/cineytele.com\/play\/wp-content\/uploads\/2024\/11\/Captura-de-pantalla-2024-11-20-a-las-13.09.50-300x198.png 300w\" sizes=\"(max-width: 594px) 100vw, 594px\" \/><figcaption class=\"wp-element-caption\"><strong>\u00a9 Luisa Duggan<\/strong>.<\/figcaption><\/figure>\n\n\n\n<p>Crean esa misma atm\u00f3sfera de intimidad que todos hemos vivido en alg\u00fan momento entre amigos. Esos instantes donde todo fluye para que surjan conversaciones importantes que se quedan en nuestra l\u00ednea de pensamiento y a los que solemos volver cuando necesitamos recobrar el sentido o darle explicaci\u00f3n a lo que somos.<\/p>\n\n\n\n<p>Un ejercicio natural que va de la mano con la nostalgia, sentimiento que nutre cada canci\u00f3n del disco y que definen en una canci\u00f3n ya escrita, pero a\u00fan no grabada y que est\u00e1 por venir llamada <strong><em>Pel\u00edcula sin revelar<\/em><\/strong>.<\/p>\n\n\n\n<p>M: \u201cCreo que la nostalgia nos sirve para apreciar algo que antes estaba sobre nuestras narices y no lo pod\u00edamos ver con tanta perspectiva, con tanta claridad. Ah\u00ed lo de utilizar las fotos anal\u00f3gicas en nuestra est\u00e9tica, fotos que acompa\u00f1an nuestro <a href=\"https:\/\/open.spotify.com\/intl-es\/artist\/1DtFgHhE0JUClAC5rOiZiC\" target=\"_blank\" rel=\"noopener\">Spotify<\/a> y nuestro <a href=\"https:\/\/www.instagram.com\/luisayelmar_\/\" target=\"_blank\" rel=\"noopener\">Instagram<\/a>, fotos que toma Luisa.\u201d&nbsp;<\/p>\n\n\n\n<p>Al mudarnos a otro escenario todos encontramos a una <a href=\"https:\/\/www.instagram.com\/luduggan\/?hl=es\" target=\"_blank\" rel=\"noopener\">Luisa<\/a> que se presenta como casa y va tejiendo hilos en esa nueva realidad. En ella encontramos lo que fuimos, nos da pistas respecto a lo que queremos ser y nos ense\u00f1a el lugar al que hemos llegado. Para ellos,&nbsp;<\/p>\n\n\n\n<p>D: \u201cLuisa fue el lugar de encuentro en ese caos que a veces resulta al cambiar de pa\u00eds, vincularse con gente nueva y atravesar las millones de cosas que pasan teniendo a tu familia lejos. La Luisa, es un todo, es un grupo de amigos, una contenci\u00f3n, es m\u00fasica y un espacio f\u00edsico en donde nos encontramos\u2026 de hecho estas primeras canciones salieron en su casa. Abajo de donde ella viv\u00eda hab\u00eda una galer\u00eda de arte, pudimos grabar ah\u00ed y componer un registro visual. Hay como esa sensaci\u00f3n de pertenencia, de hogar, de sost\u00e9n. En ese compartir se aflojan las cosas, es como que recaes en un otro, las emociones que se sienten tan intensas terminan perdiendo peso porque las est\u00e1s compartiendo y no te sientes tan solo en esa incertidumbre.\u201d<\/p>\n\n\n\n<figure class=\"wp-block-embed is-type-video is-provider-youtube wp-block-embed-youtube wp-embed-aspect-16-9 wp-has-aspect-ratio\"><div class=\"wp-block-embed__wrapper\">\n<iframe title=\"Siempre sale el sol en Barcelona (Live Session Chez Xefo Art Gallery)\" width=\"800\" height=\"450\" src=\"https:\/\/www.youtube.com\/embed\/2EiQFOE2X9c?feature=oembed\" frameborder=\"0\" allow=\"accelerometer; autoplay; clipboard-write; encrypted-media; gyroscope; picture-in-picture; web-share\" referrerpolicy=\"strict-origin-when-cross-origin\" allowfullscreen><\/iframe>\n<\/div><\/figure>\n\n\n\n<figure class=\"wp-block-image alignright size-full is-resized\"><img loading=\"lazy\" decoding=\"async\" width=\"766\" height=\"522\" src=\"https:\/\/cineytele.com\/play\/wp-content\/uploads\/2024\/11\/Captura-de-pantalla-2024-11-20-a-las-13.10.09-1.png\" alt=\"\" class=\"wp-image-39079\" style=\"width:386px;height:auto\" srcset=\"https:\/\/cineytele.com\/play\/wp-content\/uploads\/2024\/11\/Captura-de-pantalla-2024-11-20-a-las-13.10.09-1.png 766w, https:\/\/cineytele.com\/play\/wp-content\/uploads\/2024\/11\/Captura-de-pantalla-2024-11-20-a-las-13.10.09-1-300x204.png 300w\" sizes=\"(max-width: 766px) 100vw, 766px\" \/><figcaption class=\"wp-element-caption\"><strong>\u00a9 Luisa Duggan<\/strong>.<\/figcaption><\/figure>\n\n\n\n<p><strong>Luisa y El Mar <\/strong>se conocieron como esas historias que todos podemos tener en nuestro ba\u00fal de recuerdos sobre c\u00f3mo creamos v\u00ednculos. Delfina y Mauro se conocieron en Buenos Aires por culpa de la admiraci\u00f3n y la \u201cbuena onda\u201d. Un audio que llegaba al m\u00f3vil de Delfina para pedirle que a\u00f1adiera una segunda voz a una melod\u00eda de Mauro fue el dotante para que a\u00f1os m\u00e1s tarde se sentaran a componer. Un show en Barcelona en el que Olga estaba al piano y Delfina al p\u00fablico fue el momento indicado para que hubiese una conversaci\u00f3n post concierto en el que las dos crearan esa conexi\u00f3n fuerte y vibrante que surge con pocas personas en la vida. <\/p>\n\n\n\n<p>Y de ah\u00ed que los tres pudiesen mezclar similitudes en sus experiencias, sensaciones y personalidades para crear esta m\u00fasica. Un producto materializado desde la amistad que definen como un v\u00ednculo no menos importante que los dem\u00e1s y que requiere la misma intenci\u00f3n, dedicaci\u00f3n de tiempo y energ\u00eda como cualquier otro. \u201cAlgo super clave en la vida\u201d, dice Ola y que completa Delfina como \u201cun espacio, un lugar al que voy y en el que puedo crecer, sentirme c\u00f3moda. Muchas veces en soledad nos enrollamos en cosas de m\u00e1s y la amistad es un espacio de aceptaci\u00f3n muy gratificante.\u201d<\/p>\n\n\n\n<figure class=\"wp-block-image\"><img decoding=\"async\" src=\"https:\/\/lh7-rt.googleusercontent.com\/docsz\/AD_4nXcyDFhqrPZwRNckQHYjQJjtB9ToxblxFBSTFFI7GC-7HS-yjY2bWC7_EZF5BrpYAJVIaINCLbX29wbkMA65hIzgGMiP6RwxJHNYaQqVdy9EeYECShU3v8QB5-6rFPVT0BBqZHdb2w?key=BDoHruWqa3QgPZ1ZEazbO86I\" alt=\"\"\/><figcaption class=\"wp-element-caption\"><strong>\u00a9 Luisa Duggan<\/strong>.<\/figcaption><\/figure>\n\n\n\n<p>Componer en grupo y para un proyecto implica un nivel de compromiso diferente, es necesario abrirse, poner las emociones sobre la mesa y dejar espacio para que todos conecten, participen y desarrollen en conjunto. Por eso es necesario que haya un elemento externo que pueda cuidar esta energ\u00eda para que salga de manera org\u00e1nica lo que ha surgido. En su caso, este elemento fue <a href=\"https:\/\/www.instagram.com\/miranda.amaia\/?hl=es\" target=\"_blank\" rel=\"noopener\"><strong>Amaia Miranda<\/strong><\/a>, la productora de <strong><em>Nos Vemos Esta Tarde<\/em><\/strong>.&nbsp;<\/p>\n\n\n\n<p>M: \u201cYo la vi en el <a href=\"https:\/\/www.instagram.com\/openfolk\/?hl=es\" target=\"_blank\" rel=\"noopener\"><strong>Open Folk<\/strong><\/a> de Barcelona y me pareci\u00f3 incre\u00edble. Luego escuch\u00e9 su disco y me encant\u00f3 lo que hac\u00eda. En el momento que est\u00e1bamos buscando productores les mostr\u00e9 su disco a las chicas, uno muy delicado y <em>minimal<\/em>. Los tres sentimos ese intimismo en sus canciones que no ped\u00edan una s\u00faper producci\u00f3n, eran un preservar algo que ya estaba ah\u00ed y en eso Amaia gan\u00f3 versus otras opciones que est\u00e1bamos escuchando.\u201d<\/p>\n\n\n\n<p>D: \u201cHoy en d\u00eda es muy com\u00fan que el productor tome el rol de agregar o filtrar cosas. La m\u00fasica m\u00e1s popular del indie est\u00e1 fuertemente editada y justamente quer\u00edamos encontrar a una persona que nos ayudase a ir por el camino paralelo de mantener algo bien ac\u00fastico, incluso desde la mezcla. Quer\u00edamos dar la sensaci\u00f3n de que todo estaba grabado en vivo.\u201d<\/p>\n\n\n\n<figure class=\"wp-block-image\"><img decoding=\"async\" src=\"https:\/\/lh7-rt.googleusercontent.com\/docsz\/AD_4nXe5FgayQy5AvLVgIOGhzd3GKt9E0-w5hw8QXbWc06k3HGaKmT-l4rPPPzc_894DnagHkEn7X0OPBM2b55keycZzin6vQ7HJAkuHupbjjfHyi3nQdHBx_nPUzSb48klXk8o10VJPaA?key=BDoHruWqa3QgPZ1ZEazbO86I\" alt=\"\"\/><figcaption class=\"wp-element-caption\"><strong>\u00a9 Luisa Duggan<\/strong>.<\/figcaption><\/figure>\n\n\n\n<figure class=\"wp-block-image alignright is-resized\"><img decoding=\"async\" src=\"https:\/\/lh7-rt.googleusercontent.com\/docsz\/AD_4nXf0A5PoRO0leJG69OEmk3tVoq_Bxr7t7TEdB7eBbGy4kiJDN8XVRj0lluqqPDtgWr-KCRd6OGYodaRbuyOxNyKpfOevr1ZeYxxXUi5nXn4HYNmYfOPz6MOhFhJhlQ_nXqQpYvGn1Q?key=BDoHruWqa3QgPZ1ZEazbO86I\" alt=\"\" style=\"width:398px;height:auto\"\/><figcaption class=\"wp-element-caption\"><strong>\u00a9 Mar\u00eda Paz Serra.<\/strong><\/figcaption><\/figure>\n\n\n\n<p>Esa sensaci\u00f3n est\u00e1 lograda, porque si algo los define es que el sonido y la vibra est\u00e1n cuidados. Al escucharlos en vivo esto se magnifica y al preguntarles una palabra con la que pudiesen definir la experiencia del en vivo respondieron que Buenos Aires era punto de partida, Barcelona un fen\u00f3meno incre\u00edble y Madrid un apostar. <\/p>\n\n\n\n<p>Al preguntarles a modo individual una palabra que les represente y un g\u00e9nero que les mueva en este momento vital;&nbsp; Delfina escoge verde, aunque aclara que ha transicionado y antes era azul, unos colores que combinan con <em>soul<\/em>. Mauro, convencido, elige dualidad y folk, por ser el g\u00e9nero que m\u00e1s le interpela generalmente. Ola se sabe agua e improvisaci\u00f3n, porque en ella conecta y se encuentra en g\u00e9neros diferentes. Para mi los tres son memoria y el indie se les quedar\u00eda peque\u00f1o.<\/p>\n\n\n\n<p class=\"has-text-align-right\"><a href=\"https:\/\/cineytele.com\/play\/\">&#8211;<\/a><\/p>\n","protected":false},"excerpt":{"rendered":"<p>Por B\u00e1rbara Da Silva Un carrete fotogr\u00e1fico contiene una cinta, una pel\u00edcula sensible a la luz que registra las im\u00e1genes cuando se expone a trav\u00e9s del lente de la c\u00e1mara. Esto se hace visible cuando revelamos y vemos las escenas que hemos capturado en negativo o en impresiones. Cre\u00eda que esta experiencia solo era posible [&hellip;]<\/p>\n","protected":false},"author":23,"featured_media":39119,"template":"","tags":[4203,7612,98],"categoria-de-noticias":[7148],"class_list":["post-39071","noticias","type-noticias","status-publish","has-post-thumbnail","hentry","tag-indie","tag-luisa-y-el-mar","tag-musica","categoria-de-noticias-musica"],"_links":{"self":[{"href":"https:\/\/cineytele.com\/play\/wp-json\/wp\/v2\/noticias\/39071","targetHints":{"allow":["GET"]}}],"collection":[{"href":"https:\/\/cineytele.com\/play\/wp-json\/wp\/v2\/noticias"}],"about":[{"href":"https:\/\/cineytele.com\/play\/wp-json\/wp\/v2\/types\/noticias"}],"author":[{"embeddable":true,"href":"https:\/\/cineytele.com\/play\/wp-json\/wp\/v2\/users\/23"}],"wp:featuredmedia":[{"embeddable":true,"href":"https:\/\/cineytele.com\/play\/wp-json\/wp\/v2\/media\/39119"}],"wp:attachment":[{"href":"https:\/\/cineytele.com\/play\/wp-json\/wp\/v2\/media?parent=39071"}],"wp:term":[{"taxonomy":"post_tag","embeddable":true,"href":"https:\/\/cineytele.com\/play\/wp-json\/wp\/v2\/tags?post=39071"},{"taxonomy":"categoria-de-noticias","embeddable":true,"href":"https:\/\/cineytele.com\/play\/wp-json\/wp\/v2\/categoria-de-noticias?post=39071"}],"curies":[{"name":"wp","href":"https:\/\/api.w.org\/{rel}","templated":true}]}}