{"id":39486,"date":"2024-12-13T10:35:00","date_gmt":"2024-12-13T09:35:00","guid":{"rendered":"https:\/\/cineytele.com\/play\/?post_type=noticias&#038;p=39486"},"modified":"2024-12-12T17:26:03","modified_gmt":"2024-12-12T16:26:03","slug":"ana-belen-amaral-fangoria-starlite","status":"publish","type":"noticias","link":"https:\/\/cineytele.com\/play\/noticias\/ana-belen-amaral-fangoria-starlite\/","title":{"rendered":"Ana Bel\u00e9n, Amaral, Fangoria &amp; Nancys Rubias, nuevas confirmaciones STARLITE OCCIDENT 2025, Marbella"},"content":{"rendered":"\n<p><strong>Grandes artistas nacionales e internacionales eligen cada a\u00f1o Starlite Occident para celebrar sus conciertos m\u00e1s especiales. Will Smith, Gente de Zona, Europe o Scorpions, entre muchos m\u00e1s, tambi\u00e9n actuar\u00e1n el pr\u00f3ximo verano en el festival\u00a0<\/strong><\/p>\n\n\n\n<figure class=\"wp-block-image size-large\"><img fetchpriority=\"high\" decoding=\"async\" width=\"1024\" height=\"279\" src=\"https:\/\/cineytele.com\/play\/wp-content\/uploads\/2024\/12\/image-19-1024x279.png\" alt=\"Amaral\" class=\"wp-image-39487\" srcset=\"https:\/\/cineytele.com\/play\/wp-content\/uploads\/2024\/12\/image-19-1024x279.png 1024w, https:\/\/cineytele.com\/play\/wp-content\/uploads\/2024\/12\/image-19-300x82.png 300w, https:\/\/cineytele.com\/play\/wp-content\/uploads\/2024\/12\/image-19-768x209.png 768w, https:\/\/cineytele.com\/play\/wp-content\/uploads\/2024\/12\/image-19-1536x418.png 1536w, https:\/\/cineytele.com\/play\/wp-content\/uploads\/2024\/12\/image-19.png 1750w\" sizes=\"(max-width: 1024px) 100vw, 1024px\" \/><\/figure>\n\n\n\n<p>Consolidado como\u00a0<strong>uno de los eventos musicales, culturales y de ocio m\u00e1s reconocidos en el mundo<\/strong>,\u00a0<strong>Starlite<\/strong>\u00a0<strong>Occident<\/strong>\u00a0celebrar\u00e1 en\u00a0<strong>2025<\/strong>\u00a0su\u00a0<strong>XIV edici\u00f3n<\/strong>\u00a0en\u00a0<strong>Marbella<\/strong>. El\u00a0<strong>festival de las estrellas<\/strong>\u00a0volver\u00e1 a reunir en\u00a0<strong>Andaluc\u00eda<\/strong>\u00a0a artistas de renombre internacional, para ofrecer\u00a0<strong>experiencias inolvidables en un entorno \u00fanico<\/strong>.\u00a0<br>\u00a0<br>Celebrado en la emblem\u00e1tica\u00a0<strong>Cantera de Marbella<\/strong>, uno de los enclaves m\u00e1s espectaculares, el festival fusiona a la perfecci\u00f3n la magia de su\u00a0<strong>entorno natural<\/strong>\u00a0con lo \u00faltimo en<strong>\u00a0tecnolog\u00eda<\/strong>\u00a0para crear un universo fascinante, solo visto en\u00a0<strong>el mejor festival boutique del mundo.\u00a0<\/strong>Con la innovaci\u00f3n\u00a0como parte de su ADN,\u00a0<strong>Starlite Occident<\/strong>\u00a0cuenta con\u00a0<strong>la m\u00e1s avanzada configuraci\u00f3n sonora del planeta<\/strong>. Su sistema de audio revolucionario, unido a las caracter\u00edsticas ac\u00fasticas naturales de la Cantera, hace vivir a los asistentes\u00a0<strong>una experiencia musical en vivo incomparable.<\/strong><br>\u00a0<br><strong>Ana Bel\u00e9n\u00a0<\/strong>(jueves 31 de julio),\u00a0<strong>Santana\u00a0<\/strong>(domingo 3 de agosto),<strong>\u00a0Amaral\u00a0<\/strong>(viernes 8 de agosto) y\u00a0<strong>Fangoria &amp; Nancys Rubias\u00a0<\/strong>(s\u00e1bado 23 de agosto)<strong>\u00a0<\/strong>son los nuevos artistas confirmados que formar\u00e1n parte de\u00a0<strong>Starlite Occident 2025<\/strong>. Entradas a la venta en la <a href=\"http:\/\/www.starliteoccident.com\/\" target=\"_blank\" rel=\"noopener\">p\u00e1gina web oficial<\/a>.<\/p>\n\n\n\n<p><strong>UNA CITA DE EXCEPCI\u00d3N CON LAS ESTRELLAS\u00a0<\/strong><br>\u00a0<br><strong>Starlite Occident\u00a0<\/strong>recibir\u00e1 en 2025 a<strong>\u00a0iconos mundiales de la m\u00fasica<\/strong>\u00a0y el entretenimiento en un\u00a0<strong>formato<\/strong>\u00a0<strong>boutique exclusivo<\/strong>, dando lugar a\u00a0<strong>conciertos \u00edntimos<\/strong>\u00a0y\u00a0<strong>espect\u00e1culos inolvidables<\/strong>, as\u00ed como la oportunidad a estos grandes artistas de estar\u00a0<strong>m\u00e1s cerca que nunca de su p\u00fablico<\/strong>.\u00a0<br>\u00a0<br>La diversidad volver\u00e1 a estar presente en el\u00a0<strong>cartel<\/strong>\u00a0con una extensa y ecl\u00e9ctica propuesta cultural, para todos los gustos musicales y generaciones.\u00a0<strong>KOOL &amp; THE GANG<\/strong>\u00a0(viernes 27 de junio),\u00a0<strong>ANA BEL\u00c9N\u00a0<\/strong>(jueves 31 de julio),\u00a0<strong>GENTE DE ZONA<\/strong>\u00a0(mi\u00e9rcoles 2 de julio),<strong>\u00a0RAPHAEL\u00a0<\/strong>(s\u00e1bado 5 de julio),\u00a0<strong>EUROPE<\/strong>\u00a0(martes 8 de julio),\u00a0<strong>SEAL<\/strong>\u00a0(jueves 10 de julio),\u00a0<strong>JHAYCO<\/strong>\u00a0(viernes 18 de julio),\u00a0<strong>THE SCRIPT<\/strong>\u00a0(s\u00e1bado 19 de julio),\u00a0<strong>SCORPIONS<\/strong>\u00a0(lunes 21 de julio),\u00a0<strong>MIGUEL BOS\u00c9<\/strong>\u00a0(mi\u00e9rcoles 23 y jueves 24 de julio),\u00a0<strong>WILL SMITH<\/strong>\u00a0(s\u00e1bado 26 de julio),\u00a0<strong>THE BEACH BOYS<\/strong>\u00a0(lunes 28 de julio),\u00a0<strong>SANTANA\u00a0<\/strong>(domingo 3 de agosto),\u00a0<strong>AMARAL\u00a0<\/strong>(viernes 8 de agosto),\u00a0<strong>BERET<\/strong>\u00a0(martes 12 de agosto),<strong>\u00a0LOS SECRETOS<\/strong>\u00a0(jueves 14 de agosto),\u00a0<strong>SIEMPRE AS\u00cd<\/strong>\u00a0(martes 19 de agosto) y\u00a0<strong>FANGORIA &amp; NANCYS RUBIAS\u00a0<\/strong>(s\u00e1bado 23 de agosto)son algunos de los artistas que\u00a0<strong>este verano formar\u00e1n parte del cartel.<\/strong><\/p>\n\n\n\n<p><strong>ANA BEL\u00c9N<\/strong><\/p>\n\n\n\n<p>El&nbsp;<strong>jueves<\/strong><strong>31 de julio<\/strong>, la talentosa cantante y actriz&nbsp;<strong>Ana Bel\u00e9n<\/strong>&nbsp;volver\u00e1 a&nbsp;<strong>Starlite Occident<\/strong>. Desde ni\u00f1a, se expresaba bailando y cantando, apareciendo en diferentes estaciones de radio y participando en concursos infantiles. En 1982, lleg\u00f3 su primer gran \u00e9xito discogr\u00e1fico con&nbsp;<strong>\u201cAna En Rio\u201d<\/strong>, que inclu\u00eda su hit&nbsp;<strong>\u201cBalanc\u00e8\u201d<\/strong>. En 1991, extendi\u00f3 su carrera al cine, con la aclamada pel\u00edcula&nbsp;<strong>C\u00f3mo Ser Mujer y No Morir en el Intento,<\/strong>&nbsp;con la que fue galardonada por la Academia Cinematogr\u00e1fica Espa\u00f1ola con la&nbsp;<strong>medalla de oro<\/strong>. Reconocida como una de las cantantes m\u00e1s importantes, deleitar\u00e1 al p\u00fablico con temas como&nbsp;<strong>\u201cLa Puerta de Alcal\u00e1\u201d<\/strong>,&nbsp;<strong>\u201cPeces de Ciudad\u201d&nbsp;<\/strong>o&nbsp;<strong>\u201cContam\u00edname\u201d<\/strong>, entre otros muchos.<\/p>\n\n\n\n<p><strong>SANTANA<\/strong><\/p>\n\n\n\n<p>El&nbsp;<strong>guitarrista<\/strong>,&nbsp;<strong>cantante&nbsp;<\/strong>y&nbsp;<strong>compositor&nbsp;<\/strong>mexicano&nbsp;<strong>Santana<\/strong>, volver\u00e1 a&nbsp;&nbsp;<strong>Starlite Occident<\/strong>&nbsp;el&nbsp;<strong>domingo 3 de agosto<\/strong>. Durante m\u00e1s de cinco d\u00e9cadas,&nbsp;<strong>Carlos Santana<\/strong>&nbsp;ha sido la fuerza visionaria detr\u00e1s de un arte que&nbsp;<strong>transciende g\u00e9neros musicales<\/strong>,&nbsp;<strong>fronteras generacionales<\/strong>,&nbsp;<strong>culturales<\/strong>&nbsp;y&nbsp;<strong>geogr\u00e1ficas<\/strong>. Entre muchas otras distinciones,&nbsp;<strong>Carlos Santana<\/strong>&nbsp;ha ganado&nbsp;<strong>diez premios Grammy<\/strong>&nbsp;y&nbsp;<strong>tres premios Latin Grammy<\/strong>, con un r\u00e9cord de nueve premios Grammy para un solo proyecto en 1999 y ha sido citado por Rolling Stone como # 11 en su lista de los \u00ab<strong>100 mejores guitarristas de todos los tiempos<\/strong>\u00bb. Durante m\u00e1s de 50 a\u00f1os ha vendido m\u00e1s de 100 millones de discos, actuando e impactado a fans de todo el mundo con temas como&nbsp;<strong>\u201cOye como va\u201d<\/strong>,&nbsp;<strong>\u201cSamba pa ti\u201d<\/strong>&nbsp;o&nbsp;<strong>\u201cMar\u00eda Mar\u00eda\u201d<\/strong>.<\/p>\n\n\n\n<p><strong>AMARAL<\/strong><\/p>\n\n\n\n<p><strong>Starlite Occident<\/strong>&nbsp;recibir\u00e1 por primera vez a<strong>&nbsp;Amaral<\/strong>, el grupo referente del&nbsp;<strong>pop rock en espa\u00f1ol<\/strong>. El d\u00fao zaragozano formado por&nbsp;<strong>Eva Amaral<\/strong>&nbsp;y&nbsp;<strong>Juan Aguirre<\/strong>, comenz\u00f3 en los 90 actuando en caf\u00e9s y peque\u00f1as salas de m\u00fasica. Tras m\u00e1s de 25 a\u00f1os sobre los escenarios,&nbsp;<strong>Amaral<\/strong>&nbsp;sigue ocupando un espacio privilegiado en el&nbsp;<strong>universo pop<\/strong>, alcanzando los&nbsp;<strong>primeros puestos de todas las listas de \u00e9xitos<\/strong>.&nbsp;<strong>\u201cSin ti no soy nada\u201d<\/strong>,&nbsp;<strong>\u201cMarta, Sebas, Guillen y los dem\u00e1s\u201d<\/strong>,&nbsp;<strong>\u201cComo hablar\u201d<\/strong>&nbsp;o&nbsp;<strong>\u201cEl universo sobre m\u00ed\u201d<\/strong>, son solo algunos de los grandes \u00e9xitos que han marcado a todas las generaciones de nuestro pa\u00eds.&nbsp;<strong>Amaral<\/strong>&nbsp;presentar\u00e1 en directo su nuevo trabajo&nbsp;<strong>\u201cDolce Vita\u201d<\/strong>.<\/p>\n\n\n\n<p><strong>FANGORIA &amp; NANCYS RUBIAS<\/strong><\/p>\n\n\n\n<p>El&nbsp;<strong>s\u00e1bado 23 de agosto<\/strong>,&nbsp;<strong>Starlite Occident<\/strong>&nbsp;vivir\u00e1 una noche \u00fanica con el concierto doble de&nbsp;<strong>Fangoria y Nancys Rubias.<\/strong>&nbsp;Con su particular combinaci\u00f3n de pop electr\u00f3nico bailable y hedonista,&nbsp;<strong>Fangoria&nbsp;<\/strong>ha conseguido posicionarse como uno de los d\u00faos m\u00e1s importantes de la movida madrile\u00f1a y el panorama musical nacional.&nbsp;<strong>\u201cDramas y comedias\u201d<\/strong>,&nbsp;<strong>\u201cNi t\u00fa ni nadie\u201d&nbsp;<\/strong>o&nbsp;<strong>\u201cA qui\u00e9n le importa\u201d<\/strong>, son algunos de los grandes \u00e9xitos que no faltar\u00e1n el&nbsp;<strong>s\u00e1bado 23 de agosto<\/strong>.<\/p>\n\n\n\n<p>Gracias a la fusi\u00f3n de m\u00fasica&nbsp;<strong>electr\u00f3nica<\/strong>,&nbsp;<strong>pop<\/strong>,&nbsp;<strong>dance<\/strong>&nbsp;y&nbsp;<strong>glam<\/strong>, Las&nbsp;<strong>Nancys Rubias<\/strong>&nbsp;han conseguido caracterizarse por tener un&nbsp;<strong>sonido \u00fanico<\/strong>&nbsp;e&nbsp;<strong>inigualable.<\/strong>&nbsp;Liderado por&nbsp;<strong>Mario Vaquerizo<\/strong>, la banda comenz\u00f3 en 2004 por pura diversi\u00f3n sin saber que temas como&nbsp;<strong>\u201cMe encanta\u201d<\/strong>&nbsp;o&nbsp;<strong>\u201cPeluquitas\u201d<\/strong>, se convertir\u00edan en grandes \u00e9xitos de nuestro pa\u00eds.<\/p>\n\n\n\n<p><\/p>\n","protected":false},"excerpt":{"rendered":"<p>Grandes artistas nacionales e internacionales eligen cada a\u00f1o Starlite Occident para celebrar sus conciertos m\u00e1s especiales. Will Smith, Gente de Zona, Europe o Scorpions, entre muchos m\u00e1s, tambi\u00e9n actuar\u00e1n el pr\u00f3ximo verano en el festival\u00a0 Consolidado como\u00a0uno de los eventos musicales, culturales y de ocio m\u00e1s reconocidos en el mundo,\u00a0Starlite\u00a0Occident\u00a0celebrar\u00e1 en\u00a02025\u00a0su\u00a0XIV edici\u00f3n\u00a0en\u00a0Marbella. El\u00a0festival de las [&hellip;]<\/p>\n","protected":false},"author":23,"featured_media":39488,"template":"","tags":[3633,6199,899,7652,7653,5051],"categoria-de-noticias":[7148,7081],"class_list":["post-39486","noticias","type-noticias","status-publish","has-post-thumbnail","hentry","tag-3633","tag-amaral","tag-ana-belen","tag-fangoria","tag-nancys-rubias","tag-starlite-occident","categoria-de-noticias-musica","categoria-de-noticias-ocio-eventos-entradas"],"_links":{"self":[{"href":"https:\/\/cineytele.com\/play\/wp-json\/wp\/v2\/noticias\/39486","targetHints":{"allow":["GET"]}}],"collection":[{"href":"https:\/\/cineytele.com\/play\/wp-json\/wp\/v2\/noticias"}],"about":[{"href":"https:\/\/cineytele.com\/play\/wp-json\/wp\/v2\/types\/noticias"}],"author":[{"embeddable":true,"href":"https:\/\/cineytele.com\/play\/wp-json\/wp\/v2\/users\/23"}],"wp:featuredmedia":[{"embeddable":true,"href":"https:\/\/cineytele.com\/play\/wp-json\/wp\/v2\/media\/39488"}],"wp:attachment":[{"href":"https:\/\/cineytele.com\/play\/wp-json\/wp\/v2\/media?parent=39486"}],"wp:term":[{"taxonomy":"post_tag","embeddable":true,"href":"https:\/\/cineytele.com\/play\/wp-json\/wp\/v2\/tags?post=39486"},{"taxonomy":"categoria-de-noticias","embeddable":true,"href":"https:\/\/cineytele.com\/play\/wp-json\/wp\/v2\/categoria-de-noticias?post=39486"}],"curies":[{"name":"wp","href":"https:\/\/api.w.org\/{rel}","templated":true}]}}