{"id":40651,"date":"2025-02-17T17:23:03","date_gmt":"2025-02-17T16:23:03","guid":{"rendered":"https:\/\/cineytele.com\/play\/?post_type=noticias&#038;p=40651"},"modified":"2025-02-17T17:23:04","modified_gmt":"2025-02-17T16:23:04","slug":"prado-reune-obras-greco","status":"publish","type":"noticias","link":"https:\/\/cineytele.com\/play\/noticias\/prado-reune-obras-greco\/","title":{"rendered":"El Museo del Prado re\u00fane por primera vez ocho obras clave del Greco dispersas por el mundo"},"content":{"rendered":"\n<p>Madrid se convierte en el epicentro del arte con la exposici\u00f3n <strong>&#8216;El Greco. Santo Domingo el Antiguo&#8217;<\/strong>, que re\u00fane hasta el 15 de junio ocho de las nueve piezas que el maestro cretense realiz\u00f3 para el monasterio toledano en el siglo XVI. La muestra, que marca un hito en la historia del arte, incluye la ic\u00f3nica <strong>&#8216;La Asunci\u00f3n&#8217;<\/strong>, cedida temporalmente por el Instituto de Arte de Chicago tras 120 a\u00f1os de ausencia en Espa\u00f1a.<\/p>\n\n\n\n<h3 class=\"wp-block-heading\">Un reencuentro hist\u00f3rico con &#8216;La Asunci\u00f3n&#8217;<\/h3>\n\n\n\n<p>Al adentrarse en la <strong>galer\u00eda central del Prado<\/strong>, los visitantes son recibidos por la monumental <strong>&#8216;La Asunci\u00f3n&#8217;<\/strong>, una obra maestra en la que el Greco plasm\u00f3 su visi\u00f3n singular del arte sacro. Encargada en 1577 por <strong>Diego de Castilla<\/strong>, de\u00e1n de la catedral de Toledo, la pieza form\u00f3 parte de un ambicioso retablo que revolucion\u00f3 la iconograf\u00eda religiosa de la \u00e9poca. La composici\u00f3n, inspirada en el Renacimiento veneciano, destaca por su <strong>dinamismo, cromatismo vibrante y la caracter\u00edstica elongaci\u00f3n de las figuras<\/strong>.<\/p>\n\n\n\n<figure class=\"wp-block-image aligncenter size-large\"><img fetchpriority=\"high\" decoding=\"async\" width=\"524\" height=\"1024\" src=\"https:\/\/cineytele.com\/play\/wp-content\/uploads\/2025\/02\/image-105-524x1024.png\" alt=\"Prado\" class=\"wp-image-40652\" srcset=\"https:\/\/cineytele.com\/play\/wp-content\/uploads\/2025\/02\/image-105-524x1024.png 524w, https:\/\/cineytele.com\/play\/wp-content\/uploads\/2025\/02\/image-105-154x300.png 154w, https:\/\/cineytele.com\/play\/wp-content\/uploads\/2025\/02\/image-105-768x1500.png 768w, https:\/\/cineytele.com\/play\/wp-content\/uploads\/2025\/02\/image-105-786x1536.png 786w, https:\/\/cineytele.com\/play\/wp-content\/uploads\/2025\/02\/image-105.png 800w\" sizes=\"(max-width: 524px) 100vw, 524px\" \/><\/figure>\n\n\n\n<h3 class=\"wp-block-heading\">El largo periplo de una obra maestra<\/h3>\n\n\n\n<p>Tras su instalaci\u00f3n en el retablo en 1579, las piezas emprendieron un destino fragmentado en el siglo XIX. <strong>&#8216;La Asunci\u00f3n&#8217;<\/strong>, adquirida por el infante Sebasti\u00e1n Gabriel de Borb\u00f3n en 1830, fue trasladada a Francia y posteriormente subastada en Par\u00eds en 1904. Finalmente, en 1906, <strong>Nancy Atwood Sprague<\/strong> la don\u00f3 al Instituto de Arte de Chicago, donde ha permanecido hasta ahora. Gracias a un acuerdo entre el director del Prado, <strong>Miguel Falomir<\/strong>, y la instituci\u00f3n estadounidense, la obra ha regresado temporalmente a Espa\u00f1a, viajando en avi\u00f3n separada de su monumental marco.<\/p>\n\n\n\n<h3 class=\"wp-block-heading\">Una exposici\u00f3n sin precedentes<\/h3>\n\n\n\n<p>La muestra en el Prado presenta un montaje innovador que desaf\u00eda la disposici\u00f3n tradicional de los retablos, permitiendo una observaci\u00f3n detallada de cada pieza. Adem\u00e1s de <strong>&#8216;La Asunci\u00f3n&#8217;<\/strong>, se exhiben otras obras clave como <strong>&#8216;La Trinidad&#8217;<\/strong>, <strong>&#8216;San Juan Bautista&#8217;<\/strong>, <strong>&#8216;San Juan Evangelista&#8217;<\/strong>, <strong>&#8216;San Bernardo&#8217;<\/strong> y <strong>&#8216;San Benito&#8217;<\/strong>. La novena pieza, <strong>&#8216;San Bernardo&#8217;<\/strong>, que reside en el Museo del Hermitage de Mosc\u00fa, no ha podido viajar a Madrid.<\/p>\n\n\n\n<p>Uno de los momentos m\u00e1s curiosos de la organizaci\u00f3n de la exposici\u00f3n fue la negociaci\u00f3n con las monjas de Santo Domingo el Antiguo, quienes custodiaban varias piezas. <strong>El Prado, adem\u00e1s de convencerlas con paciencia y diplomacia, se comprometi\u00f3 a restaurar una obra del pintor Eugenio Caj\u00e9s y, como gesto simb\u00f3lico, adquiri\u00f3 sus famosos mazapanes.<\/strong><\/p>\n\n\n\n<h3 class=\"wp-block-heading\">El Greco: de la tradici\u00f3n al genio moderno<\/h3>\n\n\n\n<p>La exposici\u00f3n no solo permite ver los inicios del Greco en Espa\u00f1a, sino tambi\u00e9n su evoluci\u00f3n art\u00edstica. Como colof\u00f3n, el Prado exhibe una segunda versi\u00f3n de <strong>&#8216;La Adoraci\u00f3n de los Pastores&#8217;<\/strong>, en la que el pintor se retrata como un pastor arrodillado junto a su hijo. Esta pieza evidencia la transformaci\u00f3n de su estilo: <strong>de la influencia renacentista a un lenguaje pict\u00f3rico propio que inspir\u00f3 a artistas como Picasso<\/strong>.<\/p>\n\n\n\n<p>Esta muestra sin precedentes es una cita obligada para los amantes del arte. No olvides seguirnos en nuestras redes sociales para m\u00e1s novedades sobre el mundo del arte y la cultura.<\/p>\n\n\n\n<h2 class=\"wp-block-heading has-text-align-center\">\u00a1S\u00edguenos en redes sociales (<a href=\"https:\/\/x.com\/cineyteleplay\">X<\/a>, <a href=\"https:\/\/www.instagram.com\/cineyteleplay\/\" target=\"_blank\" rel=\"noopener\">Instagram<\/a> y <a href=\"https:\/\/es.linkedin.com\/in\/cineytele-play-a6521b2a7\" target=\"_blank\" rel=\"noopener\">LinkedIn<\/a>) para estar al d\u00eda de todas las noticias que publicamos!<\/h2>\n","protected":false},"excerpt":{"rendered":"<p>Madrid se convierte en el epicentro del arte con la exposici\u00f3n &#8216;El Greco. Santo Domingo el Antiguo&#8217;, que re\u00fane hasta el 15 de junio ocho de las nueve piezas que el maestro cretense realiz\u00f3 para el monasterio toledano en el siglo XVI. La muestra, que marca un hito en la historia del arte, incluye la [&hellip;]<\/p>\n","protected":false},"author":23,"featured_media":40653,"template":"","tags":[],"categoria-de-noticias":[7083,7081],"class_list":["post-40651","noticias","type-noticias","status-publish","has-post-thumbnail","hentry","categoria-de-noticias-cultura","categoria-de-noticias-ocio-eventos-entradas"],"_links":{"self":[{"href":"https:\/\/cineytele.com\/play\/wp-json\/wp\/v2\/noticias\/40651","targetHints":{"allow":["GET"]}}],"collection":[{"href":"https:\/\/cineytele.com\/play\/wp-json\/wp\/v2\/noticias"}],"about":[{"href":"https:\/\/cineytele.com\/play\/wp-json\/wp\/v2\/types\/noticias"}],"author":[{"embeddable":true,"href":"https:\/\/cineytele.com\/play\/wp-json\/wp\/v2\/users\/23"}],"wp:featuredmedia":[{"embeddable":true,"href":"https:\/\/cineytele.com\/play\/wp-json\/wp\/v2\/media\/40653"}],"wp:attachment":[{"href":"https:\/\/cineytele.com\/play\/wp-json\/wp\/v2\/media?parent=40651"}],"wp:term":[{"taxonomy":"post_tag","embeddable":true,"href":"https:\/\/cineytele.com\/play\/wp-json\/wp\/v2\/tags?post=40651"},{"taxonomy":"categoria-de-noticias","embeddable":true,"href":"https:\/\/cineytele.com\/play\/wp-json\/wp\/v2\/categoria-de-noticias?post=40651"}],"curies":[{"name":"wp","href":"https:\/\/api.w.org\/{rel}","templated":true}]}}