{"id":40655,"date":"2025-02-12T16:47:33","date_gmt":"2025-02-12T15:47:33","guid":{"rendered":"https:\/\/cineytele.com\/play\/?post_type=noticias&#038;p=40655"},"modified":"2025-02-19T16:58:47","modified_gmt":"2025-02-19T15:58:47","slug":"torrejon-de-cine-alejandro-echegoyen","status":"publish","type":"noticias","link":"https:\/\/cineytele.com\/play\/noticias\/torrejon-de-cine-alejandro-echegoyen\/","title":{"rendered":"\u00abTorrej\u00f3n de Cine\u00bb: La exposici\u00f3n de Alejandro Echegoyen que retrata la visita de estrellas internacionales a Espa\u00f1a"},"content":{"rendered":"\n<p><\/p>\n\n\n\n<p><strong>La Casa de la Cultura de Torrej\u00f3n de Ardoz fue lugar de acogida de la exposici\u00f3n \u00abTorrej\u00f3n de Cine\u00bb, una muestra fotogr\u00e1fica del reconocido reportero gr\u00e1fico Alejandro Echegoyen. Esta exhibici\u00f3n, estuvo disponible hasta el 9 de febrero, ofreciendo una mirada \u00edntima a las premieres, presentaciones y alfombras rojas protagonizadas por destacados actores, actrices y directores durante sus visitas promocionales a Espa\u00f1a.<\/strong><\/p>\n\n\n\n<figure class=\"wp-block-embed is-type-video is-provider-youtube wp-block-embed-youtube wp-embed-aspect-16-9 wp-has-aspect-ratio\"><div class=\"wp-block-embed__wrapper\">\n<iframe title=\"Exposici\u00f3n Torrej\u00f3n de Cine Alejandro Echegoyen Torrej\u00f3n 2025\" width=\"800\" height=\"450\" src=\"https:\/\/www.youtube.com\/embed\/bsqAyHEyaFM?feature=oembed\" frameborder=\"0\" allow=\"accelerometer; autoplay; clipboard-write; encrypted-media; gyroscope; picture-in-picture; web-share\" referrerpolicy=\"strict-origin-when-cross-origin\" allowfullscreen><\/iframe>\n<\/div><\/figure>\n\n\n\n<figure class=\"wp-block-image size-large\"><img fetchpriority=\"high\" decoding=\"async\" width=\"1003\" height=\"1024\" src=\"https:\/\/cineytele.com\/play\/wp-content\/uploads\/2025\/02\/GjH5uU9W0AA_DLX-1-1003x1024.jpg\" alt=\"\" class=\"wp-image-40659\" srcset=\"https:\/\/cineytele.com\/play\/wp-content\/uploads\/2025\/02\/GjH5uU9W0AA_DLX-1-1003x1024.jpg 1003w, https:\/\/cineytele.com\/play\/wp-content\/uploads\/2025\/02\/GjH5uU9W0AA_DLX-1-294x300.jpg 294w, https:\/\/cineytele.com\/play\/wp-content\/uploads\/2025\/02\/GjH5uU9W0AA_DLX-1-768x784.jpg 768w, https:\/\/cineytele.com\/play\/wp-content\/uploads\/2025\/02\/GjH5uU9W0AA_DLX-1.jpg 1175w\" sizes=\"(max-width: 1003px) 100vw, 1003px\" \/><\/figure>\n\n\n\n<figure class=\"wp-block-image size-large\"><img decoding=\"async\" width=\"989\" height=\"1024\" src=\"https:\/\/cineytele.com\/play\/wp-content\/uploads\/2025\/02\/IMG_6900-989x1024.jpg\" alt=\"\" class=\"wp-image-40656\" srcset=\"https:\/\/cineytele.com\/play\/wp-content\/uploads\/2025\/02\/IMG_6900-989x1024.jpg 989w, https:\/\/cineytele.com\/play\/wp-content\/uploads\/2025\/02\/IMG_6900-290x300.jpg 290w, https:\/\/cineytele.com\/play\/wp-content\/uploads\/2025\/02\/IMG_6900-768x795.jpg 768w, https:\/\/cineytele.com\/play\/wp-content\/uploads\/2025\/02\/IMG_6900-1484x1536.jpg 1484w, https:\/\/cineytele.com\/play\/wp-content\/uploads\/2025\/02\/IMG_6900-1979x2048.jpg 1979w\" sizes=\"(max-width: 989px) 100vw, 989px\" \/><figcaption class=\"wp-element-caption\">Alejandro Echegoyen.<\/figcaption><\/figure>\n\n\n\n<p>Alejandro Echegoyen, con una trayectoria consolidada en el \u00e1mbito de la fotograf\u00eda cinematogr\u00e1fica, ha capturado momentos emblem\u00e1ticos del s\u00e9ptimo arte, inmortalizando a figuras de renombre mundial en instantes de gran relevancia medi\u00e1tica. Su habilidad para plasmar la esencia y el carisma de las celebridades ha sido reconocida en m\u00faltiples ocasiones, consolid\u00e1ndolo como una referencia en el fotoperiodismo cultural.<\/p>\n\n\n\n<figure class=\"wp-block-image alignright size-full is-resized\"><img decoding=\"async\" width=\"344\" height=\"245\" src=\"https:\/\/cineytele.com\/play\/wp-content\/uploads\/2025\/02\/GaleriaNikon-Foto-AlejandroEchegoyen.jpg\" alt=\"\" class=\"wp-image-40660\" style=\"width:293px;height:auto\" srcset=\"https:\/\/cineytele.com\/play\/wp-content\/uploads\/2025\/02\/GaleriaNikon-Foto-AlejandroEchegoyen.jpg 344w, https:\/\/cineytele.com\/play\/wp-content\/uploads\/2025\/02\/GaleriaNikon-Foto-AlejandroEchegoyen-300x214.jpg 300w\" sizes=\"(max-width: 344px) 100vw, 344px\" \/><\/figure>\n\n\n\n<p>Echegoyen no solo retrata a los artistas en sus apariciones p\u00fablicas, sino que tambi\u00e9n logra plasmar la intensidad emocional de cada escena, ya sea en el bullicio de un estreno o en la intimidad de un retrato improvisado. Su trabajo destaca por su habilidad para jugar con la luz, el encuadre y la expresividad de los sujetos, elementos que convierten sus im\u00e1genes en verdaderas piezas de arte.<\/p>\n\n\n\n<p>La exposici\u00f3n \u00abTorrej\u00f3n de Cine\u00bb se present\u00f3 como una oportunidad inigualable para los amantes del cine y la fotograf\u00eda, permitiendo a los visitantes sumergirse en el glamour y la emoci\u00f3n de eventos cinematogr\u00e1ficos de alto perfil. La muestra estuvo abierta al p\u00fablico de lunes a s\u00e1bado, en horario de 11:00 a 14:00 y de 18:00 a 21:00 horas, y los domingos de 11:00 a 14:00 horas.<\/p>\n\n\n\n<p><\/p>\n","protected":false},"excerpt":{"rendered":"<p>La Casa de la Cultura de Torrej\u00f3n de Ardoz fue lugar de acogida de la exposici\u00f3n \u00abTorrej\u00f3n de Cine\u00bb, una muestra fotogr\u00e1fica del reconocido reportero gr\u00e1fico Alejandro Echegoyen. Esta exhibici\u00f3n, estuvo disponible hasta el 9 de febrero, ofreciendo una mirada \u00edntima a las premieres, presentaciones y alfombras rojas protagonizadas por destacados actores, actrices y directores [&hellip;]<\/p>\n","protected":false},"author":23,"featured_media":40661,"template":"","tags":[7866],"categoria-de-noticias":[7083],"class_list":["post-40655","noticias","type-noticias","status-publish","has-post-thumbnail","hentry","tag-alejandro-echegoyen","categoria-de-noticias-cultura"],"_links":{"self":[{"href":"https:\/\/cineytele.com\/play\/wp-json\/wp\/v2\/noticias\/40655","targetHints":{"allow":["GET"]}}],"collection":[{"href":"https:\/\/cineytele.com\/play\/wp-json\/wp\/v2\/noticias"}],"about":[{"href":"https:\/\/cineytele.com\/play\/wp-json\/wp\/v2\/types\/noticias"}],"author":[{"embeddable":true,"href":"https:\/\/cineytele.com\/play\/wp-json\/wp\/v2\/users\/23"}],"wp:featuredmedia":[{"embeddable":true,"href":"https:\/\/cineytele.com\/play\/wp-json\/wp\/v2\/media\/40661"}],"wp:attachment":[{"href":"https:\/\/cineytele.com\/play\/wp-json\/wp\/v2\/media?parent=40655"}],"wp:term":[{"taxonomy":"post_tag","embeddable":true,"href":"https:\/\/cineytele.com\/play\/wp-json\/wp\/v2\/tags?post=40655"},{"taxonomy":"categoria-de-noticias","embeddable":true,"href":"https:\/\/cineytele.com\/play\/wp-json\/wp\/v2\/categoria-de-noticias?post=40655"}],"curies":[{"name":"wp","href":"https:\/\/api.w.org\/{rel}","templated":true}]}}