{"id":40780,"date":"2025-03-04T18:20:42","date_gmt":"2025-03-04T17:20:42","guid":{"rendered":"https:\/\/cineytele.com\/play\/?post_type=noticias&#038;p=40780"},"modified":"2025-03-04T18:20:43","modified_gmt":"2025-03-04T17:20:43","slug":"europalia-2025-espana-lleva-el-universo-de-goya-a-belgica-con-mas-de-200-actividades-culturales","status":"publish","type":"noticias","link":"https:\/\/cineytele.com\/play\/noticias\/europalia-2025-espana-lleva-el-universo-de-goya-a-belgica-con-mas-de-200-actividades-culturales\/","title":{"rendered":"EUROPALIA 2025: Espa\u00f1a lleva el universo de Goya a B\u00e9lgica con m\u00e1s de 200 actividades culturales"},"content":{"rendered":"\n<p>El arte, la historia y la vanguardia espa\u00f1ola aterrizan en <strong>B\u00e9lgica<\/strong> de la mano de <strong>EUROPALIA 2025<\/strong>, el prestigioso festival bienal que, del <strong>7 de octubre de 2025 al 1 de febrero de 2026<\/strong>, convertir\u00e1 a Espa\u00f1a en el epicentro de la cultura europea. Con una programaci\u00f3n de <strong>m\u00e1s de 200 actividades<\/strong>, el evento explora la riqueza del patrimonio espa\u00f1ol desde una mirada contempor\u00e1nea, con <strong>Francisco de Goya como eje central<\/strong> y su legado como puente entre el pasado y el presente.<\/p>\n\n\n\n<figure class=\"wp-block-image size-large\"><img fetchpriority=\"high\" decoding=\"async\" width=\"1024\" height=\"568\" src=\"https:\/\/cineytele.com\/play\/wp-content\/uploads\/2025\/03\/Belle-Epoque-Fernando-Trueba-fotograma-1024x568.jpg\" alt=\"\" class=\"wp-image-40782\" srcset=\"https:\/\/cineytele.com\/play\/wp-content\/uploads\/2025\/03\/Belle-Epoque-Fernando-Trueba-fotograma-1024x568.jpg 1024w, https:\/\/cineytele.com\/play\/wp-content\/uploads\/2025\/03\/Belle-Epoque-Fernando-Trueba-fotograma-300x166.jpg 300w, https:\/\/cineytele.com\/play\/wp-content\/uploads\/2025\/03\/Belle-Epoque-Fernando-Trueba-fotograma-768x426.jpg 768w, https:\/\/cineytele.com\/play\/wp-content\/uploads\/2025\/03\/Belle-Epoque-Fernando-Trueba-fotograma.jpg 1280w\" sizes=\"(max-width: 1024px) 100vw, 1024px\" \/><figcaption class=\"wp-element-caption\"><strong><em>Belle Epoque<\/em><\/strong>, de Fernando Trueba<\/figcaption><\/figure>\n\n\n\n<h3 class=\"wp-block-heading\">Un homenaje a Goya y su vigencia en el arte actual<\/h3>\n\n\n\n<p>Bajo los conceptos <strong>goyescos<\/strong> de <strong>Caprichos, Desastres y Disparates<\/strong>, el festival trazar\u00e1 un di\u00e1logo entre la obra del maestro aragon\u00e9s y la creaci\u00f3n contempor\u00e1nea, explorando la relaci\u00f3n entre la belleza y lo grotesco, el poder del arte como herramienta cr\u00edtica y la resistencia ante los desaf\u00edos actuales.<\/p>\n\n\n\n<p>El evento contar\u00e1 con la exposici\u00f3n estrella <strong>\u00abGoya hoy: avanzar retrocediendo\u00bb<\/strong>, en el <strong>Palacio de Bellas Artes de Bruselas (Bozar)<\/strong>. Organizada por <strong>Acci\u00f3n Cultural Espa\u00f1ola (AC\/E)<\/strong> y comisariada por <strong>Roc\u00edo Gracia y Leticia Sastre<\/strong>, la muestra reinterpreta el impacto de Goya en la cultura visual contempor\u00e1nea y su papel como precursor del arte moderno.<\/p>\n\n\n\n<h3 class=\"wp-block-heading\">Una programaci\u00f3n multidisciplinar con 250 artistas<\/h3>\n\n\n\n<p>EUROPALIA 2025 desplegar\u00e1 un <strong>espectacular abanico de disciplinas<\/strong>:<\/p>\n\n\n\n<ul class=\"wp-block-list\">\n<li><strong>10 exposiciones<\/strong> que viajar\u00e1n desde la pintura cl\u00e1sica hasta el arte digital.<\/li>\n\n\n\n<li><strong>40 eventos musicales<\/strong>, con flamenco, cl\u00e1sica y vanguardia.<\/li>\n\n\n\n<li><strong>70 propuestas esc\u00e9nicas y performativas<\/strong>, con figuras como <strong>Ang\u00e9lica Liddell y La Ribot<\/strong>.<\/li>\n\n\n\n<li><strong>50 proyecciones cinematogr\u00e1ficas<\/strong> sobre la evoluci\u00f3n del cine espa\u00f1ol.<\/li>\n\n\n\n<li><strong>30 iniciativas sobre literatura y pensamiento<\/strong>, con debates sobre la evoluci\u00f3n cultural espa\u00f1ola.<\/li>\n\n\n\n<li><strong>20 actividades de arquitectura, dise\u00f1o y creaci\u00f3n digital<\/strong>.<\/li>\n<\/ul>\n\n\n\n<p>Adem\u00e1s, se presentar\u00e1n grandes espect\u00e1culos como <strong>\u00abAfanador\u00bb del Ballet Nacional de Espa\u00f1a<\/strong>, la producci\u00f3n teatral <strong>\u00ab1936\u00bb dirigida por Andr\u00e9s Lima<\/strong>, y el flamenco de <strong>\u00abEl maleficio de la mariposa\u00bb<\/strong> del Ballet Flamenco de Andaluc\u00eda.<\/p>\n\n\n\n<h3 class=\"wp-block-heading\">Una ventana para los nuevos talentos espa\u00f1oles<\/h3>\n\n\n\n<p>El festival no solo dar\u00e1 protagonismo a figuras consagradas como <strong>Patricia Urquiola, Pedro G. Romero y Javier Perianes<\/strong>, sino que tambi\u00e9n servir\u00e1 de plataforma para j\u00f3venes creadores. Artistas emergentes como <strong>Candela Capit\u00e1n, Edurne Rubio, Marta Azparren y Nuria Guiu<\/strong> tendr\u00e1n la oportunidad de exhibir sus propuestas en escenarios internacionales, consolidando su presencia en la escena cultural europea.<\/p>\n\n\n\n<h3 class=\"wp-block-heading\">EUROPALIA y Espa\u00f1a: 40 a\u00f1os despu\u00e9s<\/h3>\n\n\n\n<p>Espa\u00f1a ya fue protagonista de EUROPALIA en <strong>1985<\/strong>, en un momento clave de su integraci\u00f3n en la entonces <strong>Comunidad Econ\u00f3mica Europea<\/strong>. Cuatro d\u00e9cadas despu\u00e9s, el festival coincide con la celebraci\u00f3n de los <strong>50 a\u00f1os de Espa\u00f1a en Libertad<\/strong>, ofreciendo una oportunidad \u00fanica para reflexionar sobre los avances sociales, culturales y democr\u00e1ticos del pa\u00eds en su relaci\u00f3n con Europa.<\/p>\n\n\n\n<p>Con una programaci\u00f3n pensada para <strong>dialogar con la sociedad belga y europea<\/strong>, EUROPALIA 2025 aspira a ser un espacio de <strong>reencuentro cultural y de reflexi\u00f3n colectiva sobre el futuro<\/strong>.<\/p>\n","protected":false},"excerpt":{"rendered":"<p>El arte, la historia y la vanguardia espa\u00f1ola aterrizan en B\u00e9lgica de la mano de EUROPALIA 2025, el prestigioso festival bienal que, del 7 de octubre de 2025 al 1 de febrero de 2026, convertir\u00e1 a Espa\u00f1a en el epicentro de la cultura europea. Con una programaci\u00f3n de m\u00e1s de 200 actividades, el evento explora [&hellip;]<\/p>\n","protected":false},"author":23,"featured_media":40781,"template":"","tags":[],"categoria-de-noticias":[7083],"class_list":["post-40780","noticias","type-noticias","status-publish","has-post-thumbnail","hentry","categoria-de-noticias-cultura"],"_links":{"self":[{"href":"https:\/\/cineytele.com\/play\/wp-json\/wp\/v2\/noticias\/40780","targetHints":{"allow":["GET"]}}],"collection":[{"href":"https:\/\/cineytele.com\/play\/wp-json\/wp\/v2\/noticias"}],"about":[{"href":"https:\/\/cineytele.com\/play\/wp-json\/wp\/v2\/types\/noticias"}],"author":[{"embeddable":true,"href":"https:\/\/cineytele.com\/play\/wp-json\/wp\/v2\/users\/23"}],"wp:featuredmedia":[{"embeddable":true,"href":"https:\/\/cineytele.com\/play\/wp-json\/wp\/v2\/media\/40781"}],"wp:attachment":[{"href":"https:\/\/cineytele.com\/play\/wp-json\/wp\/v2\/media?parent=40780"}],"wp:term":[{"taxonomy":"post_tag","embeddable":true,"href":"https:\/\/cineytele.com\/play\/wp-json\/wp\/v2\/tags?post=40780"},{"taxonomy":"categoria-de-noticias","embeddable":true,"href":"https:\/\/cineytele.com\/play\/wp-json\/wp\/v2\/categoria-de-noticias?post=40780"}],"curies":[{"name":"wp","href":"https:\/\/api.w.org\/{rel}","templated":true}]}}