{"id":41400,"date":"2025-10-06T20:15:24","date_gmt":"2025-10-06T18:15:24","guid":{"rendered":"https:\/\/cineytele.com\/play\/?post_type=noticias&#038;p=41400"},"modified":"2025-10-06T20:15:49","modified_gmt":"2025-10-06T18:15:49","slug":"madrid-celebra-el-ritas-oktoberfest-xxl-cerveza-musica-y-espiritu-bavaro-en-clave-madrilena","status":"publish","type":"noticias","link":"https:\/\/cineytele.com\/play\/noticias\/madrid-celebra-el-ritas-oktoberfest-xxl-cerveza-musica-y-espiritu-bavaro-en-clave-madrilena\/","title":{"rendered":"Madrid celebra el Rita\u2019s Oktoberfest XXL: cerveza, m\u00fasica y esp\u00edritu b\u00e1varo en clave madrile\u00f1a"},"content":{"rendered":"\n<p><strong>Madrid.<\/strong> \u2014 Este oto\u00f1o, la capital se viste de Baviera. El s\u00e1bado <strong>11 de octubre<\/strong>, de <strong>12:00 a 22:00 horas<\/strong>, el <strong>Autocine Madrid<\/strong> se transformar\u00e1 en una inmensa carpa b\u00e1vara para celebrar el <strong>Rita\u2019s Oktoberfest XXL<\/strong>, una jornada que promete litros de diversi\u00f3n, cerveza y gastronom\u00eda alemana con un toque castizo.<\/p>\n\n\n\n<p>La propuesta busca trasladar la esencia del tradicional Oktoberfest a un formato adaptado al p\u00fablico madrile\u00f1o: <strong>una mezcla de concursos, m\u00fasica en directo y experiencias gastron\u00f3micas<\/strong>, donde el humor y la participaci\u00f3n ser\u00e1n los grandes protagonistas.<\/p>\n\n\n\n<h3 class=\"wp-block-heading\">Competencias, m\u00fasica y tradici\u00f3n con acento local<\/h3>\n\n\n\n<p>El programa de actividades incluye cl\u00e1sicos infaltables como el <strong>Steinholding Contest<\/strong>, una prueba de resistencia con jarras de cerveza que pondr\u00e1 a prueba la fuerza y el aguante de los asistentes; el <strong>beer pong XXL<\/strong>, un juego colectivo en formato gigante; y un <strong>concurso de perritos calientes<\/strong> pensado para los m\u00e1s competitivos. Adem\u00e1s, habr\u00e1 un <strong>certamen de disfraces b\u00e1varos<\/strong>, donde se premiar\u00e1 la creatividad y la fidelidad al vestuario tradicional, con dirndl y lederhosen incluidos.<\/p>\n\n\n\n<p>La <strong>m\u00fasica<\/strong> marcar\u00e1 el ritmo del evento con <strong>bandas en directo y sesiones de DJs<\/strong> que combinar\u00e1n temas tradicionales alemanes con adaptaciones modernas para mantener la energ\u00eda durante toda la jornada. El objetivo: crear un ambiente festivo y plural, donde lo cl\u00e1sico y lo contempor\u00e1neo convivan bajo el mismo techo.<\/p>\n\n\n\n<h3 class=\"wp-block-heading\">Un fest\u00edn gastron\u00f3mico al estilo b\u00e1varo<\/h3>\n\n\n\n<p>La <strong>oferta culinaria<\/strong> ser\u00e1 otro de los grandes atractivos del Rita\u2019s Oktoberfest XXL. El men\u00fa incluir\u00e1 <strong>salchichas en m\u00faltiples versiones<\/strong>, <strong>pretzels gigantes<\/strong>, <strong>schnitzel<\/strong>, <strong>alitas al estilo alem\u00e1n<\/strong> y, para cerrar con dulzura, el cl\u00e1sico <strong>apfelstrudel<\/strong>. Todo ello acompa\u00f1ado por una cuidada <strong>selecci\u00f3n de cervezas<\/strong> especialmente pensada para la ocasi\u00f3n, en formatos individuales y compartidos<\/p>\n\n\n\n<figure class=\"wp-block-image alignright is-resized\"><img decoding=\"async\" src=\"https:\/\/mail.google.com\/mail\/u\/1?ui=2&amp;ik=8482e3b47a&amp;attid=0.3&amp;permmsgid=msg-f:1845245774021088316&amp;th=199ba14143d1543c&amp;view=fimg&amp;disp=thd&amp;attbid=ANGjdJ_uqCDPV6BIi8eHlA3VvXBMd6sZVmxNDZNWTkRSGAJoiDDfgGy-0WbnF7V7vAiFp11UabZ0qLCrBQtcaSnXlPrNEqvWif5vy37-EmTTdrGuZHoqhhIM8todce0&amp;ats=2524608000000&amp;sz=w1920-h878\" alt=\"Mostrando OKTOBER 2.png\" style=\"width:376px;height:auto\"\/><\/figure>\n\n\n\n<p><\/p>\n\n\n\n<h3 class=\"wp-block-heading\">Dress code opcional, ambiente garantizado<\/h3>\n\n\n\n<p>El evento invita al p\u00fablico a sumarse al <strong>dress code b\u00e1varo<\/strong>, aunque no ser\u00e1 obligatorio. Quienes decidan vestirse con trajes tradicionales contribuir\u00e1n al colorido de la jornada y podr\u00e1n participar en los concursos tem\u00e1ticos, mientras que quienes prefieran asistir con ropa casual disfrutar\u00e1n igualmente del ambiente festivo.<\/p>\n\n\n\n<p>Lejos de limitarse a imitar la tradici\u00f3n alemana, el <strong>Rita\u2019s Oktoberfest XXL<\/strong> propone una versi\u00f3n adaptada a Madrid: <strong>una celebraci\u00f3n accesible, desenfadada y participativa<\/strong>, que combina la esencia b\u00e1vara con el esp\u00edritu sociable y alegre de la capital.<\/p>\n\n\n\n<p>Una cita imprescindible para quienes buscan un <strong>plan diferente de fin de semana<\/strong>, donde la buena cerveza, la m\u00fasica y el humor se sirven a partes iguales.<\/p>\n\n\n\n<p><\/p>\n","protected":false},"excerpt":{"rendered":"<p>Madrid. \u2014 Este oto\u00f1o, la capital se viste de Baviera. El s\u00e1bado 11 de octubre, de 12:00 a 22:00 horas, el Autocine Madrid se transformar\u00e1 en una inmensa carpa b\u00e1vara para celebrar el Rita\u2019s Oktoberfest XXL, una jornada que promete litros de diversi\u00f3n, cerveza y gastronom\u00eda alemana con un toque castizo. La propuesta busca trasladar [&hellip;]<\/p>\n","protected":false},"author":28,"featured_media":41401,"template":"","tags":[],"categoria-de-noticias":[7081],"class_list":["post-41400","noticias","type-noticias","status-publish","has-post-thumbnail","hentry","categoria-de-noticias-ocio-eventos-entradas"],"_links":{"self":[{"href":"https:\/\/cineytele.com\/play\/wp-json\/wp\/v2\/noticias\/41400","targetHints":{"allow":["GET"]}}],"collection":[{"href":"https:\/\/cineytele.com\/play\/wp-json\/wp\/v2\/noticias"}],"about":[{"href":"https:\/\/cineytele.com\/play\/wp-json\/wp\/v2\/types\/noticias"}],"author":[{"embeddable":true,"href":"https:\/\/cineytele.com\/play\/wp-json\/wp\/v2\/users\/28"}],"wp:featuredmedia":[{"embeddable":true,"href":"https:\/\/cineytele.com\/play\/wp-json\/wp\/v2\/media\/41401"}],"wp:attachment":[{"href":"https:\/\/cineytele.com\/play\/wp-json\/wp\/v2\/media?parent=41400"}],"wp:term":[{"taxonomy":"post_tag","embeddable":true,"href":"https:\/\/cineytele.com\/play\/wp-json\/wp\/v2\/tags?post=41400"},{"taxonomy":"categoria-de-noticias","embeddable":true,"href":"https:\/\/cineytele.com\/play\/wp-json\/wp\/v2\/categoria-de-noticias?post=41400"}],"curies":[{"name":"wp","href":"https:\/\/api.w.org\/{rel}","templated":true}]}}