{"id":41420,"date":"2025-10-07T17:54:03","date_gmt":"2025-10-07T15:54:03","guid":{"rendered":"https:\/\/cineytele.com\/play\/?post_type=noticias&#038;p=41420"},"modified":"2025-10-09T18:29:47","modified_gmt":"2025-10-09T16:29:47","slug":"la-xi-edicion-de-another-way-film-festival-celebra-el-cine-sostenible-del-14-al-19-de-octubre-en-madrid-y-online","status":"publish","type":"noticias","link":"https:\/\/cineytele.com\/play\/noticias\/la-xi-edicion-de-another-way-film-festival-celebra-el-cine-sostenible-del-14-al-19-de-octubre-en-madrid-y-online\/","title":{"rendered":"La XI edici\u00f3n de Another Way Film Festival celebra el cine sostenible del 14 al 19 de octubre en Madrid y online"},"content":{"rendered":"\n<h3 class=\"wp-block-heading\">El festival de cine documental sobre progreso sostenible regresa con 39 pel\u00edculas, 10 actividades paralelas y la presencia de cinco cineastas internacionales. Su propuesta combina arte, conciencia y acci\u00f3n ante los grandes desaf\u00edos ambientales y sociales de nuestro tiempo.<\/h3>\n\n\n\n<figure class=\"wp-block-image aligncenter size-large is-resized\"><img fetchpriority=\"high\" decoding=\"async\" width=\"1024\" height=\"671\" src=\"https:\/\/cineytele.com\/play\/wp-content\/uploads\/2025\/10\/image-10-1024x671.png\" alt=\"\" class=\"wp-image-41422\" style=\"width:596px;height:auto\" srcset=\"https:\/\/cineytele.com\/play\/wp-content\/uploads\/2025\/10\/image-10-1024x671.png 1024w, https:\/\/cineytele.com\/play\/wp-content\/uploads\/2025\/10\/image-10-300x197.png 300w, https:\/\/cineytele.com\/play\/wp-content\/uploads\/2025\/10\/image-10-768x503.png 768w, https:\/\/cineytele.com\/play\/wp-content\/uploads\/2025\/10\/image-10.png 1076w\" sizes=\"(max-width: 1024px) 100vw, 1024px\" \/><figcaption class=\"wp-element-caption\">Another Way Film Festival<\/figcaption><\/figure>\n\n\n\n<p>Madrid, 7 de octubre de 2025.\u2013 Del 14 al 19 de octubre, Madrid se convertir\u00e1 en la capital del cine sostenible con la <strong>XI edici\u00f3n de Another Way Film Festival (AWFF)<\/strong>. El certamen, que tambi\u00e9n se celebrar\u00e1 en formato online, ofrecer\u00e1 <strong>39 pel\u00edculas<\/strong> distribuidas entre tres secciones competitivas \u2014Oficial, Impacto y Rueda por el Cambio\u2014, adem\u00e1s de tres sesiones especiales y diez actividades paralelas abiertas al p\u00fablico.<\/p>\n\n\n\n<p>El festival, consolidado como una de las citas m\u00e1s relevantes en torno al cine documental y el progreso sostenible, abordar\u00e1 temas como la crisis clim\u00e1tica y energ\u00e9tica, las migraciones, la lucha ind\u00edgena, el ecofeminismo, la moda sostenible, la ecoansiedad y la protecci\u00f3n de los fondos marinos. <\/p>\n\n\n\n<h4 class=\"wp-block-heading\">Una apertura en clave oce\u00e1nica<\/h4>\n\n\n\n<p>La pel\u00edcula inaugural ser\u00e1 <strong>\u201cHow Deep Is Your Love\u201d<\/strong>, de la directora brit\u00e1nica <strong>Eleanor Mortimer<\/strong>, que se estrena en Espa\u00f1a tras su paso por festivales como Hot Docs (Canad\u00e1) y CPH:DOX (Dinamarca). Este documental invita a sumergirse en las profundidades marinas y reflexionar sobre el impacto de la miner\u00eda abisal. Tras la proyecci\u00f3n, se celebrar\u00e1 un coloquio con el bi\u00f3logo evolutivo <strong>Sergio Taboada<\/strong>, del Museo Nacional de Ciencias Naturales.<\/p>\n\n\n\n<h3 class=\"wp-block-heading\">Presencia internacional y nuevas miradas<\/h3>\n\n\n\n<p>Entre los cineastas invitados se encuentran <strong>Linda Osuski<\/strong> y <strong>Charlotte Sawyer<\/strong>, que participar\u00e1n en la Secci\u00f3n Oficial con <em>Scars of Growth<\/em> y <em>Rave On for the Avon<\/em>, respectivamente. En la Secci\u00f3n Impacto, acudir\u00e1n los espa\u00f1oles <strong>Francisco Jos\u00e9 Vaquero Robustillo<\/strong> (<em>Vidas irrenovables<\/em>), <strong>Manu Trillo<\/strong> (<em>La Marisma<\/em>) y <strong>Juan Palacios<\/strong> (<em>As the Tide Comes In<\/em>).<\/p>\n\n\n\n<p>Las proyecciones tendr\u00e1n lugar en sedes emblem\u00e1ticas como <strong>Cineteca Madrid<\/strong>, <strong>Sala Equis<\/strong>, <strong>Institut Fran\u00e7ais<\/strong>, <strong>Casa de Am\u00e9rica<\/strong>, <strong>Biblioteca Eugenio Tr\u00edas<\/strong>, <strong>Impact Hub Alameda<\/strong>, <strong>Another Huerto<\/strong> y la plataforma <strong>Filmin<\/strong>. Cada sesi\u00f3n contar\u00e1 con coloquios junto a cineastas, expertos y representantes de organizaciones como <strong>WWF<\/strong>, <strong>Ecologistas en Acci\u00f3n<\/strong> o <strong>SEO\/BirdLife<\/strong>.<\/p>\n\n\n\n<h3 class=\"wp-block-heading\">Nueve premios y m\u00e1s de 8.500 euros en galardones<\/h3>\n\n\n\n<p>El festival otorgar\u00e1 <strong>nueve premios<\/strong> con un valor total superior a <strong>8.500 euros<\/strong>, entre los que destacan el <strong>Premio del Jurado a Mejor Pel\u00edcula (1.500 \u20ac)<\/strong>, el <strong>Premio WWF Inspirando al Planeta (1.000 \u20ac)<\/strong>, la <strong>menci\u00f3n EELISA (2.000 \u20ac)<\/strong> y los <strong>Premios del P\u00fablico<\/strong> patrocinados por <strong>Ecoalf<\/strong>. Tambi\u00e9n se premiar\u00e1n los mejores cortometrajes de <em>Rueda por el Cambio<\/em> y los proyectos ganadores del <em>pitch<\/em> <strong>Another Narrativas<\/strong>, que contar\u00e1n con apoyo econ\u00f3mico y mentor\u00eda de <strong>Triodos Bank<\/strong>.<\/p>\n\n\n\n<p>El jurado principal estar\u00e1 formado por <strong>Clara Lago<\/strong>, actriz y activista; <strong>Mireia Gubern<\/strong>, directora de CaixaForum+; y <strong>Javi Godoy<\/strong>, divulgador cinematogr\u00e1fico. En la categor\u00eda de cortometrajes participar\u00e1n <strong>Javier Mart\u00ednez<\/strong>, periodista ambiental; <strong>Saida Benzal<\/strong>, actriz y directora; e <strong>Isabel L\u00f3pez-Rivadulla<\/strong>, directora de comunicaci\u00f3n de SIGNUS.<\/p>\n\n\n\n<h3 class=\"wp-block-heading\">Actividades paralelas para todos los p\u00fablicos<\/h3>\n\n\n\n<p>Another Way Film Festival ofrecer\u00e1 <strong>diez actividades<\/strong> que buscan inspirar y conectar al p\u00fablico con un futuro m\u00e1s sostenible. Entre ellas destacan el encuentro profesional <em>\u201cCine de impacto documental\u201d<\/em>, el <em>pitch<\/em> <em>Another Narrativas<\/em>, sesiones de <em>yoga y mindfulness<\/em>, conciertos como <em>Another Caf\u00e9 Gospel<\/em> y propuestas familiares con visitas guiadas por parques y jardines de Madrid.<\/p>\n\n\n\n<h3 class=\"wp-block-heading\">Un festival con impacto<\/h3>\n\n\n\n<p>El evento cuenta con el apoyo del <strong>Ministerio de Cultura (ICAA)<\/strong>, la <strong>Comunidad y el Ayuntamiento de Madrid<\/strong>, y el patrocinio de <strong>WWF<\/strong>, <strong>Triodos Bank<\/strong>, <strong>Ecoalf<\/strong>, <strong>Institut Fran\u00e7ais<\/strong>, <strong>Signus Ecovalor<\/strong> y <strong>El Gatoverde Producciones<\/strong>, entre otros.<\/p>\n\n\n\n<p>Con esta und\u00e9cima edici\u00f3n, <strong>Another Way Film Festival<\/strong> reafirma su compromiso de unir cine y sostenibilidad, ofreciendo un espacio donde la creatividad se convierte en motor de transformaci\u00f3n y esperanza colectiva.<\/p>\n\n\n\n<p>M\u00e1s informaci\u00f3n sobre la programaci\u00f3n, venta de entradas e inscripciones en <strong><a href=\"http:\/\/www.anotherwayff.com\/\" target=\"_blank\" rel=\"noopener\">www.anotherwayff.com<\/a><\/strong>.<\/p>\n","protected":false},"excerpt":{"rendered":"<p>El festival de cine documental sobre progreso sostenible regresa con 39 pel\u00edculas, 10 actividades paralelas y la presencia de cinco cineastas internacionales. Su propuesta combina arte, conciencia y acci\u00f3n ante los grandes desaf\u00edos ambientales y sociales de nuestro tiempo. Madrid, 7 de octubre de 2025.\u2013 Del 14 al 19 de octubre, Madrid se convertir\u00e1 en [&hellip;]<\/p>\n","protected":false},"author":28,"featured_media":41441,"template":"","tags":[1367,1027,4721,7054],"categoria-de-noticias":[7081],"class_list":["post-41420","noticias","type-noticias","status-publish","has-post-thumbnail","hentry","tag-festival-cine","tag-madrid","tag-objetivos-desarrollo-sostenible","tag-octubre","categoria-de-noticias-ocio-eventos-entradas"],"_links":{"self":[{"href":"https:\/\/cineytele.com\/play\/wp-json\/wp\/v2\/noticias\/41420","targetHints":{"allow":["GET"]}}],"collection":[{"href":"https:\/\/cineytele.com\/play\/wp-json\/wp\/v2\/noticias"}],"about":[{"href":"https:\/\/cineytele.com\/play\/wp-json\/wp\/v2\/types\/noticias"}],"author":[{"embeddable":true,"href":"https:\/\/cineytele.com\/play\/wp-json\/wp\/v2\/users\/28"}],"wp:featuredmedia":[{"embeddable":true,"href":"https:\/\/cineytele.com\/play\/wp-json\/wp\/v2\/media\/41441"}],"wp:attachment":[{"href":"https:\/\/cineytele.com\/play\/wp-json\/wp\/v2\/media?parent=41420"}],"wp:term":[{"taxonomy":"post_tag","embeddable":true,"href":"https:\/\/cineytele.com\/play\/wp-json\/wp\/v2\/tags?post=41420"},{"taxonomy":"categoria-de-noticias","embeddable":true,"href":"https:\/\/cineytele.com\/play\/wp-json\/wp\/v2\/categoria-de-noticias?post=41420"}],"curies":[{"name":"wp","href":"https:\/\/api.w.org\/{rel}","templated":true}]}}