{"id":41580,"date":"2025-10-20T21:27:17","date_gmt":"2025-10-20T19:27:17","guid":{"rendered":"https:\/\/cineytele.com\/play\/?post_type=noticias&#038;p=41580"},"modified":"2025-10-20T21:28:43","modified_gmt":"2025-10-20T19:28:43","slug":"fernando-trueba-premio-accion-de-honor-2025-por-una-vida-consagrada-al-cine","status":"publish","type":"noticias","link":"https:\/\/cineytele.com\/play\/noticias\/fernando-trueba-premio-accion-de-honor-2025-por-una-vida-consagrada-al-cine\/","title":{"rendered":"Fernando Trueba, Premio ACCI\u00d3N de Honor 2025 por una vida consagrada al cine"},"content":{"rendered":"\n<figure class=\"wp-block-image aligncenter size-large is-resized\"><img fetchpriority=\"high\" decoding=\"async\" width=\"1024\" height=\"768\" src=\"https:\/\/cineytele.com\/play\/wp-content\/uploads\/2025\/10\/image-57-1024x768.png\" alt=\"\" class=\"wp-image-41581\" style=\"width:677px;height:auto\" srcset=\"https:\/\/cineytele.com\/play\/wp-content\/uploads\/2025\/10\/image-57-1024x768.png 1024w, https:\/\/cineytele.com\/play\/wp-content\/uploads\/2025\/10\/image-57-300x225.png 300w, https:\/\/cineytele.com\/play\/wp-content\/uploads\/2025\/10\/image-57-768x576.png 768w, https:\/\/cineytele.com\/play\/wp-content\/uploads\/2025\/10\/image-57-1536x1152.png 1536w, https:\/\/cineytele.com\/play\/wp-content\/uploads\/2025\/10\/image-57.png 1960w\" sizes=\"(max-width: 1024px) 100vw, 1024px\" \/><figcaption class=\"wp-element-caption\">FERNANDO TRUEBA SE LLEVA EL PREMIO ACCI\u00d3N 2025 <\/figcaption><\/figure>\n\n\n\n<p>La Asociaci\u00f3n de Directores y Directoras de Cine, ACCI\u00d3N, concede su m\u00e1ximo reconocimiento a Fernando Trueba, referente del cine espa\u00f1ol, por su trayectoria marcada por la sensibilidad, el humor y la pasi\u00f3n por la m\u00fasica y la memoria. La gala de entrega tendr\u00e1 lugar el s\u00e1bado 25 de octubre en la Academia de Cine, presentada por Mabel Lozano y Secun de la Rosa<\/p>\n\n\n\n<p>La Asociaci\u00f3n de Directores y Directoras de Cine (ACCI\u00d3N) ha concedido su <strong>Premio ACCI\u00d3N de Honor 2025<\/strong> a Fernando Trueba, uno de los cineastas m\u00e1s influyentes y queridos del cine espa\u00f1ol. La Junta Directiva de ACCI\u00d3N destaca que Trueba es \u201cun director inteligente y vers\u00e1til que, desde su \u00d3pera prima, ha sabido dotar a la comedia  y al cine en general de una elegancia y una humanidad que han traspasado fronteras. Guionista y excelente director de actrices y actores, sigue plenamente en activo y nos ha regalado grandes momentos que ya forman parte de la historia del cine. Cuando recogi\u00f3 el Oscar por <em>Belle \u00c9poque<\/em>, dijo que no cre\u00eda en Dios, sino en Billy Wilder. Nosotros, Fernando, creemos en ti\u201d.<\/p>\n\n\n\n<p>El galard\u00f3n se entregar\u00e1 el <strong>s\u00e1bado 25 de octubre a las 12:00 horas<\/strong> en la Academia de Cine, en el marco de la <strong>gala de los II Premios ACCI\u00d3N<\/strong>, presentada por Mabel Lozano y Secun de la Rosa. Los premios cuentan con el patrocinio de la Comunidad de Madrid y la colaboraci\u00f3n de EGEDA, DAMA y SGAE, en el marco de la Semana del Cortometraje de Madrid.<\/p>\n\n\n\n<p><strong>Una vida consagrada al cine<\/strong><br>Fernando Trueba (Madrid, 1955) pertenece a una generaci\u00f3n que convirti\u00f3 el cine en su forma de entender el mundo. Cr\u00edtico antes que director, se form\u00f3 como espectador l\u00facido y apasionado, y esa mirada anal\u00edtica atraviesa toda su obra. Desde su debut con <em>\u00d3pera prima<\/em> (1980), clave en la movida madrile\u00f1a, su filmograf\u00eda combina sensibilidad, humor y humanismo.<\/p>\n\n\n\n<p>Trueba es, ante todo, un contador de historias que observa la vida con iron\u00eda y ternura. Su cine se mueve entre la melancol\u00eda y la alegr\u00eda, entre la palabra y la m\u00fasica, entre la memoria y la imaginaci\u00f3n.<\/p>\n\n\n\n<p><strong>Un autor imprescindible del cine espa\u00f1ol<\/strong><br>Ganador de un Oscar, nueve Premios Goya, el Premio Nacional de Cinematograf\u00eda y expresidente de la Academia de Cine, Trueba ha construido una filmograf\u00eda diversa y coherente. Entre sus t\u00edtulos m\u00e1s destacados se encuentran <em>El a\u00f1o de las luces<\/em>, <em>Belle \u00c9poque<\/em>, <em>La ni\u00f1a de tus ojos<\/em>, <em>Chico y Rita<\/em>, <em>El artista y la modelo<\/em> y <em>El olvido que seremos<\/em>.<\/p>\n\n\n\n<figure class=\"wp-block-image aligncenter size-large\"><img decoding=\"async\" width=\"1024\" height=\"396\" src=\"https:\/\/cineytele.com\/play\/wp-content\/uploads\/2025\/10\/image-58-1024x396.png\" alt=\"\" class=\"wp-image-41582\" srcset=\"https:\/\/cineytele.com\/play\/wp-content\/uploads\/2025\/10\/image-58-1024x396.png 1024w, https:\/\/cineytele.com\/play\/wp-content\/uploads\/2025\/10\/image-58-300x116.png 300w, https:\/\/cineytele.com\/play\/wp-content\/uploads\/2025\/10\/image-58-768x297.png 768w, https:\/\/cineytele.com\/play\/wp-content\/uploads\/2025\/10\/image-58.png 1280w\" sizes=\"(max-width: 1024px) 100vw, 1024px\" \/><figcaption class=\"wp-element-caption\">AUTOR IMPRESCINDIBLE DEL CINE ESPA\u00d1OL<\/figcaption><\/figure>\n\n\n\n<p>Su obra abarca m\u00e1s de cuatro d\u00e9cadas, explorando distintos g\u00e9neros con una mirada personal y coherente, caracterizada por la atenci\u00f3n al detalle, la sensibilidad hacia la m\u00fasica y la memoria, y un equilibrio constante entre emoci\u00f3n, humor y reflexi\u00f3n.<\/p>\n\n\n\n<p><strong>Pasi\u00f3n por la m\u00fasica, la memoria y la creaci\u00f3n<\/strong><br>Trueba ha rodado en espa\u00f1ol, ingl\u00e9s y franc\u00e9s; ha trabajado con int\u00e9rpretes como Pen\u00e9lope Cruz, Antonio Banderas, Javier C\u00e1mara, Maribel Verd\u00fa, Fernando Fern\u00e1n-G\u00f3mez, Jean Rochefort o Claudia Cardinale; y ha explorado el cine musical con la misma devoci\u00f3n que la comedia o el drama. En <em>Calle 54<\/em> y <em>El milagro de Candeal<\/em> film\u00f3 la m\u00fasica como conversaci\u00f3n entre almas; en <em>Chico y Rita<\/em> convirti\u00f3 la animaci\u00f3n en jazz visual; y con <em>El olvido que seremos<\/em> transform\u00f3 la memoria en una oda luminosa a la dignidad humana.<\/p>\n\n\n\n<p>En 2024 estren\u00f3 <em>Isla perdida<\/em>, rodada en ingl\u00e9s con Matt Dillon, Aida Folch y Juan Pablo Urrego, y presentada en el Atl\u00e0ntida Mallorca Film Fest. En 2025 ultima la posproducci\u00f3n de <em>Baja\u00f1\u00ed<\/em>, una serie musical de cuatro cap\u00edtulos producida por Womack Studios, que se estrenar\u00e1 en 2026. El proyecto recorre Nueva York, S\u00e3o Paulo, Madrid y Almer\u00eda, explorando el di\u00e1logo entre flamenco, jazz y m\u00fasica brasile\u00f1a, con la participaci\u00f3n de artistas como Caetano Veloso, Ron Carter, Rub\u00e9n Blades, Kenny Barron, Marisa Monte, Estrella Morente y Sole\u00e1 Morente.<\/p>\n\n\n\n<p>Adem\u00e1s, prepara una comedia ambientada en los a\u00f1os 60, que rodar\u00e1 en Madrid en 2025. \u201cTiene cosas de mi vida, pero no es una autobiograf\u00eda. Es una pel\u00edcula sobre lo que soy y sobre lo que amo\u201d, se\u00f1ala el cineasta. Su presencia en festivales internacionales y su implicaci\u00f3n con proyectos que promueven la democratizaci\u00f3n del cine \u2014como SMARTFILMS, donde ha sido jurado y mentor\u2014 confirman su compromiso con las nuevas generaciones y la libertad creativa.<\/p>\n\n\n\n<p><strong>Una mirada luminosa y melanc\u00f3lica<\/strong><br>El cine de Fernando Trueba combina sensibilidad, humor y una profunda conexi\u00f3n con la m\u00fasica y la memoria. A lo largo de su trayectoria ha retratado con honestidad a personajes que buscan la belleza en la vida cotidiana, consolidando una obra reconocible y libre, ajena a modas y tendencias.<\/p>\n","protected":false},"excerpt":{"rendered":"<p>La Asociaci\u00f3n de Directores y Directoras de Cine, ACCI\u00d3N, concede su m\u00e1ximo reconocimiento a Fernando Trueba, referente del cine espa\u00f1ol, por su trayectoria marcada por la sensibilidad, el humor y la pasi\u00f3n por la m\u00fasica y la memoria. La gala de entrega tendr\u00e1 lugar el s\u00e1bado 25 de octubre en la Academia de Cine, presentada [&hellip;]<\/p>\n","protected":false},"author":28,"featured_media":41582,"template":"","tags":[3633,3366,92],"categoria-de-noticias":[6652,7083],"class_list":["post-41580","noticias","type-noticias","status-publish","has-post-thumbnail","hentry","tag-3633","tag-accion-2","tag-premios","categoria-de-noticias-actualidad","categoria-de-noticias-cultura"],"_links":{"self":[{"href":"https:\/\/cineytele.com\/play\/wp-json\/wp\/v2\/noticias\/41580","targetHints":{"allow":["GET"]}}],"collection":[{"href":"https:\/\/cineytele.com\/play\/wp-json\/wp\/v2\/noticias"}],"about":[{"href":"https:\/\/cineytele.com\/play\/wp-json\/wp\/v2\/types\/noticias"}],"author":[{"embeddable":true,"href":"https:\/\/cineytele.com\/play\/wp-json\/wp\/v2\/users\/28"}],"wp:featuredmedia":[{"embeddable":true,"href":"https:\/\/cineytele.com\/play\/wp-json\/wp\/v2\/media\/41582"}],"wp:attachment":[{"href":"https:\/\/cineytele.com\/play\/wp-json\/wp\/v2\/media?parent=41580"}],"wp:term":[{"taxonomy":"post_tag","embeddable":true,"href":"https:\/\/cineytele.com\/play\/wp-json\/wp\/v2\/tags?post=41580"},{"taxonomy":"categoria-de-noticias","embeddable":true,"href":"https:\/\/cineytele.com\/play\/wp-json\/wp\/v2\/categoria-de-noticias?post=41580"}],"curies":[{"name":"wp","href":"https:\/\/api.w.org\/{rel}","templated":true}]}}