{"id":41740,"date":"2025-10-27T19:03:19","date_gmt":"2025-10-27T18:03:19","guid":{"rendered":"https:\/\/cineytele.com\/play\/?post_type=noticias&#038;p=41740"},"modified":"2025-10-27T19:03:22","modified_gmt":"2025-10-27T18:03:22","slug":"joan-dausa-la-gran-bogeria-el-documental-que-inmortaliza-el-historico-exito-del-cantante-catalan-llega-a-filmin","status":"publish","type":"noticias","link":"https:\/\/cineytele.com\/play\/noticias\/joan-dausa-la-gran-bogeria-el-documental-que-inmortaliza-el-historico-exito-del-cantante-catalan-llega-a-filmin\/","title":{"rendered":"\u201cJoan Daus\u00e0, la gran bogeria\u201d: el documental que inmortaliza el hist\u00f3rico \u00e9xito del cantante catal\u00e1n llega a Filmin"},"content":{"rendered":"\n<figure class=\"wp-block-image aligncenter size-full\"><img fetchpriority=\"high\" decoding=\"async\" width=\"729\" height=\"389\" src=\"https:\/\/cineytele.com\/play\/wp-content\/uploads\/2025\/10\/image-119.png\" alt=\"\" class=\"wp-image-41741\" srcset=\"https:\/\/cineytele.com\/play\/wp-content\/uploads\/2025\/10\/image-119.png 729w, https:\/\/cineytele.com\/play\/wp-content\/uploads\/2025\/10\/image-119-300x160.png 300w\" sizes=\"(max-width: 729px) 100vw, 729px\" \/><figcaption class=\"wp-element-caption\">Documental emotivo<\/figcaption><\/figure>\n\n\n\n<p>Filmin estrenar\u00e1 el martes 28 de octubre <em>\u201cJoan Daus\u00e0, la gran bogeria\u201d<\/em>, un documental que repasa la carrera del m\u00fasico desde sus inicios hasta sus conciertos hist\u00f3ricos en Barcelona y Madrid en 2024. Dirigida por Pol Fuentes y producida por Promo Arts Music, la pel\u00edcula ofrece im\u00e1genes in\u00e9ditas, testimonios de personalidades del mundo cultural y deportivo, y muestra c\u00f3mo Daus\u00e0 ha convertido el catal\u00e1n en un fen\u00f3meno de masas.<\/p>\n\n\n\n<p><\/p>\n\n\n\n<p><em>\u201cJoan Daus\u00e0, la gran bogeria\u201d<\/em> llega un d\u00eda despu\u00e9s de su estreno mundial en el Festival In-Edit de Barcelona y narra la historia del cantante catal\u00e1n que logr\u00f3 llenar el Palau Sant Jordi con 16.400 personas y el Palacio Vistalegre con 11.000, consolidando un hito hist\u00f3rico para un solista que canta en catal\u00e1n. La pel\u00edcula hace un recorrido por la trayectoria de Daus\u00e0, desde sus primeros pasos musicales hasta la preparaci\u00f3n y realizaci\u00f3n de estos espect\u00e1culos, incluyendo material exclusivo entre bastidores que permite al espectador adentrarse en la creaci\u00f3n y puesta en escena de sus conciertos.<\/p>\n\n\n\n<p>El documental cuenta con la participaci\u00f3n de figuras relevantes de distintos \u00e1mbitos: Luis Enrique, entrenador del Paris Saint Germain; los cantantes V\u00edctor Manuel, Santi Balmes y Julieta; el mago Antonio D\u00edaz; las actrices Clara Segura y Sara Esp\u00edgul; el comunicador Risto Mejide; y periodistas como Joan Maria Pou, Laura Rosel, Agn\u00e8s Marqu\u00e8s y Esteban Lin\u00e9s, adem\u00e1s de la meteor\u00f3loga M\u00f3nica Usart. Todos aportan su visi\u00f3n sobre la originalidad y el cuidado de la puesta en escena de Daus\u00e0, que convierte cada concierto en una experiencia \u00fanica.<\/p>\n\n\n\n<figure class=\"wp-block-image aligncenter size-full is-resized\"><img decoding=\"async\" width=\"763\" height=\"406\" src=\"https:\/\/cineytele.com\/play\/wp-content\/uploads\/2025\/10\/image-120.png\" alt=\"\" class=\"wp-image-41742\" style=\"width:544px;height:auto\" srcset=\"https:\/\/cineytele.com\/play\/wp-content\/uploads\/2025\/10\/image-120.png 763w, https:\/\/cineytele.com\/play\/wp-content\/uploads\/2025\/10\/image-120-300x160.png 300w\" sizes=\"(max-width: 763px) 100vw, 763px\" \/><figcaption class=\"wp-element-caption\">Joan Daus\u00e1 emocionado tras un concierto <\/figcaption><\/figure>\n\n\n\n<p>Joan Daus\u00e0 i Riera, nacido en 1979 en Sant Feliu de Llobregat, es m\u00fasico, cantante, actor y empresario. Licenciado en Administraci\u00f3n y Direcci\u00f3n de Empresas y en Interpretaci\u00f3n, comenz\u00f3 su carrera con el grupo Joan Daus\u00e0 i els Tipus d\u2019Inter\u00e8s, alcanzando notoriedad en 2012 con el \u00e1lbum <em>Jo mai mai<\/em>, antes de relanzarse como solista en 2018 con <em>Ara som gegants<\/em> y su exitoso sencillo <em>La gran euf\u00f2ria<\/em>. Su relaci\u00f3n con Filmin se consolid\u00f3 gracias a la composici\u00f3n de las bandas sonoras de <em>Barcelona, nit d\u2019estiu<\/em> (2013) y <em>Barcelona, nit d\u2019hivern<\/em> (2015), ambas dirigidas por Dani de la Orden, recibiendo un Premio Gaud\u00ed a la mejor m\u00fasica original por la primera.<\/p>\n\n\n\n<p>El documental destaca c\u00f3mo, en 2024, Daus\u00e0 consigui\u00f3 llenar el Palau Sant Jordi y el Palacio Vistalegre, estableciendo un r\u00e9cord de asistencia para un artista que canta en catal\u00e1n. Su conexi\u00f3n con el p\u00fablico, la creatividad en sus conciertos y el impacto cultural de su m\u00fasica son el eje central de <em>\u201cJoan Daus\u00e0, la gran bogeria\u201d<\/em>, que promete acercar a los espectadores a la dimensi\u00f3n art\u00edstica y personal de uno de los m\u00fasicos m\u00e1s relevantes de la actualidad catalana.<\/p>\n\n\n\n<figure class=\"wp-block-embed is-type-video is-provider-youtube wp-block-embed-youtube wp-embed-aspect-16-9 wp-has-aspect-ratio\"><div class=\"wp-block-embed__wrapper\">\n<iframe title=\"Joan Daus\u00e0, la gran bogeria - Tr\u00e1iler | Filmin\" width=\"800\" height=\"450\" src=\"https:\/\/www.youtube.com\/embed\/Ulp-3q0rdSg?feature=oembed\" frameborder=\"0\" allow=\"accelerometer; autoplay; clipboard-write; encrypted-media; gyroscope; picture-in-picture; web-share\" referrerpolicy=\"strict-origin-when-cross-origin\" allowfullscreen><\/iframe>\n<\/div><\/figure>\n\n\n\n<p><\/p>\n","protected":false},"excerpt":{"rendered":"<p>Filmin estrenar\u00e1 el martes 28 de octubre \u201cJoan Daus\u00e0, la gran bogeria\u201d, un documental que repasa la carrera del m\u00fasico desde sus inicios hasta sus conciertos hist\u00f3ricos en Barcelona y Madrid en 2024. Dirigida por Pol Fuentes y producida por Promo Arts Music, la pel\u00edcula ofrece im\u00e1genes in\u00e9ditas, testimonios de personalidades del mundo cultural y [&hellip;]<\/p>\n","protected":false},"author":28,"featured_media":41741,"template":"","tags":[66,68],"categoria-de-noticias":[7148,21],"class_list":["post-41740","noticias","type-noticias","status-publish","has-post-thumbnail","hentry","tag-estreno","tag-plataformas","categoria-de-noticias-musica","categoria-de-noticias-television-y-plataformas"],"_links":{"self":[{"href":"https:\/\/cineytele.com\/play\/wp-json\/wp\/v2\/noticias\/41740","targetHints":{"allow":["GET"]}}],"collection":[{"href":"https:\/\/cineytele.com\/play\/wp-json\/wp\/v2\/noticias"}],"about":[{"href":"https:\/\/cineytele.com\/play\/wp-json\/wp\/v2\/types\/noticias"}],"author":[{"embeddable":true,"href":"https:\/\/cineytele.com\/play\/wp-json\/wp\/v2\/users\/28"}],"wp:featuredmedia":[{"embeddable":true,"href":"https:\/\/cineytele.com\/play\/wp-json\/wp\/v2\/media\/41741"}],"wp:attachment":[{"href":"https:\/\/cineytele.com\/play\/wp-json\/wp\/v2\/media?parent=41740"}],"wp:term":[{"taxonomy":"post_tag","embeddable":true,"href":"https:\/\/cineytele.com\/play\/wp-json\/wp\/v2\/tags?post=41740"},{"taxonomy":"categoria-de-noticias","embeddable":true,"href":"https:\/\/cineytele.com\/play\/wp-json\/wp\/v2\/categoria-de-noticias?post=41740"}],"curies":[{"name":"wp","href":"https:\/\/api.w.org\/{rel}","templated":true}]}}