{"id":41837,"date":"2025-10-30T20:50:05","date_gmt":"2025-10-30T19:50:05","guid":{"rendered":"https:\/\/cineytele.com\/play\/?post_type=noticias&#038;p=41837"},"modified":"2025-10-30T20:50:39","modified_gmt":"2025-10-30T19:50:39","slug":"la-fiesta-de-carlos-v-la-excusa-perfecta-para-explorar-los-tesoros-ocultos-de-la-vieja-castilla","status":"publish","type":"noticias","link":"https:\/\/cineytele.com\/play\/noticias\/la-fiesta-de-carlos-v-la-excusa-perfecta-para-explorar-los-tesoros-ocultos-de-la-vieja-castilla\/","title":{"rendered":"La Fiesta de Carlos V La Excusa Perfecta para Explorar los Tesoros Ocultos de la Vieja Castilla"},"content":{"rendered":"\n<div class=\"wp-block-cover\"><img fetchpriority=\"high\" decoding=\"async\" width=\"926\" height=\"710\" class=\"wp-block-cover__image-background wp-image-41839\" alt=\"\" src=\"https:\/\/cineytele.com\/play\/wp-content\/uploads\/2025\/10\/image-140.png\" data-object-fit=\"cover\" srcset=\"https:\/\/cineytele.com\/play\/wp-content\/uploads\/2025\/10\/image-140.png 926w, https:\/\/cineytele.com\/play\/wp-content\/uploads\/2025\/10\/image-140-300x230.png 300w, https:\/\/cineytele.com\/play\/wp-content\/uploads\/2025\/10\/image-140-768x589.png 768w\" sizes=\"(max-width: 926px) 100vw, 926px\" \/><span aria-hidden=\"true\" class=\"wp-block-cover__background has-background-dim\"><\/span><div class=\"wp-block-cover__inner-container is-layout-flow wp-block-cover-is-layout-flow\">\n<p class=\"has-text-align-center has-large-font-size\"><\/p>\n<\/div><\/div>\n\n\n\n<p>La villa de Medina de Pomar coraz\u00f3n de las Merindades burgalesas se prepara para revivir la visita del Emperador Carlos I de Espa\u00f1a y V de Alemania Este evento declarado de Inter\u00e9s Tur\u00edstico Regional conmemora el \u00faltimo viaje del monarca hacia Yuste y sirve como la mejor excusa para explorar el fascinante entorno del norte de Burgos<\/p>\n\n\n\n<p>Medina de Pomar se transforma en un vibrante escenario hist\u00f3rico con la tradicional Ruta de Carlos V La celebraci\u00f3n incluye m\u00e1s de 70 actividades infantiles espect\u00e1culos musicales y teatrales fuegos artificiales y una gran oferta de artesan\u00eda y gastronom\u00eda en el conjunto hist\u00f3rico que incluye el Alc\u00e1zar de los Velasco y el Monasterio de Santa Clara<\/p>\n\n\n\n<p>La visita a Medina de Pomar es la puerta de entrada a paisajes y tesoros cercanos como Puentedey un arco natural sobre el r\u00edo Nela y uno de los Pueblos M\u00e1s Bonitos de Espa\u00f1a Tambi\u00e9n destacan las ruinas del Monasterio de Santa Mar\u00eda de Rioseco rescatado por los vecinos la ermita rom\u00e1nica de San Pantale\u00f3n de Losa Ojo Guare\u00f1a un vasto complejo de cuevas y Fr\u00edas una postal medieval con su castillo y puente fortificado sobre el Ebro<\/p>\n\n\n\n<p>Esta fiesta es un acto de resistencia cultural que rememora el memorable paso real y una oportunidad \u00fanica para disfrutar de la belleza hist\u00f3rica y natural de la Vieja Castilla en su esplendor oto\u00f1al<\/p>\n","protected":false},"excerpt":{"rendered":"<p>La villa de Medina de Pomar coraz\u00f3n de las Merindades burgalesas se prepara para revivir la visita del Emperador Carlos I de Espa\u00f1a y V de Alemania Este evento declarado de Inter\u00e9s Tur\u00edstico Regional conmemora el \u00faltimo viaje del monarca hacia Yuste y sirve como la mejor excusa para explorar el fascinante entorno del norte [&hellip;]<\/p>\n","protected":false},"author":28,"featured_media":41836,"template":"","tags":[2074],"categoria-de-noticias":[57],"class_list":["post-41837","noticias","type-noticias","status-publish","has-post-thumbnail","hentry","tag-cineturismo","categoria-de-noticias-cineturismo"],"_links":{"self":[{"href":"https:\/\/cineytele.com\/play\/wp-json\/wp\/v2\/noticias\/41837","targetHints":{"allow":["GET"]}}],"collection":[{"href":"https:\/\/cineytele.com\/play\/wp-json\/wp\/v2\/noticias"}],"about":[{"href":"https:\/\/cineytele.com\/play\/wp-json\/wp\/v2\/types\/noticias"}],"author":[{"embeddable":true,"href":"https:\/\/cineytele.com\/play\/wp-json\/wp\/v2\/users\/28"}],"wp:featuredmedia":[{"embeddable":true,"href":"https:\/\/cineytele.com\/play\/wp-json\/wp\/v2\/media\/41836"}],"wp:attachment":[{"href":"https:\/\/cineytele.com\/play\/wp-json\/wp\/v2\/media?parent=41837"}],"wp:term":[{"taxonomy":"post_tag","embeddable":true,"href":"https:\/\/cineytele.com\/play\/wp-json\/wp\/v2\/tags?post=41837"},{"taxonomy":"categoria-de-noticias","embeddable":true,"href":"https:\/\/cineytele.com\/play\/wp-json\/wp\/v2\/categoria-de-noticias?post=41837"}],"curies":[{"name":"wp","href":"https:\/\/api.w.org\/{rel}","templated":true}]}}