{"id":41886,"date":"2025-11-04T21:42:16","date_gmt":"2025-11-04T20:42:16","guid":{"rendered":"https:\/\/cineytele.com\/play\/?post_type=noticias&#038;p=41886"},"modified":"2025-11-04T21:42:25","modified_gmt":"2025-11-04T20:42:25","slug":"john-akomfrah-desembarca-en-madrid-con-su-oda-visual-al-agua-la-memoria-y-el-colonialismo","status":"publish","type":"noticias","link":"https:\/\/cineytele.com\/play\/noticias\/john-akomfrah-desembarca-en-madrid-con-su-oda-visual-al-agua-la-memoria-y-el-colonialismo\/","title":{"rendered":"John Akomfrah desembarca en Madrid con su oda visual al agua, la memoria y el colonialismo"},"content":{"rendered":"\n<figure class=\"wp-block-image aligncenter size-large\"><img fetchpriority=\"high\" decoding=\"async\" width=\"1024\" height=\"525\" src=\"https:\/\/cineytele.com\/play\/wp-content\/uploads\/2025\/11\/image-1024x525.png\" alt=\"\" class=\"wp-image-41887\" srcset=\"https:\/\/cineytele.com\/play\/wp-content\/uploads\/2025\/11\/image-1024x525.png 1024w, https:\/\/cineytele.com\/play\/wp-content\/uploads\/2025\/11\/image-300x154.png 300w, https:\/\/cineytele.com\/play\/wp-content\/uploads\/2025\/11\/image-768x394.png 768w, https:\/\/cineytele.com\/play\/wp-content\/uploads\/2025\/11\/image-1536x788.png 1536w, https:\/\/cineytele.com\/play\/wp-content\/uploads\/2025\/11\/image.png 1919w\" sizes=\"(max-width: 1024px) 100vw, 1024px\" \/><figcaption class=\"wp-element-caption\">EXPERIENCIA INMERSIVA<\/figcaption><\/figure>\n\n\n\n<p>El Museo Nacional Thyssen-Bornemisza y TBA21 presentan <em>Escuchando toda la noche la lluvia<\/em>, la exposici\u00f3n m\u00e1s ambiciosa y experimental del artista brit\u00e1nico, tras su aclamado paso por la Bienal de Venecia 2024.<\/p>\n\n\n\n<p>El agua cae, suena, se repite. No solo como elemento, sino como eco de la historia. As\u00ed se presenta <em>Escuchando toda la noche la lluvia<\/em> (<em>Listening All Night To The Rain<\/em>), la nueva y monumental exposici\u00f3n de <strong>John Akomfrah<\/strong>, que llega al <strong>Museo Nacional Thyssen-Bornemisza<\/strong> del <strong>4 de noviembre de 2025 al 8 de febrero de 2026<\/strong>, organizada junto a <strong>TBA21<\/strong>.<br>Tras su estreno en el Pabell\u00f3n Brit\u00e1nico de la <strong>Bienal de Venecia 2024<\/strong>, donde fue celebrada por la cr\u00edtica como \u201cun viaje magn\u00edfico y terrible\u201d (<em>The Guardian<\/em>), la muestra aterriza en Madrid con <strong>cinco videoinstalaciones inmersivas<\/strong> que reinventan la experiencia del cine, el sonido y la memoria.<\/p>\n\n\n\n<p>Akomfrah \u2014figura esencial del arte contempor\u00e1neo y pionero del cine poscolonial  construye aqu\u00ed un poema audiovisual en cinco movimientos, denominados <strong>Cantos<\/strong>, en los que se entrelazan im\u00e1genes de archivo, nuevas filmaciones y paisajes sonoros que invitan a \u201cescuchar el pasado como acto pol\u00edtico\u201d.<br>El agua, omnipresente, fluye como met\u00e1fora de la di\u00e1spora, del desplazamiento y de la persistencia de la memoria. \u201cLa inundaci\u00f3n dice el artista habla del cambio clim\u00e1tico, pero tambi\u00e9n de la necesidad de repensar qui\u00e9nes fuimos y hacia d\u00f3nde vamos.\u201d<\/p>\n\n\n\n<p>La exposici\u00f3n Comisariada por <strong>Tarini Malik<\/strong> abre con una instalaci\u00f3n en el <strong>jard\u00edn del museo<\/strong>, expandiendo el espacio expositivo m\u00e1s all\u00e1 de las salas y estableciendo un di\u00e1logo directo con el entorno urbano. Adem\u00e1s, incorpora una <strong>introducci\u00f3n especial<\/strong> con obras de las colecciones Thyssen-Bornemisza, que incluyen piezas de <strong>Mir\u00f3, Fontana, Klein, Schlemmer o Bearden<\/strong>, generando un contrapunto hist\u00f3rico y formal entre los maestros modernos y la visi\u00f3n contempor\u00e1nea de Akomfrah.<\/p>\n\n\n\n<p><\/p>\n\n\n\n<figure class=\"wp-block-image aligncenter size-large\"><img decoding=\"async\" width=\"1024\" height=\"683\" src=\"https:\/\/cineytele.com\/play\/wp-content\/uploads\/2025\/11\/image-1-1024x683.png\" alt=\"\" class=\"wp-image-41888\" srcset=\"https:\/\/cineytele.com\/play\/wp-content\/uploads\/2025\/11\/image-1-1024x683.png 1024w, https:\/\/cineytele.com\/play\/wp-content\/uploads\/2025\/11\/image-1-300x200.png 300w, https:\/\/cineytele.com\/play\/wp-content\/uploads\/2025\/11\/image-1-768x512.png 768w, https:\/\/cineytele.com\/play\/wp-content\/uploads\/2025\/11\/image-1-1536x1024.png 1536w, https:\/\/cineytele.com\/play\/wp-content\/uploads\/2025\/11\/image-1-2048x1365.png 2048w\" sizes=\"(max-width: 1024px) 100vw, 1024px\" \/><figcaption class=\"wp-element-caption\">EQUIPO A CARGO<\/figcaption><\/figure>\n\n\n\n<p>El visitante transita por cinco Cantos donde el sonido se convierte en arquitectura: desde la migraci\u00f3n forzada y las secuelas del colonialismo hasta la devastaci\u00f3n ambiental y los paisajes de posguerra. Cada Canto es un fragmento de historia global, tejido con voces de resistencia y fragmentos de la cultura popular, los movimientos de independencia, las luchas raciales y los ecos del planeta exhausto.<\/p>\n\n\n\n<p>Para <strong>TBA21<\/strong>, esta exposici\u00f3n no es un simple pr\u00e9stamo institucional, sino la continuaci\u00f3n natural de una relaci\u00f3n forjada en torno al pensamiento ecol\u00f3gico y las narrativas decoloniales. Francesca Thyssen-Bornemisza, fundadora de la instituci\u00f3n, define esta alianza como \u201cun ejercicio de escucha activa hacia el mundo y hacia las historias que han sido silenciadas\u201d.<\/p>\n\n\n\n<p>El v\u00ednculo entre Akomfrah y TBA21 comenz\u00f3 con <em>Purple<\/em> (2017), una instalaci\u00f3n que abordaba el impacto humano en el medioambiente. Desde entonces, su colaboraci\u00f3n ha evolucionado hacia un terreno com\u00fan donde arte, ecolog\u00eda y memoria se entrelazan como formas de activismo po\u00e9tico.<\/p>\n\n\n\n<p>Durante la presentaci\u00f3n, <strong>Rosa Ferr\u00e9 y Markus Reymann<\/strong>, co-directores de TBA21, acompa\u00f1aron al artista junto a <strong>Guillermo Solana<\/strong>, director art\u00edstico del Thyssen, y <strong>Evelio Acevedo<\/strong>, su director gerente. En palabras de Malik, la comisaria:<\/p>\n\n\n\n<blockquote class=\"wp-block-quote is-layout-flow wp-block-quote-is-layout-flow\">\n<p>\u201cEsta exposici\u00f3n puede leerse como la culminaci\u00f3n de cuatro d\u00e9cadas de trabajo de John, pero tambi\u00e9n como un punto de inflexi\u00f3n: aqu\u00ed lleva su lenguaje visual al l\u00edmite, convirtiendo la escucha en una forma de conocimiento y de resistencia.\u201d<\/p>\n<\/blockquote>\n\n\n\n<p>En tiempos de ruido y saturaci\u00f3n, Akomfrah propone una pausa: escuchar la lluvia, las voces y los silencios que a\u00fan nos atraviesan. En ese gesto \u00edntimo y monumental se condensa su llamado m\u00e1s urgente: <strong>entender que la memoria tambi\u00e9n se oye.<\/strong><\/p>\n\n\n\n<p><\/p>\n","protected":false},"excerpt":{"rendered":"<p>El Museo Nacional Thyssen-Bornemisza y TBA21 presentan Escuchando toda la noche la lluvia, la exposici\u00f3n m\u00e1s ambiciosa y experimental del artista brit\u00e1nico, tras su aclamado paso por la Bienal de Venecia 2024. El agua cae, suena, se repite. No solo como elemento, sino como eco de la historia. As\u00ed se presenta Escuchando toda la noche [&hellip;]<\/p>\n","protected":false},"author":28,"featured_media":41887,"template":"","tags":[1022,599,1027],"categoria-de-noticias":[6652,7083],"class_list":["post-41886","noticias","type-noticias","status-publish","has-post-thumbnail","hentry","tag-arte","tag-espana","tag-madrid","categoria-de-noticias-actualidad","categoria-de-noticias-cultura"],"_links":{"self":[{"href":"https:\/\/cineytele.com\/play\/wp-json\/wp\/v2\/noticias\/41886","targetHints":{"allow":["GET"]}}],"collection":[{"href":"https:\/\/cineytele.com\/play\/wp-json\/wp\/v2\/noticias"}],"about":[{"href":"https:\/\/cineytele.com\/play\/wp-json\/wp\/v2\/types\/noticias"}],"author":[{"embeddable":true,"href":"https:\/\/cineytele.com\/play\/wp-json\/wp\/v2\/users\/28"}],"wp:featuredmedia":[{"embeddable":true,"href":"https:\/\/cineytele.com\/play\/wp-json\/wp\/v2\/media\/41887"}],"wp:attachment":[{"href":"https:\/\/cineytele.com\/play\/wp-json\/wp\/v2\/media?parent=41886"}],"wp:term":[{"taxonomy":"post_tag","embeddable":true,"href":"https:\/\/cineytele.com\/play\/wp-json\/wp\/v2\/tags?post=41886"},{"taxonomy":"categoria-de-noticias","embeddable":true,"href":"https:\/\/cineytele.com\/play\/wp-json\/wp\/v2\/categoria-de-noticias?post=41886"}],"curies":[{"name":"wp","href":"https:\/\/api.w.org\/{rel}","templated":true}]}}