{"id":42514,"date":"2026-02-12T20:03:18","date_gmt":"2026-02-12T19:03:18","guid":{"rendered":"https:\/\/cineytele.com\/play\/?post_type=noticias&#038;p=42514"},"modified":"2026-02-12T20:04:28","modified_gmt":"2026-02-12T19:04:28","slug":"mariano-casanova-inicia-gira-internacional-con-estreno-en-zaragoza-de-su-nuevo-espectaculo-en-solitario","status":"publish","type":"noticias","link":"https:\/\/cineytele.com\/play\/noticias\/mariano-casanova-inicia-gira-internacional-con-estreno-en-zaragoza-de-su-nuevo-espectaculo-en-solitario\/","title":{"rendered":"Mariano Casanova inicia gira internacional con estreno en Zaragoza de su nuevo espect\u00e1culo en solitario"},"content":{"rendered":"\n<h5 class=\"wp-block-heading\">El m\u00fasico aragon\u00e9s arranca a finales de febrero un tour que recorrer\u00e1 distintas ciudades de Espa\u00f1a con especial presencia en Arag\u00f3n y que tambi\u00e9n llegar\u00e1 a Italia y M\u00e9xico. El 13 de marzo presentar\u00e1 por primera vez en Zaragoza un concierto en solitario en el Teatro Arbol\u00e9, donde adelantar\u00e1 nuevas composiciones de su pr\u00f3ximo disco.<\/h5>\n\n\n\n<figure class=\"wp-block-image aligncenter size-large is-resized\"><img fetchpriority=\"high\" decoding=\"async\" width=\"1024\" height=\"682\" src=\"https:\/\/cineytele.com\/play\/wp-content\/uploads\/2026\/02\/image-10-1024x682.png\" alt=\"\" class=\"wp-image-42516\" style=\"width:602px;height:auto\" srcset=\"https:\/\/cineytele.com\/play\/wp-content\/uploads\/2026\/02\/image-10-1024x682.png 1024w, https:\/\/cineytele.com\/play\/wp-content\/uploads\/2026\/02\/image-10-300x200.png 300w, https:\/\/cineytele.com\/play\/wp-content\/uploads\/2026\/02\/image-10-768x512.png 768w, https:\/\/cineytele.com\/play\/wp-content\/uploads\/2026\/02\/image-10-1536x1023.png 1536w, https:\/\/cineytele.com\/play\/wp-content\/uploads\/2026\/02\/image-10.png 2048w\" sizes=\"(max-width: 1024px) 100vw, 1024px\" \/><figcaption class=\"wp-element-caption\">Mariano Casanova<\/figcaption><\/figure>\n\n\n\n<p><strong>Mariano Casanova<\/strong> comenzar\u00e1 el pr\u00f3ximo <strong>27 de febrero en Madrid<\/strong> una gira que se desarrollar\u00e1 a lo largo de <strong>2025<\/strong> y que lo llevar\u00e1 por numerosos escenarios nacionales e internacionales. El arranque tendr\u00e1 lugar en la sala <strong>El Rinc\u00f3n del Arte Nuevo<\/strong>, donde ofrecer\u00e1 una actuaci\u00f3n especial de <strong>40 minutos<\/strong> en el marco de la presentaci\u00f3n de la novela <em>Letras de Sangre<\/em>, de <strong>\u00d3scar Briz<\/strong>, con <strong>entrada libre a partir de las 22:00 horas<\/strong>.<\/p>\n\n\n\n<p>La primera fecha oficial del tour ser\u00e1 el <strong>12 de marzo<\/strong> en la sala <strong>Can Ramon de Lleida<\/strong>, un espacio de referencia para la m\u00fasica en directo, donde el artista presentar\u00e1 su repertorio en formato \u00edntimo.<\/p>\n\n\n\n<p>Al d\u00eda siguiente, el <strong>13 de marzo a las 21:00 horas<\/strong>, Casanova actuar\u00e1 en el <strong>Teatro Arbol\u00e9 de Zaragoza<\/strong> en un concierto especialmente significativo, al tratarse de la primera vez que presenta en su ciudad un espect\u00e1culo completamente en solitario. El repertorio incluir\u00e1 una selecci\u00f3n de canciones compuestas a lo largo de su trayectoria, tanto con <strong>Distrito 14<\/strong> como en su etapa individual, adem\u00e1s del estreno de nuevas composiciones que formar\u00e1n parte de su <strong>segundo trabajo discogr\u00e1fico en solitario<\/strong>.<\/p>\n\n\n\n<p>La gira continuar\u00e1 en los pr\u00f3ximos meses con actuaciones en escenarios destacados como el <strong>Teatro Vespasiano de Rieti (Italia)<\/strong>, el <strong>16 de mayo<\/strong>, y otras fechas a\u00fan por anunciar en <strong>Espa\u00f1a y M\u00e9xico<\/strong>. En algunos conciertos estar\u00e1 acompa\u00f1ado por <strong>Enrique Mavilla, Man\u00e9 Larregla y Jos\u00e9 Luis Seguer \u201cFletes\u201d<\/strong>, en formatos ac\u00fasticos y el\u00e9ctricos.<\/p>\n\n\n\n<p>En sus recitales en solitario, Casanova combinar\u00e1 la interpretaci\u00f3n musical con relatos sobre el origen y las circunstancias que rodearon la creaci\u00f3n de sus canciones, configurando un espect\u00e1culo de car\u00e1cter \u00edntimo y narrativo que el artista ha definido como un recorrido por <strong>\u201cla vida en canciones\u201d<\/strong>.<\/p>\n","protected":false},"excerpt":{"rendered":"<p>El m\u00fasico aragon\u00e9s arranca a finales de febrero un tour que recorrer\u00e1 distintas ciudades de Espa\u00f1a con especial presencia en Arag\u00f3n y que tambi\u00e9n llegar\u00e1 a Italia y M\u00e9xico. El 13 de marzo presentar\u00e1 por primera vez en Zaragoza un concierto en solitario en el Teatro Arbol\u00e9, donde adelantar\u00e1 nuevas composiciones de su pr\u00f3ximo disco.<\/p>\n","protected":false},"author":28,"featured_media":42517,"template":"","tags":[599,2321,8054,8053,4584],"categoria-de-noticias":[7081],"class_list":["post-42514","noticias","type-noticias","status-publish","has-post-thumbnail","hentry","tag-espana","tag-espectaculo","tag-gira-internacional","tag-mariano-casanova","tag-zaragoza","categoria-de-noticias-ocio-eventos-entradas"],"_links":{"self":[{"href":"https:\/\/cineytele.com\/play\/wp-json\/wp\/v2\/noticias\/42514","targetHints":{"allow":["GET"]}}],"collection":[{"href":"https:\/\/cineytele.com\/play\/wp-json\/wp\/v2\/noticias"}],"about":[{"href":"https:\/\/cineytele.com\/play\/wp-json\/wp\/v2\/types\/noticias"}],"author":[{"embeddable":true,"href":"https:\/\/cineytele.com\/play\/wp-json\/wp\/v2\/users\/28"}],"wp:featuredmedia":[{"embeddable":true,"href":"https:\/\/cineytele.com\/play\/wp-json\/wp\/v2\/media\/42517"}],"wp:attachment":[{"href":"https:\/\/cineytele.com\/play\/wp-json\/wp\/v2\/media?parent=42514"}],"wp:term":[{"taxonomy":"post_tag","embeddable":true,"href":"https:\/\/cineytele.com\/play\/wp-json\/wp\/v2\/tags?post=42514"},{"taxonomy":"categoria-de-noticias","embeddable":true,"href":"https:\/\/cineytele.com\/play\/wp-json\/wp\/v2\/categoria-de-noticias?post=42514"}],"curies":[{"name":"wp","href":"https:\/\/api.w.org\/{rel}","templated":true}]}}