{"id":42550,"date":"2026-02-15T20:21:39","date_gmt":"2026-02-15T19:21:39","guid":{"rendered":"https:\/\/cineytele.com\/play\/?post_type=noticias&#038;p=42550"},"modified":"2026-02-15T20:21:42","modified_gmt":"2026-02-15T19:21:42","slug":"pilar-almagro-reflexiona-sobre-la-memoria-historica-y-el-legado-de-la-carrera-de-indias","status":"publish","type":"noticias","link":"https:\/\/cineytele.com\/play\/noticias\/pilar-almagro-reflexiona-sobre-la-memoria-historica-y-el-legado-de-la-carrera-de-indias\/","title":{"rendered":"Pilar Almagro reflexiona sobre la memoria hist\u00f3rica y el legado de la Carrera de Indias"},"content":{"rendered":"\n<h5 class=\"wp-block-heading\">La periodista\u00a0<strong>Pilar Almagro Marcos<\/strong>\u00a0ha compartido un v\u00eddeo en el que conversa con Ricardo, representante de NUCAM, para poner en valor la memoria de quienes formaron parte de la Carrera de Indias y la importancia de preservar ese legado hist\u00f3rico a trav\u00e9s del\u00a0<strong>Museo Carrera de Indias<\/strong>.<\/h5>\n\n\n\n<figure class=\"wp-block-image aligncenter size-large is-resized\"><img fetchpriority=\"high\" decoding=\"async\" width=\"1024\" height=\"576\" src=\"https:\/\/cineytele.com\/play\/wp-content\/uploads\/2026\/02\/IMG_5968-1024x576.jpeg\" alt=\"\" class=\"wp-image-42551\" style=\"width:630px;height:auto\" srcset=\"https:\/\/cineytele.com\/play\/wp-content\/uploads\/2026\/02\/IMG_5968-1024x576.jpeg 1024w, https:\/\/cineytele.com\/play\/wp-content\/uploads\/2026\/02\/IMG_5968-300x169.jpeg 300w, https:\/\/cineytele.com\/play\/wp-content\/uploads\/2026\/02\/IMG_5968-768x432.jpeg 768w, https:\/\/cineytele.com\/play\/wp-content\/uploads\/2026\/02\/IMG_5968.jpeg 1154w\" sizes=\"(max-width: 1024px) 100vw, 1024px\" \/><figcaption class=\"wp-element-caption\">Pilar Almagro<\/figcaption><\/figure>\n\n\n\n<p>En el v\u00eddeo, <em><strong><a href=\"https:\/\/www.linkedin.com\/posts\/pilar-almagro-marcos_datadrivenpolitics-economiaconductual-policyinsights-ugcPost-7427720900717727745-Zfpc?utm_source=share&amp;utm_medium=member_android&amp;rcm=ACoAAB7tibQBqmkX0tatnO5_sMyjgPxjiGgPEbQ\" target=\"_blank\" rel=\"noopener\">Honrando a nuestros antepasados<\/a><\/strong><\/em>, la conversaci\u00f3n se centra en recordar a las personas que protagonizaron uno de los episodios m\u00e1s relevantes de la historia mar\u00edtima, marcado por el riesgo, la incertidumbre y la b\u00fasqueda de nuevas oportunidades. A lo largo de la entrevista, se destaca el esfuerzo y la valent\u00eda de quienes se embarcaron en aquellos viajes, as\u00ed como la huella que dejaron en la historia colectiva<\/p>\n\n\n\n<p>Durante el di\u00e1logo, se subraya la necesidad de no olvidar ese pasado y de transmitirlo a las nuevas generaciones desde una mirada reflexiva y divulgativa. El Museo Carrera de Indias se presenta as\u00ed como un espacio clave para conservar, explicar y dar contexto a este legado, fomentando el conocimiento hist\u00f3rico y la conexi\u00f3n con las ra\u00edces.<\/p>\n\n\n\n<p>El v\u00eddeo se enmarca dentro de una l\u00ednea de contenidos que apuestan por la divulgaci\u00f3n cultural y la puesta en valor del patrimonio hist\u00f3rico, invitando a reflexionar sobre la importancia de la memoria como herramienta para comprender el presente.<\/p>\n","protected":false},"excerpt":{"rendered":"<p>La periodista\u00a0Pilar Almagro Marcos\u00a0ha compartido un v\u00eddeo en el que conversa con Ricardo, representante de NUCAM, para poner en valor la memoria de quienes formaron parte de la Carrera de Indias y la importancia de preservar ese legado hist\u00f3rico a trav\u00e9s del\u00a0Museo Carrera de Indias.<\/p>\n","protected":false},"author":28,"featured_media":42551,"template":"","tags":[8074,8072,8075,8076,8077,8073],"categoria-de-noticias":[6652,7083],"class_list":["post-42550","noticias","type-noticias","status-publish","has-post-thumbnail","hentry","tag-carrera-de-indias","tag-legado-de-la-carrera-de-indias","tag-legado-historico","tag-museo-carrera-de-indias","tag-nucam","tag-pilar-almagro","categoria-de-noticias-actualidad","categoria-de-noticias-cultura"],"_links":{"self":[{"href":"https:\/\/cineytele.com\/play\/wp-json\/wp\/v2\/noticias\/42550","targetHints":{"allow":["GET"]}}],"collection":[{"href":"https:\/\/cineytele.com\/play\/wp-json\/wp\/v2\/noticias"}],"about":[{"href":"https:\/\/cineytele.com\/play\/wp-json\/wp\/v2\/types\/noticias"}],"author":[{"embeddable":true,"href":"https:\/\/cineytele.com\/play\/wp-json\/wp\/v2\/users\/28"}],"wp:featuredmedia":[{"embeddable":true,"href":"https:\/\/cineytele.com\/play\/wp-json\/wp\/v2\/media\/42551"}],"wp:attachment":[{"href":"https:\/\/cineytele.com\/play\/wp-json\/wp\/v2\/media?parent=42550"}],"wp:term":[{"taxonomy":"post_tag","embeddable":true,"href":"https:\/\/cineytele.com\/play\/wp-json\/wp\/v2\/tags?post=42550"},{"taxonomy":"categoria-de-noticias","embeddable":true,"href":"https:\/\/cineytele.com\/play\/wp-json\/wp\/v2\/categoria-de-noticias?post=42550"}],"curies":[{"name":"wp","href":"https:\/\/api.w.org\/{rel}","templated":true}]}}