{"id":42605,"date":"2026-02-23T14:25:15","date_gmt":"2026-02-23T13:25:15","guid":{"rendered":"https:\/\/cineytele.com\/play\/?post_type=noticias&#038;p=42605"},"modified":"2026-02-23T14:25:17","modified_gmt":"2026-02-23T13:25:17","slug":"los-premios-iris-reunen-al-sector-audiovisual-en-el-teatro-real-en-una-noche-de-celebracion-de-la-excelencia-televisiva","status":"publish","type":"noticias","link":"https:\/\/cineytele.com\/play\/noticias\/los-premios-iris-reunen-al-sector-audiovisual-en-el-teatro-real-en-una-noche-de-celebracion-de-la-excelencia-televisiva\/","title":{"rendered":"Los Premios Iris re\u00fanen al sector audiovisual en el Teatro Real en una noche de celebraci\u00f3n de la excelencia televisiva"},"content":{"rendered":"\n<h5 class=\"wp-block-heading\">La gala de los Premios Iris, organizada por la Academia de Televisi\u00f3n y de las Ciencias y las Artes del Audiovisual, congreg\u00f3 en Madrid a profesionales de toda la industria para reconocer los mejores programas y talentos del a\u00f1o. La serie <em>Querer<\/em> se convirti\u00f3 en la gran protagonista de la noche, en una edici\u00f3n marcada por el reconocimiento a la ficci\u00f3n, el entretenimiento y el trabajo informativo en la televisi\u00f3n espa\u00f1ola.<\/h5>\n\n\n\n<figure class=\"wp-block-image aligncenter size-large is-resized\"><img fetchpriority=\"high\" decoding=\"async\" width=\"1024\" height=\"576\" src=\"https:\/\/cineytele.com\/play\/wp-content\/uploads\/2026\/02\/Diseno-sin-titulo-18-1024x576.jpg\" alt=\"\" class=\"wp-image-42606\" style=\"width:658px;height:auto\" srcset=\"https:\/\/cineytele.com\/play\/wp-content\/uploads\/2026\/02\/Diseno-sin-titulo-18-1024x576.jpg 1024w, https:\/\/cineytele.com\/play\/wp-content\/uploads\/2026\/02\/Diseno-sin-titulo-18-300x169.jpg 300w, https:\/\/cineytele.com\/play\/wp-content\/uploads\/2026\/02\/Diseno-sin-titulo-18-768x432.jpg 768w, https:\/\/cineytele.com\/play\/wp-content\/uploads\/2026\/02\/Diseno-sin-titulo-18-1536x864.jpg 1536w, https:\/\/cineytele.com\/play\/wp-content\/uploads\/2026\/02\/Diseno-sin-titulo-18.jpg 1920w\" sizes=\"(max-width: 1024px) 100vw, 1024px\" \/><figcaption class=\"wp-element-caption\">Premios Iris <\/figcaption><\/figure>\n\n\n\n<p>La gala de los Premios Iris volvi\u00f3 a reunir a gran parte de la industria televisiva espa\u00f1ola en una noche dedicada a reconocer el talento y la excelencia audiovisual. Organizados por la <a href=\"https:\/\/www.academiatv.es\/los-premios-iris-de-la-academia-de-television-reune-al-sector-en-el-teatro-real-en-una-noche-de-celebracion-de-la-excelencia-audiovisual\/\" target=\"_blank\" rel=\"noopener\">Academia de Televisi\u00f3n y de las Ciencias y las Artes del Audiovisual<\/a>, los galardones se celebraron en el Teatro Real, que acogi\u00f3 a cientos de profesionales del sector en un ambiente de celebraci\u00f3n y encuentro.<\/p>\n\n\n\n<p>La velada estuvo marcada por la emoci\u00f3n de los premiados, los reencuentros entre compa\u00f1eros de profesi\u00f3n y el reconocimiento a los proyectos que han destacado durante el \u00faltimo a\u00f1o en la televisi\u00f3n espa\u00f1ola. Durante la noche, la presidenta de la Academia, Mar\u00eda Casado, destac\u00f3 el trabajo colectivo que hay detr\u00e1s de cada programa y record\u00f3 que la televisi\u00f3n sigue siendo un espacio de creatividad, informaci\u00f3n y entretenimiento para millones de espectadores.<\/p>\n\n\n\n<p>Uno de los grandes protagonistas de la gala fue la serie <strong>Querer<\/strong>, de Movistar Plus+, que se convirti\u00f3 en el t\u00edtulo m\u00e1s premiado de la noche al lograr varios de los galardones principales, entre ellos mejor ficci\u00f3n, mejor producci\u00f3n de ficci\u00f3n y mejor guion. La serie tambi\u00e9n dio a su protagonista, Pedro Casablanc, el premio a mejor actor, consolid\u00e1ndose como uno de los proyectos m\u00e1s destacados del a\u00f1o.<\/p>\n\n\n\n<p>Otro de los momentos m\u00e1s especiales lleg\u00f3 con el reconocimiento a Carmen Machi, que adem\u00e1s de ganar el premio a mejor actriz por la serie <em>Celeste<\/em>, recibi\u00f3 el premio a la trayectoria Jes\u00fas Hermida, uno de los galardones m\u00e1s emotivos de la noche. En el \u00e1mbito del entretenimiento, el presentador Marc Gir\u00f3 destac\u00f3 con <em>Late Xou<\/em>, que se llev\u00f3 premios importantes y confirm\u00f3 el \u00e9xito del programa dentro de la parrilla televisiva.<\/p>\n\n\n\n<p>El periodismo y la actualidad tambi\u00e9n tuvieron su espacio en la gala. El informativo especial de RTVE fue reconocido como mejor informativo, mientras que el periodista Vicente Vall\u00e9s fue premiado como mejor presentador de informativos. Asimismo, diferentes formatos de divulgaci\u00f3n, reportaje y programas auton\u00f3micos demostraron la diversidad de la televisi\u00f3n actual.<\/p>\n\n\n\n<h3 class=\"wp-block-heading\">Palmar\u00e9s de los Premios Iris<\/h3>\n\n\n\n<p><strong>Mejor Producci\u00f3n de Ficci\u00f3n<\/strong><br>Susana Herreras, Fran Ara\u00fajo, Juan Moreno y Koldo Zuazua por <em>Querer<\/em> (Movistar Plus+)<\/p>\n\n\n\n<p><strong>Mejor Producci\u00f3n de Entretenimiento<\/strong><br>Ana Jota Mart\u00edn, Zaida Serrano-Piedecasas y Mar\u00eda Rubio por <em>Pek\u00edn Express: Objetivo Angkor<\/em> (HBO Max)<\/p>\n\n\n\n<p><strong>Mejor Ficci\u00f3n<\/strong><br><em>Querer<\/em> (Movistar Plus+)<\/p>\n\n\n\n<p><strong>Mejor Guion de Ficci\u00f3n<\/strong><br>Alauda Ruiz de Az\u00faa, Eduard Sola y J\u00falia de Paz por <em>Querer<\/em> (Movistar Plus+)<\/p>\n\n\n\n<p><strong>Premio Iris a Mejor Direcci\u00f3n de Ficci\u00f3n Antonio Mercero<\/strong><br>Alauda Ruiz de Az\u00faa por <em>Querer<\/em> (Movistar Plus+)<\/p>\n\n\n\n<p><strong>Mejor Guion de Entretenimiento<\/strong><br>Laura Llopis, Fernando Acevedo, Sergio Gonz\u00e1lez, Daniel Fontecha, Cristina Correa, Juan del Val, Mar\u00eda Dab\u00e1n, Alberto Sierra, Juan Ib\u00e1\u00f1ez, Dami\u00e1n Moll\u00e1, Julia Alcocer, Jordi Molt\u00f3, Miguel Garde\u00f1es, Juan Herrera, Antonio Tejerina y Jorge Marr\u00f3n por <em>El Hormiguero<\/em> (Antena 3)<\/p>\n\n\n\n<p><strong>Mejor Programa Infantil<\/strong><br><em>La Casa de los Retos<\/em> (Boing)<\/p>\n\n\n\n<p><strong>Mejor Actor<\/strong><br>Pedro Casablanc por <em>Querer<\/em> (Movistar Plus+)<\/p>\n\n\n\n<p><strong>Mejor Actriz<\/strong><br>Carmen Machi por <em>Celeste<\/em> (Movistar Plus+)<\/p>\n\n\n\n<p><strong>Mejor Presentador\/a de Entretenimiento<\/strong><br>Marc Gir\u00f3 por <em>Late Xou<\/em> (La 1 de TVE)<\/p>\n\n\n\n<p><strong>Mejor Programa de Entretenimiento<\/strong><br><em>Late Xou<\/em> (La 1 de TVE)<\/p>\n\n\n\n<p><strong>Realizaci\u00f3n<\/strong><br>Iv\u00e1n Prado, Vicente Pe\u00f1a y Ricardo D\u00edaz por <em>Supervivientes<\/em> (Telecinco)<\/p>\n\n\n\n<p><strong>Mejor Programa Divulgativo<\/strong><br><em>Lo de \u00c9vole<\/em> (laSexta)<\/p>\n\n\n\n<p><strong>Mejor Programa Documental<\/strong><br><em>El loco. Los silencios de Quintero<\/em> (RTVE Play)<\/p>\n\n\n\n<p><strong>Mejor Reportero<\/strong><br>Marc Campdelacreu por corresponsal en Jerusal\u00e9n, <em>Telediario<\/em> (La 1 de TVE, RTVE Play, Canal 24 Horas)<\/p>\n\n\n\n<p><strong>Direcci\u00f3n de Programas<\/strong><br>Santi Villas, Marc Gir\u00f3 y Rebeca Rodr\u00edguez por <em>Late Xou<\/em> (La 1 de TVE y RTVE Play)<\/p>\n\n\n\n<p><strong>Mejor Programa de Actualidad<\/strong><br><em>La hora de La 1<\/em> (La 1 de TVE)<\/p>\n\n\n\n<p><strong>Mejor Presentador\/a de Programas de Actualidad<\/strong><br>Adela Gonz\u00e1lez por <em>Ma\u00f1aneros 360<\/em> (La 1 de TVE)<\/p>\n\n\n\n<p><strong>Mejor Informativo<\/strong><br><em>Apag\u00f3n informativo de RTVE<\/em> (La 1 de TVE)<\/p>\n\n\n\n<p><strong>Mejor Presentador\/a de Informativos<\/strong><br>Vicente Vall\u00e9s por <em>Antena 3 Noticias 2<\/em> (Antena 3 TV)<\/p>\n\n\n\n<p><strong>Mejor Contenido Original para Plataforma para el Mercado Espa\u00f1ol<\/strong><br><em>Querer<\/em> (Movistar Plus+)<\/p>\n\n\n\n<p><strong>Mejor Programa Auton\u00f3mico (ex aequo)<\/strong><br><em>El Campo es Nuestro<\/em> (Arag\u00f3n TV)<\/p>\n\n\n\n<p><strong>Mejor Programa Auton\u00f3mico (ex aequo)<\/strong><br><em>En Compa\u00f1\u00eda<\/em> (Castilla-La Mancha Media)<\/p>\n\n\n\n<p><strong>Mejor Presentador Auton\u00f3mico<\/strong><br>Modesto Barrag\u00e1n por <em>Andaluc\u00eda Directo<\/em> (Canal Sur)<\/p>\n\n\n\n<p><strong>Premio Iris del P\u00fablico al Personaje del A\u00f1o<\/strong><br>Montoya<\/p>\n\n\n\n<p><strong>Premio Iris Prensa Especializada (ex aequo)<\/strong><br>Marc Gir\u00f3<\/p>\n\n\n\n<p><strong>Premio Iris Prensa Especializada (ex aequo)<\/strong><br>Alberto Caballero y Laura Caballero<\/p>\n\n\n\n<p><strong>Premio a la Trayectoria Jes\u00fas Hermida<\/strong><br>Carmen Machi<\/p>\n\n\n\n<p>La gala concluy\u00f3 con el reconocimiento general a una temporada televisiva marcada por la diversidad de formatos y la fuerza de la ficci\u00f3n espa\u00f1ola. Entre aplausos y celebraciones, los Premios Iris volvieron a demostrar que la televisi\u00f3n sigue siendo un espacio clave para la cultura audiovisual y un punto de encuentro para quienes la hacen posible.<\/p>\n","protected":false},"excerpt":{"rendered":"<p>La gala de los Premios Iris, organizada por la Academia de Televisi\u00f3n y de las Ciencias y las Artes del Audiovisual, congreg\u00f3 en Madrid a profesionales de toda la industria para reconocer los mejores programas y talentos del a\u00f1o. La serie Querer se convirti\u00f3 en la gran protagonista de la noche, en una edici\u00f3n marcada por el reconocimiento a la ficci\u00f3n, el entretenimiento y el trabajo informativo en la televisi\u00f3n espa\u00f1ola.<\/p>\n","protected":false},"author":28,"featured_media":42606,"template":"","tags":[8110,7880,8109,3695],"categoria-de-noticias":[6652,20,21],"class_list":["post-42605","noticias","type-noticias","status-publish","has-post-thumbnail","hentry","tag-academia-de-television-y-de-las-ciencias-y-las-artes-del-audiovisual","tag-academia-de-tv","tag-premios-iris","tag-sector-audiovisual","categoria-de-noticias-actualidad","categoria-de-noticias-cine","categoria-de-noticias-television-y-plataformas"],"_links":{"self":[{"href":"https:\/\/cineytele.com\/play\/wp-json\/wp\/v2\/noticias\/42605","targetHints":{"allow":["GET"]}}],"collection":[{"href":"https:\/\/cineytele.com\/play\/wp-json\/wp\/v2\/noticias"}],"about":[{"href":"https:\/\/cineytele.com\/play\/wp-json\/wp\/v2\/types\/noticias"}],"author":[{"embeddable":true,"href":"https:\/\/cineytele.com\/play\/wp-json\/wp\/v2\/users\/28"}],"wp:featuredmedia":[{"embeddable":true,"href":"https:\/\/cineytele.com\/play\/wp-json\/wp\/v2\/media\/42606"}],"wp:attachment":[{"href":"https:\/\/cineytele.com\/play\/wp-json\/wp\/v2\/media?parent=42605"}],"wp:term":[{"taxonomy":"post_tag","embeddable":true,"href":"https:\/\/cineytele.com\/play\/wp-json\/wp\/v2\/tags?post=42605"},{"taxonomy":"categoria-de-noticias","embeddable":true,"href":"https:\/\/cineytele.com\/play\/wp-json\/wp\/v2\/categoria-de-noticias?post=42605"}],"curies":[{"name":"wp","href":"https:\/\/api.w.org\/{rel}","templated":true}]}}