{"id":42674,"date":"2026-03-02T17:39:05","date_gmt":"2026-03-02T16:39:05","guid":{"rendered":"https:\/\/cineytele.com\/play\/?post_type=noticias&#038;p=42674"},"modified":"2026-03-02T17:39:16","modified_gmt":"2026-03-02T16:39:16","slug":"el-thyssen-reflexiona-sobre-la-guerra-en-ucrania","status":"publish","type":"noticias","link":"https:\/\/cineytele.com\/play\/noticias\/el-thyssen-reflexiona-sobre-la-guerra-en-ucrania\/","title":{"rendered":"El Thyssen reflexiona sobre la guerra en Ucrania"},"content":{"rendered":"\n<h3 class=\"wp-block-heading\"><strong><em>TBA21 Thyssen-Bornemisza Art Contemporary y el Museo Nacional Thyssen-Bornemisza presentan<\/em> <em>Pedagog\u00edas de guerra<\/em>, <em>la primera exposici\u00f3n individual en Espa\u00f1a del d\u00fao ucraniano Roman Khimei y Yarema Malashchuk. Comisariada por Chus Mart\u00ednez, la muestra podr\u00e1 visitarse del 3 de marzo al 21 de junio de 2026 y propone una reflexi\u00f3n profunda sobre c\u00f3mo la violencia reconfigura la vida cotidiana en Ucrania desde el inicio de la invasi\u00f3n rusa.<\/em><\/strong><\/h3>\n\n\n\n<figure class=\"wp-block-image size-large\"><img decoding=\"async\" src=\"https:\/\/cineytele.com\/play\/wp-content\/uploads\/2026\/03\/image-3-1024x682.png\" alt=\"\" class=\"wp-image-42675\"\/><figcaption class=\"wp-element-caption\">Equipo del Museo Tysshen en la presentaci\u00f3n de su nueva exhibici\u00f3n sobre el conflicto B\u00e9lico latente en europa <\/figcaption><\/figure>\n\n\n\n<p>Madrid acoge una de las propuestas art\u00edsticas m\u00e1s contundentes de la temporada. <em>Pedagog\u00edas de guerra<\/em> re\u00fane cuatro instalaciones audiovisuales producidas en los \u00faltimos cuatro a\u00f1os que analizan c\u00f3mo la guerra, omnipresente y mediada por pantallas y tecnolog\u00edas remotas, se infiltra silenciosamente en la percepci\u00f3n, el comportamiento y la experiencia colectiva.<\/p>\n\n\n\n<p>Lejos de concebir el conflicto como un espect\u00e1culo medi\u00e1tico o un acontecimiento aislado, <strong>Khimei<\/strong> y <strong>Malashchuk<\/strong> plantean la guerra como un sistema de entrenamiento que moldea cuerpos y reorganiza la atenci\u00f3n. En palabras de <strong>Chus Mart\u00ednez<\/strong>, la exposici\u00f3n dialoga con la distinci\u00f3n formulada por Bertolt Brecht entre <em>Erlebnis<\/em> y <em>Erfahrung<\/em>, proponiendo que el arte no reproduce la experiencia inmediata, sino que la transforma en conocimiento.<\/p>\n\n\n\n<p> <\/p>\n\n\n\n<figure class=\"wp-block-image alignleft size-large is-resized\"><img fetchpriority=\"high\" decoding=\"async\" width=\"1024\" height=\"682\" src=\"https:\/\/cineytele.com\/play\/wp-content\/uploads\/2026\/03\/image-4-1024x682.png\" alt=\"\" class=\"wp-image-42676\" style=\"aspect-ratio:1.5006301474251884;width:460px;height:auto\" srcset=\"https:\/\/cineytele.com\/play\/wp-content\/uploads\/2026\/03\/image-4-1024x682.png 1024w, https:\/\/cineytele.com\/play\/wp-content\/uploads\/2026\/03\/image-4-300x200.png 300w, https:\/\/cineytele.com\/play\/wp-content\/uploads\/2026\/03\/image-4-768x512.png 768w, https:\/\/cineytele.com\/play\/wp-content\/uploads\/2026\/03\/image-4.png 1199w\" sizes=\"(max-width: 1024px) 100vw, 1024px\" \/><figcaption class=\"wp-element-caption\">       Fotograf\u00eda de una de las piezas de la exhibici\u00f3n <\/figcaption><\/figure>\n\n\n\n<p>La muestra se abre con <em>The Wanderer<\/em> (2022), pieza que remite al c\u00e9lebre cuadro <em>El caminante sobre el mar de niebla<\/em> de Caspar David Friedrich. A trav\u00e9s de la escenificaci\u00f3n de cuerpos que evocan soldados ca\u00eddos en los C\u00e1rpatos, los artistas cuestionan la tradici\u00f3n rom\u00e1ntica y la representaci\u00f3n sublime de la muerte en tiempos de guerra.<\/p>\n\n\n\n<p>Le sigue <em>Open World<\/em> (2025), presentada recientemente en la Bienal de Artes Gr\u00e1ficas de Liubliana, donde un joven desplazado teledirige un perro robot militar por los paisajes de su infancia en Kyiv. La pieza resignifica la tecnolog\u00eda b\u00e9lica como herramienta de memoria y v\u00ednculo, explorando la resiliencia en contextos de desplazamiento.<\/p>\n\n\n\n<p>En <em>You Shouldn\u2019t Have to See This<\/em> (2024), premiada en OFFSCREEN Par\u00eds, la c\u00e1mara observa en silencio a ni\u00f1os ucranianos mientras duermen. La obra sit\u00faa al espectador ante la tensi\u00f3n entre empat\u00eda y voyeurismo, cuestionando los l\u00edmites de la representaci\u00f3n medi\u00e1tica y el papel del testigo.<\/p>\n\n\n\n<p>  <\/p>\n\n\n\n<figure class=\"wp-block-image alignright size-large is-resized\"><img decoding=\"async\" width=\"1024\" height=\"682\" src=\"https:\/\/cineytele.com\/play\/wp-content\/uploads\/2026\/03\/image-5-1024x682.png\" alt=\"\" class=\"wp-image-42677\" style=\"aspect-ratio:1.5006301474251884;width:490px;height:auto\" srcset=\"https:\/\/cineytele.com\/play\/wp-content\/uploads\/2026\/03\/image-5-1024x682.png 1024w, https:\/\/cineytele.com\/play\/wp-content\/uploads\/2026\/03\/image-5-300x200.png 300w, https:\/\/cineytele.com\/play\/wp-content\/uploads\/2026\/03\/image-5-768x512.png 768w, https:\/\/cineytele.com\/play\/wp-content\/uploads\/2026\/03\/image-5.png 1199w\" sizes=\"(max-width: 1024px) 100vw, 1024px\" \/><figcaption class=\"wp-element-caption\">                   Fotograf\u00eda que muestra piezas de la exhibici\u00f3n <\/figcaption><\/figure>\n\n\n\n<p>Cierra el recorrido <em>We Didn\u2019t Start This War<\/em> (2026), encargo espec\u00edfico de <strong>TBA21<\/strong> para el <strong>Museo Nacional Thyssen-Bornemisza<\/strong>. El tr\u00edptico audiovisual evita im\u00e1genes expl\u00edcitas de violencia y se centra en la rutina cotidiana en Kyiv, planteando una conversaci\u00f3n sobre c\u00f3mo representar un pa\u00eds en guerra sin recurrir a clich\u00e9s visuales.<\/p>\n\n\n\n<p>La exposici\u00f3n se inscribe en el compromiso sostenido de <strong>TBA21<\/strong> y del <strong>Museo Nacional Thyssen-Bornemisza<\/strong> con artistas en contextos de conflicto, una l\u00ednea de trabajo que se intensific\u00f3 tras la invasi\u00f3n rusa con iniciativas como <em>Museums for Ukraine<\/em>. El proyecto cuenta con el apoyo de la Fundaci\u00f3n Ecolec y se acompa\u00f1a de un programa p\u00fablico multidisciplinar que incluye performances, encuentros con los artistas y un ciclo de cine en colaboraci\u00f3n con la Filmoteca Espa\u00f1ola.<\/p>\n\n\n\n<p>M\u00e1s all\u00e1 de su dimensi\u00f3n est\u00e9tica, <em>Pedagog\u00edas de guerra<\/em> reivindica el arte como espacio pol\u00edtico compartido y como herramienta de reflexi\u00f3n colectiva. En un momento en que la violencia corre el riesgo de convertirse en rutina informativa, la muestra propone ralentizar la mirada y sostener la pregunta esencial: qu\u00e9 conocimiento puede producir el arte cuando la guerra lo atraviesa todo.<\/p>\n\n\n\n<p><\/p>\n","protected":false},"excerpt":{"rendered":"<p>TBA21 Thyssen-Bornemisza Art Contemporary y el Museo Nacional Thyssen-Bornemisza presentan Pedagog\u00edas de guerra, la primera exposici\u00f3n individual en Espa\u00f1a del d\u00fao ucraniano Roman Khimei y Yarema Malashchuk. Comisariada por Chus Mart\u00ednez, la muestra podr\u00e1 visitarse del 3 de marzo al 21 de junio de 2026 y propone una reflexi\u00f3n profunda sobre c\u00f3mo la violencia reconfigura [&hellip;]<\/p>\n","protected":false},"author":28,"featured_media":42675,"template":"","tags":[8141,8139,8140],"categoria-de-noticias":[6652,7083],"class_list":["post-42674","noticias","type-noticias","status-publish","has-post-thumbnail","hentry","tag-guerra-de-ucrania","tag-museo-thyssen","tag-tba21","categoria-de-noticias-actualidad","categoria-de-noticias-cultura"],"_links":{"self":[{"href":"https:\/\/cineytele.com\/play\/wp-json\/wp\/v2\/noticias\/42674","targetHints":{"allow":["GET"]}}],"collection":[{"href":"https:\/\/cineytele.com\/play\/wp-json\/wp\/v2\/noticias"}],"about":[{"href":"https:\/\/cineytele.com\/play\/wp-json\/wp\/v2\/types\/noticias"}],"author":[{"embeddable":true,"href":"https:\/\/cineytele.com\/play\/wp-json\/wp\/v2\/users\/28"}],"wp:featuredmedia":[{"embeddable":true,"href":"https:\/\/cineytele.com\/play\/wp-json\/wp\/v2\/media\/42675"}],"wp:attachment":[{"href":"https:\/\/cineytele.com\/play\/wp-json\/wp\/v2\/media?parent=42674"}],"wp:term":[{"taxonomy":"post_tag","embeddable":true,"href":"https:\/\/cineytele.com\/play\/wp-json\/wp\/v2\/tags?post=42674"},{"taxonomy":"categoria-de-noticias","embeddable":true,"href":"https:\/\/cineytele.com\/play\/wp-json\/wp\/v2\/categoria-de-noticias?post=42674"}],"curies":[{"name":"wp","href":"https:\/\/api.w.org\/{rel}","templated":true}]}}