{"id":42689,"date":"2026-03-03T20:13:42","date_gmt":"2026-03-03T19:13:42","guid":{"rendered":"https:\/\/cineytele.com\/play\/?post_type=noticias&#038;p=42689"},"modified":"2026-03-03T20:14:43","modified_gmt":"2026-03-03T19:14:43","slug":"arte-tv-estrena-kirk-douglas-el-indomable-un-retrato-de-una-leyenda-del-cine","status":"publish","type":"noticias","link":"https:\/\/cineytele.com\/play\/noticias\/arte-tv-estrena-kirk-douglas-el-indomable-un-retrato-de-una-leyenda-del-cine\/","title":{"rendered":"ARTE.tv estrena \u201cKirk Douglas, el indomable\u201d, un retrato de una leyenda del cine"},"content":{"rendered":"\n<h2 class=\"wp-block-heading\"><strong>ARTE.tv estrena el documental <em>Kirk Douglas, el indomable<\/em>, una obra que recorre la vida y la carrera de una de las \u00faltimas grandes figuras de la Edad de Oro de Hollywood. A trav\u00e9s de un retrato \u00edntimo y apasionante, la producci\u00f3n repasa cinco d\u00e9cadas de trayectoria cinematogr\u00e1fica y el legado de Kirk Douglas.<\/strong><\/h2>\n\n\n\n<figure class=\"wp-block-image size-large\"><img fetchpriority=\"high\" decoding=\"async\" width=\"1024\" height=\"576\" src=\"https:\/\/cineytele.com\/play\/wp-content\/uploads\/2026\/03\/image-9-1024x576.png\" alt=\"\" class=\"wp-image-42690\" srcset=\"https:\/\/cineytele.com\/play\/wp-content\/uploads\/2026\/03\/image-9-1024x576.png 1024w, https:\/\/cineytele.com\/play\/wp-content\/uploads\/2026\/03\/image-9-300x169.png 300w, https:\/\/cineytele.com\/play\/wp-content\/uploads\/2026\/03\/image-9-768x432.png 768w, https:\/\/cineytele.com\/play\/wp-content\/uploads\/2026\/03\/image-9-1536x864.png 1536w, https:\/\/cineytele.com\/play\/wp-content\/uploads\/2026\/03\/image-9.png 1920w\" sizes=\"(max-width: 1024px) 100vw, 1024px\" \/><figcaption class=\"wp-element-caption\">                                                     Kirk Douglas. El legado que atraviesa la historia <\/figcaption><\/figure>\n\n\n\n<p>   <\/p>\n\n\n\n<figure class=\"wp-block-image alignleft size-full is-resized\"><img decoding=\"async\" width=\"940\" height=\"530\" src=\"https:\/\/cineytele.com\/play\/wp-content\/uploads\/2026\/03\/image-10.png\" alt=\"\" class=\"wp-image-42691\" style=\"aspect-ratio:1.7735901344048774;width:364px;height:auto\" srcset=\"https:\/\/cineytele.com\/play\/wp-content\/uploads\/2026\/03\/image-10.png 940w, https:\/\/cineytele.com\/play\/wp-content\/uploads\/2026\/03\/image-10-300x169.png 300w, https:\/\/cineytele.com\/play\/wp-content\/uploads\/2026\/03\/image-10-768x433.png 768w\" sizes=\"(max-width: 940px) 100vw, 940px\" \/><figcaption class=\"wp-element-caption\">Kirk Douglas, fotograma del documental <\/figcaption><\/figure>\n\n\n\n<p>Nacido en 1916 bajo el nombre de <strong>Issur Danielovitch<\/strong>, en el seno de una familia que hab\u00eda huido del antisemitismo en Rusia, <strong>Kirk Douglas<\/strong> inici\u00f3 su carrera en la d\u00e9cada de 1940 y pronto se convirti\u00f3 en una de las grandes estrellas del cine estadounidense. Su talento destac\u00f3 especialmente en el g\u00e9nero western con pel\u00edculas como <strong><em>Retorno al pasado<\/em><\/strong>, junto a <strong>Robert Mitchum<\/strong>, y consolid\u00f3 su popularidad durante los a\u00f1os cincuenta con t\u00edtulos como <strong><em>El gran cielo<\/em><\/strong>, <strong><em>Sed de vida<\/em><\/strong> y <strong><em>Tiroteo en el O.K. Corral<\/em><\/strong>.<\/p>\n\n\n\n<p>El documental tambi\u00e9n pone el foco en su dimensi\u00f3n como actor de car\u00e1cter y en su compromiso con proyectos cinematogr\u00e1ficos de gran relevancia hist\u00f3rica. Entre ellos destacan <strong><em>Senderos de gloria<\/em><\/strong> y <strong><em>Espartaco<\/em><\/strong>, obras que reforzaron su influencia dentro de la industria y su papel como impulsor creativo en el cine de autor.<\/p>\n\n\n\n<p> <\/p>\n\n\n\n<figure class=\"wp-block-image alignright size-large is-resized\"><img decoding=\"async\" width=\"1024\" height=\"573\" src=\"https:\/\/cineytele.com\/play\/wp-content\/uploads\/2026\/03\/image-11-1024x573.png\" alt=\"\" class=\"wp-image-42692\" style=\"aspect-ratio:1.78802165182469;width:362px;height:auto\" srcset=\"https:\/\/cineytele.com\/play\/wp-content\/uploads\/2026\/03\/image-11-1024x573.png 1024w, https:\/\/cineytele.com\/play\/wp-content\/uploads\/2026\/03\/image-11-300x168.png 300w, https:\/\/cineytele.com\/play\/wp-content\/uploads\/2026\/03\/image-11-768x430.png 768w, https:\/\/cineytele.com\/play\/wp-content\/uploads\/2026\/03\/image-11.png 1248w\" sizes=\"(max-width: 1024px) 100vw, 1024px\" \/><figcaption class=\"wp-element-caption\">              Kirk Douglas, Icono del cine <\/figcaption><\/figure>\n\n\n\n<p>La producci\u00f3n construye su relato mediante entrevistas con familiares, admiradores, historiadores y cr\u00edticos cinematogr\u00e1ficos, incluyendo la participaci\u00f3n de su hijo, el actor <strong>Michael Douglas<\/strong>. A trav\u00e9s de estos testimonios, el documental ofrece una mirada humana y cercana a la figura de una estrella que marc\u00f3 el imaginario del siglo XX.<\/p>\n\n\n\n<p>Con <strong>Kirk Douglas, el indomable<\/strong>, <strong>ARTE.tv<\/strong> invita al p\u00fablico a redescubrir la trayectoria de una leyenda cuyo legado atraviesa la historia del cine estadounidense y permanece como uno de los s\u00edmbolos de la \u00e9poca dorada de Hollywood.<\/p>\n\n\n\n<p><\/p>\n","protected":false},"excerpt":{"rendered":"<p>ARTE.tv estrena el documental Kirk Douglas, el indomable, una obra que recorre la vida y la carrera de una de las \u00faltimas grandes figuras de la Edad de Oro de Hollywood. A trav\u00e9s de un retrato \u00edntimo y apasionante, la producci\u00f3n repasa cinco d\u00e9cadas de trayectoria cinematogr\u00e1fica y el legado de Kirk Douglas.<\/p>\n","protected":false},"author":28,"featured_media":42690,"template":"","tags":[5962,8143,8144],"categoria-de-noticias":[6652,21],"class_list":["post-42689","noticias","type-noticias","status-publish","has-post-thumbnail","hentry","tag-arte-tv","tag-kirk-douglas","tag-leyenda-del-cine","categoria-de-noticias-actualidad","categoria-de-noticias-television-y-plataformas"],"_links":{"self":[{"href":"https:\/\/cineytele.com\/play\/wp-json\/wp\/v2\/noticias\/42689","targetHints":{"allow":["GET"]}}],"collection":[{"href":"https:\/\/cineytele.com\/play\/wp-json\/wp\/v2\/noticias"}],"about":[{"href":"https:\/\/cineytele.com\/play\/wp-json\/wp\/v2\/types\/noticias"}],"author":[{"embeddable":true,"href":"https:\/\/cineytele.com\/play\/wp-json\/wp\/v2\/users\/28"}],"wp:featuredmedia":[{"embeddable":true,"href":"https:\/\/cineytele.com\/play\/wp-json\/wp\/v2\/media\/42690"}],"wp:attachment":[{"href":"https:\/\/cineytele.com\/play\/wp-json\/wp\/v2\/media?parent=42689"}],"wp:term":[{"taxonomy":"post_tag","embeddable":true,"href":"https:\/\/cineytele.com\/play\/wp-json\/wp\/v2\/tags?post=42689"},{"taxonomy":"categoria-de-noticias","embeddable":true,"href":"https:\/\/cineytele.com\/play\/wp-json\/wp\/v2\/categoria-de-noticias?post=42689"}],"curies":[{"name":"wp","href":"https:\/\/api.w.org\/{rel}","templated":true}]}}