{"id":42717,"date":"2026-03-09T18:02:30","date_gmt":"2026-03-09T17:02:30","guid":{"rendered":"https:\/\/cineytele.com\/play\/?post_type=noticias&#038;p=42717"},"modified":"2026-03-09T18:02:35","modified_gmt":"2026-03-09T17:02:35","slug":"camperdays-propone-viajar-a-las-fallas-en-camper-con-una-guia-de-planes-y-gastronomia","status":"publish","type":"noticias","link":"https:\/\/cineytele.com\/play\/noticias\/camperdays-propone-viajar-a-las-fallas-en-camper-con-una-guia-de-planes-y-gastronomia\/","title":{"rendered":"CamperDays propone viajar a las Fallas en camper con una gu\u00eda de planes y gastronom\u00eda"},"content":{"rendered":"\n<h2 class=\"wp-block-heading\">La plataforma de alquiler de autocaravanas presenta una ruta para disfrutar de la fiesta en Valencia combinando campings cercanos, gastronom\u00eda t\u00edpica y planes tur\u00edsticos.<\/h2>\n\n\n\n<figure class=\"wp-block-image aligncenter size-large is-resized\"><img fetchpriority=\"high\" decoding=\"async\" width=\"768\" height=\"1024\" src=\"https:\/\/cineytele.com\/play\/wp-content\/uploads\/2026\/03\/image-29-768x1024.png\" alt=\"\" class=\"wp-image-42718\" style=\"aspect-ratio:0.7500073242902763;width:399px;height:auto\" srcset=\"https:\/\/cineytele.com\/play\/wp-content\/uploads\/2026\/03\/image-29-768x1024.png 768w, https:\/\/cineytele.com\/play\/wp-content\/uploads\/2026\/03\/image-29-225x300.png 225w, https:\/\/cineytele.com\/play\/wp-content\/uploads\/2026\/03\/image-29-1152x1536.png 1152w, https:\/\/cineytele.com\/play\/wp-content\/uploads\/2026\/03\/image-29.png 1536w\" sizes=\"(max-width: 768px) 100vw, 768px\" \/><figcaption class=\"wp-element-caption\">Gatronom\u00eda y Camping en Barcelona <\/figcaption><\/figure>\n\n\n\n<p>La ciudad de Valencia vuelve a prepararse para celebrar Las Fallas de Valencia, una de las fiestas m\u00e1s emblem\u00e1ticas de Espa\u00f1a y declarada Patrimonio Cultural Inmaterial de la Humanidad. Hasta el 19 de marzo, miles de visitantes se acercar\u00e1n a la capital valenciana para contemplar sus monumentales fallas, disfrutar de las tradicionales masclet\u00e1s y vivir los espect\u00e1culos pirot\u00e9cnicos que convierten cada rinc\u00f3n de la ciudad en una aut\u00e9ntica fiesta.<\/p>\n\n\n\n<p>En la \u00faltima edici\u00f3n, m\u00e1s de un mill\u00f3n de personas acudieron a la celebraci\u00f3n y la ocupaci\u00f3n hotelera alcanz\u00f3 el 75%, seg\u00fan <strong>HOSBEC<\/strong>. Ante esta elevada demanda, la plataforma de alquiler de autocaravanas CamperDays propone una alternativa flexible: recoger una autocaravana en distintos puntos de Espa\u00f1a y viajar directamente a Valencia para vivir la fiesta con mayor libertad.<\/p>\n\n\n\n<h3 class=\"wp-block-heading\">Campings cercanos y bien conectados<\/h3>\n\n\n\n<p>  <\/p>\n\n\n\n<figure class=\"wp-block-image alignright size-full is-resized\"><img decoding=\"async\" width=\"518\" height=\"291\" src=\"https:\/\/cineytele.com\/play\/wp-content\/uploads\/2026\/03\/image-30.png\" alt=\"\" class=\"wp-image-42719\" style=\"aspect-ratio:1.780116519451231;width:439px;height:auto\" srcset=\"https:\/\/cineytele.com\/play\/wp-content\/uploads\/2026\/03\/image-30.png 518w, https:\/\/cineytele.com\/play\/wp-content\/uploads\/2026\/03\/image-30-300x169.png 300w\" sizes=\"(max-width: 518px) 100vw, 518px\" \/><figcaption class=\"wp-element-caption\">          CAMPERDAYS BARCELONA para disfrutar <\/figcaption><\/figure>\n\n\n\n<p>Entre las opciones de alojamiento, la plataforma recomienda varios campings bien conectados con el centro de la ciudad:<\/p>\n\n\n\n<ul class=\"wp-block-list\">\n<li><strong>Valencia Camper Park (B\u00e9tera)<\/strong>: situado a menos de 30 minutos en metro del centro, ofrece parcelas equipadas desde 13 euros al d\u00eda, con servicios como duchas de agua caliente, electricidad, bar-restaurante y lavander\u00eda.<\/li>\n\n\n\n<li><strong>Camping de Pu\u00e7ol<\/strong>: ubicado a 18 kil\u00f3metros de Valencia y junto a la playa, resulta ideal para familias gracias a sus actividades de animaci\u00f3n, zonas deportivas y acceso al Mediterr\u00e1neo.<\/li>\n\n\n\n<li><strong>Devesa Gardens (Albufera)<\/strong>: un entorno natural con 87 parcelas rodeadas de bosque que combina tranquilidad y proximidad a la ciudad, a unos 30 minutos en coche.<\/li>\n\n\n\n<li><strong>Nomadic Valencia<\/strong>: pensado como \u201ccamping dormitorio\u201d, se encuentra a 20 minutos en metro del centro y es una opci\u00f3n segura y econ\u00f3mica para quienes pasan la mayor parte del tiempo disfrutando de la fiesta.<\/li>\n<\/ul>\n\n\n\n<h3 class=\"wp-block-heading\">Sabores imprescindibles de las Fallas<\/h3>\n\n\n\n<p>Durante estas fechas, la gastronom\u00eda se convierte en otro de los grandes atractivos de la ciudad. Entre las especialidades m\u00e1s populares destacan:<\/p>\n\n\n\n<ul class=\"wp-block-list\">\n<li><strong>Bu\u00f1uelos de calabaza<\/strong>, crujientes por fuera y suaves por dentro, habituales en los puestos callejeros del centro y del barrio del <strong>Carmen<\/strong>.<\/li>\n\n\n\n<li><strong>Horchata con fartons<\/strong>, bebida tradicional elaborada con chufa que puede disfrutarse en horchater\u00edas hist\u00f3ricas como <strong>Horchater\u00eda Santa Catalina<\/strong>, especialmente en la zona de <strong>Ruzafa<\/strong>.<\/li>\n\n\n\n<li><strong>Paella valenciana<\/strong>, el plato m\u00e1s representativo de la regi\u00f3n, que puede degustarse en restaurantes como <strong>La Pepica<\/strong>, en la playa de <strong>la Malvarrosa<\/strong>, o <strong>Casa Roberto<\/strong>, en el centro.<\/li>\n\n\n\n<li><strong>Arroz al horno o a banda<\/strong>, otras especialidades t\u00edpicas que se pueden probar en <strong>Restaurante Navarro<\/strong> o <strong>El Rall<\/strong>.<\/li>\n\n\n\n<li><strong>Churros con chocolate<\/strong>, un cl\u00e1sico perfecto para desayunar antes de asistir a la <strong>Masclet\u00e0<\/strong>, disponible en lugares como <strong>Chocolater\u00eda Valor<\/strong> o cafeter\u00edas del <strong>Ensanche<\/strong>.<\/li>\n<\/ul>\n\n\n\n<h3 class=\"wp-block-heading\">  <\/h3>\n\n\n\n<figure class=\"wp-block-image alignleft size-large is-resized\"><img decoding=\"async\" width=\"1024\" height=\"683\" src=\"https:\/\/cineytele.com\/play\/wp-content\/uploads\/2026\/03\/image-31-1024x683.png\" alt=\"\" class=\"wp-image-42720\" style=\"aspect-ratio:1.5000146485805526;width:417px;height:auto\" srcset=\"https:\/\/cineytele.com\/play\/wp-content\/uploads\/2026\/03\/image-31-1024x683.png 1024w, https:\/\/cineytele.com\/play\/wp-content\/uploads\/2026\/03\/image-31-300x200.png 300w, https:\/\/cineytele.com\/play\/wp-content\/uploads\/2026\/03\/image-31-768x512.png 768w, https:\/\/cineytele.com\/play\/wp-content\/uploads\/2026\/03\/image-31.png 1248w\" sizes=\"(max-width: 1024px) 100vw, 1024px\" \/><figcaption class=\"wp-element-caption\">          Equipo de CamperDays <\/figcaption><\/figure>\n\n\n\n<p>Planes para completar la escapada<\/p>\n\n\n\n<p>M\u00e1s all\u00e1 de las fiestas, Valencia ofrece numerosas actividades para complementar la visita. Entre ellas destacan pasear en bicicleta por los <strong>Jardines del Turia<\/strong>, disfrutar de las playas de <strong>la Malvarrosa<\/strong> o descubrir parajes cercanos como <strong>la Albufera<\/strong>, <strong>Cullera<\/strong> o <strong>Sagunto<\/strong>.<\/p>\n\n\n\n<p>Esta combinaci\u00f3n de tradici\u00f3n, cultura, naturaleza y gastronom\u00eda convierte la visita a las Fallas en una experiencia completa. En este contexto, viajar en autocaravana permite organizar la estancia con mayor flexibilidad, evitar prisas y disfrutar de una forma c\u00f3moda y econ\u00f3mica de una de las celebraciones m\u00e1s espectaculares del pa\u00eds.<\/p>\n\n\n\n<p>Fundada en <strong>Alemania<\/strong> en 2013, CamperDays es uno de los principales operadores tur\u00edsticos de autocaravanas de Europa. La compa\u00f1\u00eda trabaja con m\u00e1s de <strong>150 socios<\/strong> en m\u00e1s de <strong>1.000 estaciones<\/strong> de alquiler repartidas por todo el mundo.<\/p>\n\n\n\n<p>La plataforma ofrece acceso a m\u00e1s de <strong>40.000 veh\u00edculos<\/strong> disponibles en <strong>35 pa\u00edses<\/strong>, incluyendo destinos como <strong>Espa\u00f1a<\/strong>, <strong>Europa<\/strong>, <strong>Australia<\/strong>, <strong>Estados Unidos<\/strong>, <strong>Canad\u00e1<\/strong> o <strong>Sud\u00e1frica<\/strong>. Los usuarios pueden comparar proveedores y completar el proceso de reserva en tres pasos, con alquileres desde <strong>80 euros al d\u00eda<\/strong>.<\/p>\n\n\n\n<p>Desde su lanzamiento, los clientes de CamperDays han reservado m\u00e1s de <strong>1.000.000 noches<\/strong> en veh\u00edculos alquilados a trav\u00e9s de su plataforma, que ofrece precios transparentes, seguro incluido y una amplia selecci\u00f3n de autocaravanas para todo tipo de viajeros. Para m\u00e1s informaci\u00f3n se puede consultar su p\u00e1gina web oficial.<\/p>\n","protected":false},"excerpt":{"rendered":"<p>La plataforma de alquiler de autocaravanas presenta una ruta para disfrutar de la fiesta en Valencia combinando campings cercanos, gastronom\u00eda t\u00edpica y planes tur\u00edsticos.<\/p>\n","protected":false},"author":28,"featured_media":42718,"template":"","tags":[7971,8154,4488,5832],"categoria-de-noticias":[6652,7083,7081],"class_list":["post-42717","noticias","type-noticias","status-publish","has-post-thumbnail","hentry","tag-camperdays","tag-fallas","tag-gastronomia","tag-planes","categoria-de-noticias-actualidad","categoria-de-noticias-cultura","categoria-de-noticias-ocio-eventos-entradas"],"_links":{"self":[{"href":"https:\/\/cineytele.com\/play\/wp-json\/wp\/v2\/noticias\/42717","targetHints":{"allow":["GET"]}}],"collection":[{"href":"https:\/\/cineytele.com\/play\/wp-json\/wp\/v2\/noticias"}],"about":[{"href":"https:\/\/cineytele.com\/play\/wp-json\/wp\/v2\/types\/noticias"}],"author":[{"embeddable":true,"href":"https:\/\/cineytele.com\/play\/wp-json\/wp\/v2\/users\/28"}],"wp:featuredmedia":[{"embeddable":true,"href":"https:\/\/cineytele.com\/play\/wp-json\/wp\/v2\/media\/42718"}],"wp:attachment":[{"href":"https:\/\/cineytele.com\/play\/wp-json\/wp\/v2\/media?parent=42717"}],"wp:term":[{"taxonomy":"post_tag","embeddable":true,"href":"https:\/\/cineytele.com\/play\/wp-json\/wp\/v2\/tags?post=42717"},{"taxonomy":"categoria-de-noticias","embeddable":true,"href":"https:\/\/cineytele.com\/play\/wp-json\/wp\/v2\/categoria-de-noticias?post=42717"}],"curies":[{"name":"wp","href":"https:\/\/api.w.org\/{rel}","templated":true}]}}