{"id":42752,"date":"2026-03-10T19:37:16","date_gmt":"2026-03-10T18:37:16","guid":{"rendered":"https:\/\/cineytele.com\/play\/?post_type=noticias&#038;p=42752"},"modified":"2026-03-10T19:43:33","modified_gmt":"2026-03-10T18:43:33","slug":"el-desencanto-pelicula-de-oro-del-29-festival-de-malaga-vuelve-a-la-pantalla-tras-50-anos","status":"publish","type":"noticias","link":"https:\/\/cineytele.com\/play\/noticias\/el-desencanto-pelicula-de-oro-del-29-festival-de-malaga-vuelve-a-la-pantalla-tras-50-anos\/","title":{"rendered":"\u2018El desencanto\u2019, Pel\u00edcula de Oro del 29 Festival de M\u00e1laga, vuelve a la pantalla tras 50 a\u00f1os"},"content":{"rendered":"\n<h2 class=\"wp-block-heading\">El <strong>29 Festival de M\u00e1laga<\/strong>, organizado por el <strong>Ayuntamiento de M\u00e1laga<\/strong> a trav\u00e9s de <strong>M\u00e1laga Procultura<\/strong>, rindi\u00f3 homenaje al cineasta <strong>Jaime Ch\u00e1varri<\/strong> con la proyecci\u00f3n de <em>El desencanto<\/em>, reconocida como Pel\u00edcula de Oro de esta edici\u00f3n, y la entrega de la Biznaga Honor\u00edfica. <\/h2>\n\n\n\n<figure class=\"wp-block-image size-large is-resized\"><img fetchpriority=\"high\" decoding=\"async\" width=\"1024\" height=\"683\" src=\"https:\/\/cineytele.com\/play\/wp-content\/uploads\/2026\/03\/image-55-1024x683.png\" alt=\"\" class=\"wp-image-42753\" style=\"aspect-ratio:1.5000146485805526;width:772px;height:auto\" srcset=\"https:\/\/cineytele.com\/play\/wp-content\/uploads\/2026\/03\/image-55-1024x683.png 1024w, https:\/\/cineytele.com\/play\/wp-content\/uploads\/2026\/03\/image-55-300x200.png 300w, https:\/\/cineytele.com\/play\/wp-content\/uploads\/2026\/03\/image-55-768x512.png 768w, https:\/\/cineytele.com\/play\/wp-content\/uploads\/2026\/03\/image-55.png 1200w\" sizes=\"(max-width: 1024px) 100vw, 1024px\" \/><figcaption class=\"wp-element-caption\">                             Se rindi\u00f3 Homenaje a Jaime Ch\u00e1varri con la proyecci\u00f3n de El desencanto <\/figcaption><\/figure>\n\n\n\n<p>   <\/p>\n\n\n\n<figure class=\"wp-block-image alignright size-large is-resized\"><img decoding=\"async\" width=\"1024\" height=\"575\" src=\"https:\/\/cineytele.com\/play\/wp-content\/uploads\/2026\/03\/image-56-1024x575.png\" alt=\"\" class=\"wp-image-42754\" style=\"aspect-ratio:1.7824194952132288;width:379px;height:auto\" srcset=\"https:\/\/cineytele.com\/play\/wp-content\/uploads\/2026\/03\/image-56-1024x575.png 1024w, https:\/\/cineytele.com\/play\/wp-content\/uploads\/2026\/03\/image-56-300x168.png 300w, https:\/\/cineytele.com\/play\/wp-content\/uploads\/2026\/03\/image-56-768x431.png 768w, https:\/\/cineytele.com\/play\/wp-content\/uploads\/2026\/03\/image-56-1536x862.png 1536w, https:\/\/cineytele.com\/play\/wp-content\/uploads\/2026\/03\/image-56.png 1540w\" sizes=\"(max-width: 1024px) 100vw, 1024px\" \/><figcaption class=\"wp-element-caption\">       Fotograma de la pel\u00edcula el Desencanto <\/figcaption><\/figure>\n\n\n\n<p>La proyecci\u00f3n y el coloquio pusieron en valor una obra que, medio siglo despu\u00e9s de su estreno en el <strong>Festival de San Sebasti\u00e1n<\/strong>, sigue interpelando al espectador con temas universales como las relaciones familiares, la salud mental, la militancia pol\u00edtica y los l\u00edmites del g\u00e9nero documental. La pel\u00edcula, germen del \u201ccine de lo real\u201d en los primeros a\u00f1os de la Transici\u00f3n, sufri\u00f3 la censura y la cr\u00edtica de medios conservadores, consolid\u00e1ndose como un hito del cine posfranquista.<\/p>\n\n\n\n<p>En su intervenci\u00f3n, <strong>Jaime Ch\u00e1varri<\/strong> record\u00f3 c\u00f3mo surgi\u00f3 la pel\u00edcula: \u201cHoy en d\u00eda no habr\u00eda hecho cine. Entonces acababa de terminar Derecho, rodaba pel\u00edculas con amigos y fue el productor <strong>Enrique Cerezo<\/strong> quien me ofreci\u00f3 este proyecto\u201d, afirm\u00f3. Por su parte, la actriz <strong>Ana Rujas<\/strong> calific\u00f3 <em>El desencanto<\/em> como \u201cinspiradora para cualquier creador y persona: te marca por el dolor familiar o por la clase social de cada uno\u201d.  <\/p>\n\n\n\n<p>   <\/p>\n\n\n\n<figure class=\"wp-block-image alignleft size-full is-resized\"><img decoding=\"async\" width=\"751\" height=\"483\" src=\"https:\/\/cineytele.com\/play\/wp-content\/uploads\/2026\/03\/image-57.png\" alt=\"\" class=\"wp-image-42755\" style=\"width:388px;height:auto\" srcset=\"https:\/\/cineytele.com\/play\/wp-content\/uploads\/2026\/03\/image-57.png 751w, https:\/\/cineytele.com\/play\/wp-content\/uploads\/2026\/03\/image-57-300x193.png 300w\" sizes=\"(max-width: 751px) 100vw, 751px\" \/><figcaption class=\"wp-element-caption\">Valeria Camporesi directora de Filmoteca Espa\u00f1ola <\/figcaption><\/figure>\n\n\n\n<p>Durante el acto, <strong>Valeria Camporesi<\/strong>, directora de la <strong>Filmoteca Espa\u00f1ola<\/strong>, destac\u00f3 que la obra es \u201cins\u00f3lita, sorprendente, espont\u00e1nea\u201d y subray\u00f3 su relevancia hist\u00f3rica como parte de la etapa final del franquismo, con un impacto que trasciende el cine espa\u00f1ol y le confiere importancia en la historia del cine mundial. <strong>Jos\u00e9 Luis Rebordinos<\/strong>, director del <strong>Festival de San Sebasti\u00e1n<\/strong>, se\u00f1al\u00f3 que \u201ces de justicia\u201d recuperar y proyectar <em>El desencanto<\/em> en M\u00e1laga.<\/p>\n\n\n\n<p>El libro <em>El desencanto. 50 a\u00f1os<\/em>, presentado ayer, analiza la creaci\u00f3n, el itinerario y las repercusiones de la pel\u00edcula e incluye una entrevista con <strong>Ch\u00e1varri<\/strong> sobre el contexto y los desaf\u00edos de su producci\u00f3n. <strong>Carlos F. Heredero<\/strong> calific\u00f3 la iniciativa de \u201caventura apasionante\u201d, mientras que <strong>Felipe Cabrerizo<\/strong> resalt\u00f3 la calidad cinematogr\u00e1fica de la obra: \u201cLo que m\u00e1s me ha sorprendido es la capacidad de Jaime, teniendo en cuenta el momento hist\u00f3rico en el que crea la pel\u00edcula\u201d.<\/p>\n\n\n\n<p>Durante el coloquio, participaron tambi\u00e9n la actriz <strong>Luc\u00eda Zamora<\/strong>, la escritora y cineasta <strong>Marta Medina<\/strong>, y el productor y presidente de <strong>EGEDA<\/strong>, <strong>Enrique Cerezo<\/strong>, quienes subrayaron la importancia de preservar y difundir este patrimonio f\u00edlmico espa\u00f1ol. <strong>Juan Antonio Vigar<\/strong>, director del Festival de M\u00e1laga, destac\u00f3 el esfuerzo conjunto por recuperar y poner en valor obras esenciales para la historia del cine nacional. <\/p>\n\n\n\n<figure class=\"wp-block-image alignright size-full is-resized\"><img loading=\"lazy\" decoding=\"async\" width=\"1024\" height=\"800\" src=\"https:\/\/cineytele.com\/play\/wp-content\/uploads\/2026\/03\/image-58.png\" alt=\"\" class=\"wp-image-42756\" style=\"width:318px;height:auto\" srcset=\"https:\/\/cineytele.com\/play\/wp-content\/uploads\/2026\/03\/image-58.png 1024w, https:\/\/cineytele.com\/play\/wp-content\/uploads\/2026\/03\/image-58-300x234.png 300w, https:\/\/cineytele.com\/play\/wp-content\/uploads\/2026\/03\/image-58-768x600.png 768w\" sizes=\"(max-width: 1024px) 100vw, 1024px\" \/><figcaption class=\"wp-element-caption\">Jaime Ch\u00e1varri Director de la pel\u00edcula el Desencanto <\/figcaption><\/figure>\n\n\n\n<p>Con esta proyecci\u00f3n y homenaje, el <strong>Festival de M\u00e1laga<\/strong> reafirma su compromiso con la memoria del cine espa\u00f1ol, recuperando cl\u00e1sicos que siguen siendo referencia art\u00edstica y cultural, y consolidando la figura de <strong>Jaime Ch\u00e1varri<\/strong> como uno de los directores m\u00e1s influyentes del posfranquismo y la Transici\u00f3<\/p>\n","protected":false},"excerpt":{"rendered":"<p>El 29 Festival de M\u00e1laga, organizado por el Ayuntamiento de M\u00e1laga a trav\u00e9s de M\u00e1laga Procultura, rindi\u00f3 homenaje al cineasta Jaime Ch\u00e1varri con la proyecci\u00f3n de El desencanto, reconocida como Pel\u00edcula de Oro de esta edici\u00f3n, y la entrega de la Biznaga Honor\u00edfica. <\/p>\n","protected":false},"author":28,"featured_media":42753,"template":"","tags":[8164,8163,8016],"categoria-de-noticias":[6652,20,7083],"class_list":["post-42752","noticias","type-noticias","status-publish","has-post-thumbnail","hentry","tag-50-anos","tag-pelicula-de-oro","tag-premio-malaga","categoria-de-noticias-actualidad","categoria-de-noticias-cine","categoria-de-noticias-cultura"],"_links":{"self":[{"href":"https:\/\/cineytele.com\/play\/wp-json\/wp\/v2\/noticias\/42752","targetHints":{"allow":["GET"]}}],"collection":[{"href":"https:\/\/cineytele.com\/play\/wp-json\/wp\/v2\/noticias"}],"about":[{"href":"https:\/\/cineytele.com\/play\/wp-json\/wp\/v2\/types\/noticias"}],"author":[{"embeddable":true,"href":"https:\/\/cineytele.com\/play\/wp-json\/wp\/v2\/users\/28"}],"wp:featuredmedia":[{"embeddable":true,"href":"https:\/\/cineytele.com\/play\/wp-json\/wp\/v2\/media\/42753"}],"wp:attachment":[{"href":"https:\/\/cineytele.com\/play\/wp-json\/wp\/v2\/media?parent=42752"}],"wp:term":[{"taxonomy":"post_tag","embeddable":true,"href":"https:\/\/cineytele.com\/play\/wp-json\/wp\/v2\/tags?post=42752"},{"taxonomy":"categoria-de-noticias","embeddable":true,"href":"https:\/\/cineytele.com\/play\/wp-json\/wp\/v2\/categoria-de-noticias?post=42752"}],"curies":[{"name":"wp","href":"https:\/\/api.w.org\/{rel}","templated":true}]}}