{"id":42797,"date":"2026-03-16T19:53:02","date_gmt":"2026-03-16T18:53:02","guid":{"rendered":"https:\/\/cineytele.com\/play\/?post_type=noticias&#038;p=42797"},"modified":"2026-03-16T19:54:05","modified_gmt":"2026-03-16T18:54:05","slug":"natalia-oreiro-conquista-malaga-y-recibe-la-biznaga-de-honor-en-el-teatro-cervantes","status":"publish","type":"noticias","link":"https:\/\/cineytele.com\/play\/noticias\/natalia-oreiro-conquista-malaga-y-recibe-la-biznaga-de-honor-en-el-teatro-cervantes\/","title":{"rendered":"Natalia Oreiro conquista M\u00e1laga y recibe la Biznaga de Honor en el Teatro Cervantes"},"content":{"rendered":"\n<h2 class=\"wp-block-heading\">La actriz uruguaya fue homenajeada en el 29 <strong>Festival de M\u00e1laga<\/strong> en una gala presentada por <strong>Elisa Zulueta<\/strong> y marcada por la emoci\u00f3n y el recuerdo a su trayectoria en cine, televisi\u00f3n y m\u00fasica.<\/h2>\n\n\n\n<figure class=\"wp-block-image aligncenter size-full\"><img fetchpriority=\"high\" decoding=\"async\" width=\"940\" height=\"500\" src=\"https:\/\/cineytele.com\/play\/wp-content\/uploads\/2026\/03\/image-76.png\" alt=\"\" class=\"wp-image-42798\" srcset=\"https:\/\/cineytele.com\/play\/wp-content\/uploads\/2026\/03\/image-76.png 940w, https:\/\/cineytele.com\/play\/wp-content\/uploads\/2026\/03\/image-76-300x160.png 300w, https:\/\/cineytele.com\/play\/wp-content\/uploads\/2026\/03\/image-76-768x409.png 768w\" sizes=\"(max-width: 940px) 100vw, 940px\" \/><figcaption class=\"wp-element-caption\">Natalia Oreiro recibe la Biznaga de honor <\/figcaption><\/figure>\n\n\n\n<p>El <strong>29 Festival de M\u00e1laga<\/strong> entreg\u00f3 el pasado 13 de marzo la <strong>Biznaga de Honor<\/strong> a <strong>Natalia Oreiro<\/strong> en una gala celebrada en el <strong>Teatro Cervantes<\/strong>, en reconocimiento a la amplia y vers\u00e1til trayectoria de una de las figuras m\u00e1s populares del audiovisual latinoamericano.<\/p>\n\n\n\n<p>   <\/p>\n\n\n\n<figure class=\"wp-block-image alignright size-large is-resized\"><img decoding=\"async\" width=\"863\" height=\"1024\" src=\"https:\/\/cineytele.com\/play\/wp-content\/uploads\/2026\/03\/image-77-863x1024.png\" alt=\"\" class=\"wp-image-42799\" style=\"aspect-ratio:0.8423130706588796;width:258px;height:auto\" srcset=\"https:\/\/cineytele.com\/play\/wp-content\/uploads\/2026\/03\/image-77-863x1024.png 863w, https:\/\/cineytele.com\/play\/wp-content\/uploads\/2026\/03\/image-77-253x300.png 253w, https:\/\/cineytele.com\/play\/wp-content\/uploads\/2026\/03\/image-77-768x912.png 768w, https:\/\/cineytele.com\/play\/wp-content\/uploads\/2026\/03\/image-77-1294x1536.png 1294w, https:\/\/cineytele.com\/play\/wp-content\/uploads\/2026\/03\/image-77-1725x2048.png 1725w, https:\/\/cineytele.com\/play\/wp-content\/uploads\/2026\/03\/image-77.png 1971w\" sizes=\"(max-width: 863px) 100vw, 863px\" \/><figcaption class=\"wp-element-caption\">Elisa Zulueta en el festival de M\u00e1laga <\/figcaption><\/figure>\n\n\n\n<p>La ceremonia estuvo presentada por la actriz <strong>Elisa Zulueta<\/strong>, quien destac\u00f3 la relevancia de la int\u00e9rprete como \u201cuna figura fundamental del cine y la televisi\u00f3n de Am\u00e9rica Latina, capaz de brillar durante d\u00e9cadas en todo tipo de papeles, g\u00e9neros y formatos\u201d.<\/p>\n\n\n\n<p>El acto comenz\u00f3 con la proyecci\u00f3n de un v\u00eddeo que repas\u00f3 la carrera de la homenajeada, desde sus primeros trabajos hasta sus proyectos m\u00e1s recientes. A lo largo de su trayectoria, <strong>Natalia Oreiro<\/strong> ha desarrollado una carrera que abarca cine, televisi\u00f3n y m\u00fasica, consolid\u00e1ndose como una figura destacada en el panorama cultural hispanohablante desde los a\u00f1os noventa.<\/p>\n\n\n\n<p>Uruguaya de nacimiento y argentina de adopci\u00f3n, la artista ha construido una carrera marcada por su versatilidad. Como actriz ha recibido tres premios <strong>C\u00f3ndor de Plata<\/strong>, mientras que como cantante ha vendido m\u00e1s de diez millones de discos, alcanzando una notable popularidad internacional en territorios como Europa del Este, Oriente Medio o Rusia.<\/p>\n\n\n\n<p>Adem\u00e1s de su faceta interpretativa y musical, <strong>Oreiro<\/strong> ha desarrollado proyectos como modelo, dise\u00f1adora y empresaria de moda, as\u00ed como presentadora de televisi\u00f3n, consolidando una carrera multidisciplinar que la ha convertido en una de las artistas m\u00e1s influyentes de su generaci\u00f3n.<\/p>\n\n\n\n<p>En el marco del <strong>Festival de M\u00e1laga<\/strong>, el p\u00fablico tambi\u00e9n ha podido disfrutar de uno de sus trabajos m\u00e1s recientes, <em>La mujer de la fila<\/em>, confirmando que la actriz contin\u00faa explorando nuevos retos creativos.<\/p>\n\n\n\n<p>  <\/p>\n\n\n\n<figure class=\"wp-block-image alignleft size-large is-resized\"><img decoding=\"async\" width=\"1024\" height=\"689\" src=\"https:\/\/cineytele.com\/play\/wp-content\/uploads\/2026\/03\/image-79-1024x689.png\" alt=\"\" class=\"wp-image-42801\" style=\"width:386px;height:auto\" srcset=\"https:\/\/cineytele.com\/play\/wp-content\/uploads\/2026\/03\/image-79-1024x689.png 1024w, https:\/\/cineytele.com\/play\/wp-content\/uploads\/2026\/03\/image-79-300x202.png 300w, https:\/\/cineytele.com\/play\/wp-content\/uploads\/2026\/03\/image-79-768x516.png 768w, https:\/\/cineytele.com\/play\/wp-content\/uploads\/2026\/03\/image-79.png 1200w\" sizes=\"(max-width: 1024px) 100vw, 1024px\" \/><figcaption class=\"wp-element-caption\">       Natalia Oreiro en el festival de M\u00e1laga <\/figcaption><\/figure>\n\n\n\n<p>Durante la gala, la directora <strong>Lorena Mu\u00f1oz<\/strong>, la directora de casting <strong>Mar\u00eda Laura Berch<\/strong> y el cineasta <strong>Benjam\u00edn \u00c1vila<\/strong> subieron al escenario para dedicar unas palabras a la homenajeada y recordar distintos momentos compartidos a lo largo de sus carreras.<\/p>\n\n\n\n<p><strong>Lorena Mu\u00f1oz<\/strong> resumi\u00f3 la trayectoria de la actriz con un emotivo repaso a algunos de sus personajes: \u201cNati, con tu interpretaci\u00f3n muchas vidas fueron posibles. Nos invitaste a tu primera boda, fuiste madre, estuviste loca, casi muerta y asfixiada. Te fuiste de campamento, pasaste la noche sin voz y fuiste la primera mujer de la fila. Te quiero\u201d.<\/p>\n\n\n\n<p>Por su parte, <strong>Mar\u00eda Laura Berch<\/strong> destac\u00f3 el compromiso y la sensibilidad de la int\u00e9rprete: \u201cTengo la enorme fortuna de acompa\u00f1ar a Natalia en sus procesos creativos y siempre me maravilla lo que vi en ella el primer d\u00eda de <em>Infancia clandestina<\/em>: un inmenso amor por su profesi\u00f3n, la sensibilidad y la honestidad con la que trabaja\u201d.<\/p>\n\n\n\n<p>   <\/p>\n\n\n\n<figure class=\"wp-block-image alignright size-full\"><img loading=\"lazy\" decoding=\"async\" width=\"293\" height=\"440\" src=\"https:\/\/cineytele.com\/play\/wp-content\/uploads\/2026\/03\/image-78.png\" alt=\"\" class=\"wp-image-42800\" srcset=\"https:\/\/cineytele.com\/play\/wp-content\/uploads\/2026\/03\/image-78.png 293w, https:\/\/cineytele.com\/play\/wp-content\/uploads\/2026\/03\/image-78-200x300.png 200w\" sizes=\"(max-width: 293px) 100vw, 293px\" \/><figcaption class=\"wp-element-caption\">Benjam\u00edn \u00c1vila en el festival de M\u00e1laga<\/figcaption><\/figure>\n\n\n\n<p>El director <strong>Benjam\u00edn \u00c1vila<\/strong> record\u00f3 tambi\u00e9n su primer encuentro profesional con la actriz: \u201cLa primera vez que nos sentamos a hablar fue en su casa. La vi leyendo el guion con una mirada muy profunda, no solo sobre el personaje, tambi\u00e9n sobre la historia. Me di cuenta de que estaba frente a una persona especial\u201d.<\/p>\n\n\n\n<p>Tras estas intervenciones, <strong>Elisa Zulueta<\/strong> dio paso al momento culminante de la noche. Entre los aplausos del p\u00fablico, <strong>Natalia Oreiro<\/strong> subi\u00f3 al escenario desde el patio de butacas del <strong>Teatro Cervantes<\/strong> para recoger la <strong>Biznaga de Honor<\/strong>, visiblemente emocionada.<\/p>\n\n\n\n<p>En su discurso de agradecimiento, la actriz comparti\u00f3 un recuerdo muy personal vinculado a la ciudad: \u201cAcabo de descubrir que quiz\u00e1 no quer\u00eda ser actriz, quer\u00eda que me quisieran\u201d, confes\u00f3 con humor antes de agradecer las palabras de quienes la acompa\u00f1aron en el escenario y a los directores y directoras con los que ha trabajado a lo largo de su carrera.<\/p>\n\n\n\n<p><strong>Oreiro<\/strong> record\u00f3 tambi\u00e9n un episodio de su infancia relacionado con <strong>M\u00e1laga<\/strong>: \u201cHace cuarenta a\u00f1os mi familia emigr\u00f3 desde Uruguay a M\u00e1laga en busca de un futuro mejor, repitiendo la historia que mis abuelos hab\u00edan hecho desde Galicia a Uruguay. Estos d\u00edas he ido a Miraflores de los \u00c1ngeles y me he reencontrado con la ni\u00f1a de seis a\u00f1os que fui. Lo que te pasa en la infancia te marca para siempre\u201d.<\/p>\n\n\n\n<p>La actriz quiso dedicar el reconocimiento a esa etapa de su vida: \u201cGracias al <strong>Festival de M\u00e1laga<\/strong> por este reconocimiento. Sepan que no le est\u00e1n dando este premio a la actriz que soy hoy, sino a la ni\u00f1a que fui\u201d.<\/p>\n\n\n\n<p>Con este galard\u00f3n, el <strong>Festival de M\u00e1laga<\/strong> celebra la trayectoria de una creadora que ha sabido conectar con millones de espectadores a lo largo de m\u00e1s de tres d\u00e9cadas de carrera y que contin\u00faa ampliando su universo art\u00edstico con nuevos proyectos en cine, televisi\u00f3n y m\u00fasica.<\/p>\n\n\n\n<p><\/p>\n","protected":false},"excerpt":{"rendered":"<p>La actriz uruguaya fue homenajeada en el 29 Festival de M\u00e1laga en una gala presentada por Elisa Zulueta y marcada por la emoci\u00f3n y el recuerdo a su trayectoria en cine, televisi\u00f3n y m\u00fasica.<\/p>\n","protected":false},"author":28,"featured_media":42798,"template":"","tags":[8172,4719,8171],"categoria-de-noticias":[6652,7083],"class_list":["post-42797","noticias","type-noticias","status-publish","has-post-thumbnail","hentry","tag-biznaga","tag-malaga","tag-natalia-oreiro","categoria-de-noticias-actualidad","categoria-de-noticias-cultura"],"_links":{"self":[{"href":"https:\/\/cineytele.com\/play\/wp-json\/wp\/v2\/noticias\/42797","targetHints":{"allow":["GET"]}}],"collection":[{"href":"https:\/\/cineytele.com\/play\/wp-json\/wp\/v2\/noticias"}],"about":[{"href":"https:\/\/cineytele.com\/play\/wp-json\/wp\/v2\/types\/noticias"}],"author":[{"embeddable":true,"href":"https:\/\/cineytele.com\/play\/wp-json\/wp\/v2\/users\/28"}],"wp:featuredmedia":[{"embeddable":true,"href":"https:\/\/cineytele.com\/play\/wp-json\/wp\/v2\/media\/42798"}],"wp:attachment":[{"href":"https:\/\/cineytele.com\/play\/wp-json\/wp\/v2\/media?parent=42797"}],"wp:term":[{"taxonomy":"post_tag","embeddable":true,"href":"https:\/\/cineytele.com\/play\/wp-json\/wp\/v2\/tags?post=42797"},{"taxonomy":"categoria-de-noticias","embeddable":true,"href":"https:\/\/cineytele.com\/play\/wp-json\/wp\/v2\/categoria-de-noticias?post=42797"}],"curies":[{"name":"wp","href":"https:\/\/api.w.org\/{rel}","templated":true}]}}