{"id":42835,"date":"2026-03-19T21:57:23","date_gmt":"2026-03-19T20:57:23","guid":{"rendered":"https:\/\/cineytele.com\/play\/?post_type=noticias&#038;p=42835"},"modified":"2026-03-19T22:00:14","modified_gmt":"2026-03-19T21:00:14","slug":"spider-man-brand-new-day-llega-a-los-cines-espanoles","status":"publish","type":"noticias","link":"https:\/\/cineytele.com\/play\/noticias\/spider-man-brand-new-day-llega-a-los-cines-espanoles\/","title":{"rendered":"Spider-Man: Brand New Day llega a los cines espa\u00f1oles"},"content":{"rendered":"\n<h2 class=\"wp-block-heading\">La nueva etapa de Peter Parker se estrena exclusivamente el 31 de julio; ya est\u00e1 disponible el tr\u00e1iler oficial.<\/h2>\n\n\n\n<figure class=\"wp-block-image aligncenter size-full is-resized\"><img fetchpriority=\"high\" decoding=\"async\" width=\"686\" height=\"386\" src=\"https:\/\/cineytele.com\/play\/wp-content\/uploads\/2026\/03\/image-100.png\" alt=\"\" class=\"wp-image-42836\" style=\"width:676px;height:auto\" srcset=\"https:\/\/cineytele.com\/play\/wp-content\/uploads\/2026\/03\/image-100.png 686w, https:\/\/cineytele.com\/play\/wp-content\/uploads\/2026\/03\/image-100-300x169.png 300w\" sizes=\"(max-width: 686px) 100vw, 686px\" \/><figcaption class=\"wp-element-caption\">Spider-Man <\/figcaption><\/figure>\n\n\n\n<p><strong>Spider-Man: Brand New Day<\/strong> inicia una fase completamente nueva en la vida de <strong>Peter Parker<\/strong> y su alter ego <strong>Spider-Man<\/strong>. Dirigida por <strong>Destin Daniel Cretton<\/strong> (<strong>Shang-Chi y la leyenda de los diez anillos<\/strong>, <strong>Las vidas de Grace<\/strong>), con guion de <strong>Chris McKenna<\/strong> y <strong>Erik Sommers<\/strong>, y basada en el c\u00f3mic de <strong>MARVEL<\/strong> creado por <strong>Stan Lee<\/strong> y <strong>Steve Ditko<\/strong>, la pel\u00edcula cuenta con un reparto estelar encabezado por <strong>Tom Holland<\/strong>, <strong>Zendaya<\/strong>, <strong>Sadie Sink<\/strong>, <strong>Jacob Batalon<\/strong>, <strong>Jon Bernthal<\/strong>, <strong>Tramell Tillman<\/strong>, <strong>Michael Mando<\/strong> y <strong>Mark Ruffalo<\/strong>, entre otros.<\/p>\n\n\n\n<p><strong>Sinopsis:<\/strong><br>  <\/p>\n\n\n\n<figure class=\"wp-block-image alignright size-full is-resized\"><img decoding=\"async\" width=\"640\" height=\"360\" src=\"https:\/\/cineytele.com\/play\/wp-content\/uploads\/2026\/03\/image-101.png\" alt=\"\" class=\"wp-image-42837\" style=\"width:346px;height:auto\" srcset=\"https:\/\/cineytele.com\/play\/wp-content\/uploads\/2026\/03\/image-101.png 640w, https:\/\/cineytele.com\/play\/wp-content\/uploads\/2026\/03\/image-101-300x169.png 300w\" sizes=\"(max-width: 640px) 100vw, 640px\" \/><figcaption class=\"wp-element-caption\">                   Fotograma del Trailer <\/figcaption><\/figure>\n\n\n\n<p>Tras el \u00e9xito global de <em>Spider-Man: No Way Home<\/em>, <strong>Spider-Man: Brand New Day<\/strong> muestra a un <strong>Peter Parker<\/strong> que ha cambiado completamente. Han pasado cuatro a\u00f1os desde los acontecimientos anteriores y Peter, ahora adulto, vive solo y ha desaparecido voluntariamente de la vida de sus seres queridos. Dedicado por completo a proteger <strong>Nueva York<\/strong>, enfrenta una ciudad que ya no reconoce su nombre. Sin embargo, la creciente presi\u00f3n sobre \u00e9l provoca una sorprendente evoluci\u00f3n f\u00edsica que pone en riesgo su existencia, mientras un nuevo patr\u00f3n de cr\u00edmenes introduce una de las amenazas m\u00e1s poderosas que ha enfrentado.<\/p>\n\n\n\n<p>El tr\u00e1iler oficial ya est\u00e1 disponible y la pel\u00edcula se estrena exclusivamente en cines espa\u00f1oles el <strong>31 de julio<\/strong>.<\/p>\n\n\n\n<figure class=\"wp-block-embed is-type-video is-provider-youtube wp-block-embed-youtube wp-embed-aspect-16-9 wp-has-aspect-ratio\"><div class=\"wp-block-embed__wrapper\">\n<iframe title=\"SPIDER-MAN: BRAND NEW DAY | Tr\u00e1iler oficial en espa\u00f1ol HD. 31 de julio en cines.\" width=\"800\" height=\"450\" src=\"https:\/\/www.youtube.com\/embed\/owfWVJoxXR4?feature=oembed\" frameborder=\"0\" allow=\"accelerometer; autoplay; clipboard-write; encrypted-media; gyroscope; picture-in-picture; web-share\" referrerpolicy=\"strict-origin-when-cross-origin\" allowfullscreen><\/iframe>\n<\/div><\/figure>\n","protected":false},"excerpt":{"rendered":"<p>La nueva etapa de Peter Parker se estrena exclusivamente el 31 de julio; ya est\u00e1 disponible el tr\u00e1iler oficial.<\/p>\n","protected":false},"author":28,"featured_media":42836,"template":"","tags":[184,180,363],"categoria-de-noticias":[6652,20],"class_list":["post-42835","noticias","type-noticias","status-publish","has-post-thumbnail","hentry","tag-sony","tag-spiderman","tag-trailer-2","categoria-de-noticias-actualidad","categoria-de-noticias-cine"],"_links":{"self":[{"href":"https:\/\/cineytele.com\/play\/wp-json\/wp\/v2\/noticias\/42835","targetHints":{"allow":["GET"]}}],"collection":[{"href":"https:\/\/cineytele.com\/play\/wp-json\/wp\/v2\/noticias"}],"about":[{"href":"https:\/\/cineytele.com\/play\/wp-json\/wp\/v2\/types\/noticias"}],"author":[{"embeddable":true,"href":"https:\/\/cineytele.com\/play\/wp-json\/wp\/v2\/users\/28"}],"wp:featuredmedia":[{"embeddable":true,"href":"https:\/\/cineytele.com\/play\/wp-json\/wp\/v2\/media\/42836"}],"wp:attachment":[{"href":"https:\/\/cineytele.com\/play\/wp-json\/wp\/v2\/media?parent=42835"}],"wp:term":[{"taxonomy":"post_tag","embeddable":true,"href":"https:\/\/cineytele.com\/play\/wp-json\/wp\/v2\/tags?post=42835"},{"taxonomy":"categoria-de-noticias","embeddable":true,"href":"https:\/\/cineytele.com\/play\/wp-json\/wp\/v2\/categoria-de-noticias?post=42835"}],"curies":[{"name":"wp","href":"https:\/\/api.w.org\/{rel}","templated":true}]}}