{"id":42913,"date":"2026-03-31T18:20:43","date_gmt":"2026-03-31T16:20:43","guid":{"rendered":"https:\/\/cineytele.com\/play\/?post_type=noticias&#038;p=42913"},"modified":"2026-03-31T18:44:41","modified_gmt":"2026-03-31T16:44:41","slug":"punto-de-vista-refuerza-su-programacion-musical","status":"publish","type":"noticias","link":"https:\/\/cineytele.com\/play\/noticias\/punto-de-vista-refuerza-su-programacion-musical\/","title":{"rendered":"Punto de Vista refuerza su programaci\u00f3n musical"},"content":{"rendered":"\n<h2 class=\"wp-block-heading\">El Festival Punto de Vista ampl\u00eda su programaci\u00f3n musical en su 20\u00aa edici\u00f3n con conciertos, sesiones de DJ y emisiones en directo de Radio 3 que acompa\u00f1ar\u00e1n la propuesta cinematogr\u00e1fica en distintos espacios de Pamplona del 20 al 25 de abril.<\/h2>\n\n\n\n<figure class=\"wp-block-image size-full\"><img fetchpriority=\"high\" decoding=\"async\" width=\"888\" height=\"592\" src=\"https:\/\/cineytele.com\/play\/wp-content\/uploads\/2026\/03\/image-141.png\" alt=\"\" class=\"wp-image-42914\" srcset=\"https:\/\/cineytele.com\/play\/wp-content\/uploads\/2026\/03\/image-141.png 888w, https:\/\/cineytele.com\/play\/wp-content\/uploads\/2026\/03\/image-141-300x200.png 300w, https:\/\/cineytele.com\/play\/wp-content\/uploads\/2026\/03\/image-141-768x512.png 768w\" sizes=\"(max-width: 888px) 100vw, 888px\" \/><figcaption class=\"wp-element-caption\">                                                              Punto de vista, apuesta fuerte <\/figcaption><\/figure>\n\n\n\n<p>El <strong>Festival Punto de Vista<\/strong> volver\u00e1 a apostar por el di\u00e1logo entre cine y m\u00fasica con una programaci\u00f3n paralela que incluir\u00e1 conciertos, sesiones de DJ y programas especiales de <strong>Radio 3<\/strong>, reforzando as\u00ed una de las se\u00f1as de identidad del certamen navarro. Las actividades musicales se desarrollar\u00e1n en diferentes espacios de <strong>Pamplona<\/strong> y muchas de ellas ser\u00e1n de acceso libre hasta completar aforo.<\/p>\n\n\n\n<p>La programaci\u00f3n arrancar\u00e1 el 15 de abril en <strong>Laba<\/strong> con la presentaci\u00f3n del festival y el concierto de <strong>Anavi<\/strong>, proyecto musical de Ana Villayandre que combina m\u00fasica contempor\u00e1nea con folklore ib\u00e9rico y navarro en un formato \u00edntimo a tr\u00edo.<\/p>\n\n\n\n<p>    <\/p>\n\n\n\n<figure class=\"wp-block-image alignright size-full is-resized\"><img decoding=\"async\" width=\"799\" height=\"533\" src=\"https:\/\/cineytele.com\/play\/wp-content\/uploads\/2026\/03\/image-142.png\" alt=\"\" class=\"wp-image-42915\" style=\"aspect-ratio:1.4991113954645625;width:516px;height:auto\" srcset=\"https:\/\/cineytele.com\/play\/wp-content\/uploads\/2026\/03\/image-142.png 799w, https:\/\/cineytele.com\/play\/wp-content\/uploads\/2026\/03\/image-142-300x200.png 300w, https:\/\/cineytele.com\/play\/wp-content\/uploads\/2026\/03\/image-142-768x512.png 768w\" sizes=\"(max-width: 799px) 100vw, 799px\" \/><figcaption class=\"wp-element-caption\">                                         Grupos Invitados<\/figcaption><\/figure>\n\n\n\n<p>Las Noches de Punto de Vista se celebrar\u00e1n principalmente en <strong>Txintxarri<\/strong> y <strong>Tar\u00e1ntula<\/strong>, donde se alternar\u00e1n conciertos y sesiones de DJ. El 21 de abril actuar\u00e1 la DJ <strong>Celia Carrera<\/strong>, mientras que el 22 ser\u00e1 el turno de <strong>Adrian Alegria<\/strong>, con una sesi\u00f3n centrada en el house y sonidos org\u00e1nicos con influencias del disco, funk, jazz y soul. El 23 de abril actuar\u00e1 la banda ucraniana <strong>Love\u2019n\u2019Joy<\/strong> en Txintxarri, y esa misma noche la programaci\u00f3n continuar\u00e1 con la sesi\u00f3n de <strong>Masquepop<\/strong> en la sala Tar\u00e1ntula. El 24 de abril llegar\u00e1n los conciertos de <strong>Bernal<\/strong> y <strong>Comic Sans<\/strong>, que presentar\u00e1n sus nuevos trabajos discogr\u00e1ficos.<\/p>\n\n\n\n<p>Por su parte, <strong>Radio 3<\/strong> volver\u00e1 a instalar en el festival su programa <em>Tres en la Carretera<\/em>, dirigido por <strong>Isabel Ruiz Lara<\/strong>, desde la Plaza de la Constituci\u00f3n (Baluarte), combinando entrevistas a cineastas con actuaciones musicales en directo. El 21 de abril actuar\u00e1 <strong>Hondora<\/strong>, proyecto formado por Elisa Bayona e Ibai Gallardo, y el 22 ser\u00e1 el turno de <strong>Annie Wonder<\/strong>, artista estadounidense que presentar\u00e1 su propuesta de electr\u00f3nica experimental y psicodelia sonora.<\/p>\n\n\n\n<p>Con esta programaci\u00f3n, el <strong>Festival Punto de Vista<\/strong> contin\u00faa consolid\u00e1ndose como un espacio de encuentro entre el cine documental y la m\u00fasica contempor\u00e1nea en su vig\u00e9simo aniversario.<\/p>\n\n\n\n<p><\/p>\n","protected":false},"excerpt":{"rendered":"<p>El Festival Punto de Vista ampl\u00eda su programaci\u00f3n musical en su 20\u00aa edici\u00f3n con conciertos, sesiones de DJ y emisiones en directo de Radio 3 que acompa\u00f1ar\u00e1n la propuesta cinematogr\u00e1fica en distintos espacios de Pamplona del 20 al 25 de abril.<\/p>\n","protected":false},"author":28,"featured_media":42914,"template":"","tags":[384,8049,8045],"categoria-de-noticias":[6652,7083,7148],"class_list":["post-42913","noticias","type-noticias","status-publish","has-post-thumbnail","hentry","tag-musica-2","tag-pamplona","tag-punto-de-vista","categoria-de-noticias-actualidad","categoria-de-noticias-cultura","categoria-de-noticias-musica"],"_links":{"self":[{"href":"https:\/\/cineytele.com\/play\/wp-json\/wp\/v2\/noticias\/42913","targetHints":{"allow":["GET"]}}],"collection":[{"href":"https:\/\/cineytele.com\/play\/wp-json\/wp\/v2\/noticias"}],"about":[{"href":"https:\/\/cineytele.com\/play\/wp-json\/wp\/v2\/types\/noticias"}],"author":[{"embeddable":true,"href":"https:\/\/cineytele.com\/play\/wp-json\/wp\/v2\/users\/28"}],"wp:featuredmedia":[{"embeddable":true,"href":"https:\/\/cineytele.com\/play\/wp-json\/wp\/v2\/media\/42914"}],"wp:attachment":[{"href":"https:\/\/cineytele.com\/play\/wp-json\/wp\/v2\/media?parent=42913"}],"wp:term":[{"taxonomy":"post_tag","embeddable":true,"href":"https:\/\/cineytele.com\/play\/wp-json\/wp\/v2\/tags?post=42913"},{"taxonomy":"categoria-de-noticias","embeddable":true,"href":"https:\/\/cineytele.com\/play\/wp-json\/wp\/v2\/categoria-de-noticias?post=42913"}],"curies":[{"name":"wp","href":"https:\/\/api.w.org\/{rel}","templated":true}]}}