{"id":42924,"date":"2026-04-03T20:02:04","date_gmt":"2026-04-03T18:02:04","guid":{"rendered":"https:\/\/cineytele.com\/play\/?post_type=noticias&#038;p=42924"},"modified":"2026-04-03T20:02:50","modified_gmt":"2026-04-03T18:02:50","slug":"el-festival-de-television-de-montecarlo-apuesta-por-el-lema-back-to-the-future-en-su-proxima-edicion","status":"publish","type":"noticias","link":"https:\/\/cineytele.com\/play\/noticias\/el-festival-de-television-de-montecarlo-apuesta-por-el-lema-back-to-the-future-en-su-proxima-edicion\/","title":{"rendered":"El Festival de Televisi\u00f3n de Montecarlo apuesta por el lema \u201cBack to the Future\u201d en su pr\u00f3xima edici\u00f3n"},"content":{"rendered":"\n<h2 class=\"wp-block-heading\">La 65\u00ba edici\u00f3n de El Festival de Televisi\u00f3n de Montecarlo se celebrar\u00e1 del 12 al 16 de junio bajo el lema \u00abBack to the Future\u00bb<\/h2>\n\n\n\n<figure class=\"wp-block-image aligncenter size-full\"><img fetchpriority=\"high\" decoding=\"async\" width=\"1024\" height=\"576\" src=\"https:\/\/cineytele.com\/play\/wp-content\/uploads\/2026\/04\/image.png\" alt=\"\" class=\"wp-image-42925\" srcset=\"https:\/\/cineytele.com\/play\/wp-content\/uploads\/2026\/04\/image.png 1024w, https:\/\/cineytele.com\/play\/wp-content\/uploads\/2026\/04\/image-300x169.png 300w, https:\/\/cineytele.com\/play\/wp-content\/uploads\/2026\/04\/image-768x432.png 768w\" sizes=\"(max-width: 1024px) 100vw, 1024px\" \/><figcaption class=\"wp-element-caption\">Grace Kelly y el Principe Rainiero lll con la Ninfa de Oro<\/figcaption><\/figure>\n\n\n\n<p>En 2026, el Festival de Televisi\u00f3n de Montecarlo celebra su\u00a0<strong>65\u00ba aniversario<\/strong>, consolid\u00e1ndose no solo como una cita hist\u00f3rica, sino como una instituci\u00f3n viva estrechamente ligada a la evoluci\u00f3n de la televisi\u00f3n a nivel mundial. Siendo\u00a0<strong>el primer festival de televisi\u00f3n del mundo<\/strong>, este evento naci\u00f3, casualmente en el mismo a\u00f1o que nuestra casa editorial  Cine&amp;Tele, anteriormente CINEINFORME, ambos en 1961.<\/p>\n\n\n\n<p>Creado por el Rainiero III, el Festival surgi\u00f3 con una ambici\u00f3n clara: impulsar el desarrollo de la televisi\u00f3n, elevar su valor cultural y promoverla como uno de los medios m\u00e1s poderosos para conectar a las personas y enriquecer las culturas. Muy pronto se consolid\u00f3 como un gran punto de encuentro internacional, reuniendo cada a\u00f1o en Montecarlo a directores, productores, guionistas y actores de todo el mundo.<\/p>\n\n\n\n<p>A lo largo de sus 65 a\u00f1os de historia, el Festival ha acompa\u00f1ado y reflejado las transformaciones sociales a trav\u00e9s de la televisi\u00f3n, actuando como observador y altavoz de una industria en constante evoluci\u00f3n. M\u00e1s que una celebraci\u00f3n de su trayectoria, esta edici\u00f3n pone en valor su continuidad, su visi\u00f3n y su capacidad para adaptarse a los cambios tecnol\u00f3gicos sin perder su esencia.<\/p>\n\n\n\n<p>Con motivo de esta edici\u00f3n, el certamen propone un recorrido por su historia d\u00e9cada a d\u00e9cada, comenzando por los a\u00f1os sesenta, el periodo en el que naci\u00f3 este evento global destinado a dejar una huella duradera en la historia televisiva.<\/p>\n\n\n\n<p>En sus inicios, cuando la televisi\u00f3n a\u00fan era un medio emergente, el Festival ya destacaba por su vocaci\u00f3n internacional. En su primera edici\u00f3n participaron obras procedentes de siete pa\u00edses, evaluadas por un jurado de gran prestigio que subray\u00f3 desde el principio el potencial art\u00edstico del medio, comparable al del cine. La innovaci\u00f3n tecnol\u00f3gica tambi\u00e9n estuvo presente desde el inicio, con avances en los sistemas de difusi\u00f3n que anticipaban el futuro de la televisi\u00f3n.<\/p>\n\n\n\n<p>El certamen cont\u00f3 desde sus primeras ediciones con figuras destacadas de la cultura y el audiovisual, como Marcel Pagnol, primer presidente del jurado, o Marcel Achard, quien ya en 1962 se\u00f1alaba el enorme potencial del medio televisivo.<\/p>\n\n\n\n<p>A medida que avanzaba la d\u00e9cada, el Festival se consolid\u00f3 como un espacio \u00fanico de intercambio creativo y tecnol\u00f3gico, reuniendo producciones de pa\u00edses de todo el mundo y superando barreras pol\u00edticas en plena Guerra Fr\u00eda. Adem\u00e1s, fue testigo de importantes avances, como las primeras demostraciones p\u00fablicas de televisi\u00f3n en color en Europa.<\/p>\n\n\n\n<p>Con el paso de los a\u00f1os, el Principado se convirti\u00f3 en escenario de un importante encuentro cultural y medi\u00e1tico, con la presencia de grandes figuras internacionales como Jane Fonda, Sophia Loren, Paul Newman o Roger Moore, entre muchos otros.<\/p>\n\n\n\n<p>Al finalizar la d\u00e9cada de los sesenta, el Festival ya era reconocido como un punto clave de la televisi\u00f3n global, favoreciendo la circulaci\u00f3n de ideas, talento e innovaci\u00f3n. En 1969 marc\u00f3 un hito al retransmitir por primera vez su ceremonia de premios a trav\u00e9s de Eurovision, ampliando su alcance internacional.<\/p>\n\n\n\n<p>El Festival de Televisi\u00f3n de Montecarlo se ha consolidado, desde sus primeros a\u00f1os, como un escaparate de excelencia televisiva y un espacio de encuentro entre culturas, reafirmando su papel como uno de los grandes referentes mundiales del sector audiovisual.<\/p>\n\n\n\n<p><\/p>\n","protected":false},"excerpt":{"rendered":"<p>La 65\u00ba edici\u00f3n de El Festival de Televisi\u00f3n de Montecarlo se celebrar\u00e1 del 12 al 16 de junio bajo el lema \u00abBack to the Future\u00bb<\/p>\n","protected":false},"author":28,"featured_media":42925,"template":"","tags":[],"categoria-de-noticias":[6652,20],"class_list":["post-42924","noticias","type-noticias","status-publish","has-post-thumbnail","hentry","categoria-de-noticias-actualidad","categoria-de-noticias-cine"],"_links":{"self":[{"href":"https:\/\/cineytele.com\/play\/wp-json\/wp\/v2\/noticias\/42924","targetHints":{"allow":["GET"]}}],"collection":[{"href":"https:\/\/cineytele.com\/play\/wp-json\/wp\/v2\/noticias"}],"about":[{"href":"https:\/\/cineytele.com\/play\/wp-json\/wp\/v2\/types\/noticias"}],"author":[{"embeddable":true,"href":"https:\/\/cineytele.com\/play\/wp-json\/wp\/v2\/users\/28"}],"wp:featuredmedia":[{"embeddable":true,"href":"https:\/\/cineytele.com\/play\/wp-json\/wp\/v2\/media\/42925"}],"wp:attachment":[{"href":"https:\/\/cineytele.com\/play\/wp-json\/wp\/v2\/media?parent=42924"}],"wp:term":[{"taxonomy":"post_tag","embeddable":true,"href":"https:\/\/cineytele.com\/play\/wp-json\/wp\/v2\/tags?post=42924"},{"taxonomy":"categoria-de-noticias","embeddable":true,"href":"https:\/\/cineytele.com\/play\/wp-json\/wp\/v2\/categoria-de-noticias?post=42924"}],"curies":[{"name":"wp","href":"https:\/\/api.w.org\/{rel}","templated":true}]}}