{"id":43110,"date":"2026-04-21T18:34:45","date_gmt":"2026-04-21T16:34:45","guid":{"rendered":"https:\/\/cineytele.com\/play\/?post_type=noticias&#038;p=43110"},"modified":"2026-04-21T19:21:04","modified_gmt":"2026-04-21T17:21:04","slug":"no-aptos-para-el-trabajo-la-nueva-comedia-de-mindy-kaling-llega-a-disney-el-2-de-junio","status":"publish","type":"noticias","link":"https:\/\/cineytele.com\/play\/noticias\/no-aptos-para-el-trabajo-la-nueva-comedia-de-mindy-kaling-llega-a-disney-el-2-de-junio\/","title":{"rendered":"\u2018No aptos para el trabajo\u2019, la nueva comedia de Mindy Kaling, llega a Disney+ el 2 de junio"},"content":{"rendered":"\n<h2 class=\"wp-block-heading\">La serie sigue a cinco veintea\u00f1eros en su lucha por el \u00e9xito profesional y la vida personal en el coraz\u00f3n de Manhattan<\/h2>\n\n\n\n<figure class=\"wp-block-image size-full is-resized\"><img fetchpriority=\"high\" decoding=\"async\" width=\"768\" height=\"432\" src=\"https:\/\/cineytele.com\/play\/wp-content\/uploads\/2026\/04\/image-98.png\" alt=\"\" class=\"wp-image-43111\" style=\"width:781px;height:auto\" srcset=\"https:\/\/cineytele.com\/play\/wp-content\/uploads\/2026\/04\/image-98.png 768w, https:\/\/cineytele.com\/play\/wp-content\/uploads\/2026\/04\/image-98-300x169.png 300w\" sizes=\"(max-width: 768px) 100vw, 768px\" \/><figcaption class=\"wp-element-caption\">                                                          Fotogramas de la serie \u00abno aptos para el trabajo\u00bb <\/figcaption><\/figure>\n\n\n\n<p>Disney+ estrenar\u00e1 el pr\u00f3ximo 2 de junio la serie <em>No aptos para el trabajo<\/em>, la nueva comedia creada por <strong>Mindy Kaling<\/strong>, una ficci\u00f3n que combina humor, ritmo urbano y retratos generacionales en el competitivo entorno de Nueva York.<\/p>\n\n\n\n<p>    <\/p>\n\n\n\n<figure class=\"wp-block-image alignleft size-large is-resized\"><img decoding=\"async\" width=\"1024\" height=\"576\" src=\"https:\/\/cineytele.com\/play\/wp-content\/uploads\/2026\/04\/image-99-1024x576.png\" alt=\"\" class=\"wp-image-43112\" style=\"width:344px;height:auto\" srcset=\"https:\/\/cineytele.com\/play\/wp-content\/uploads\/2026\/04\/image-99-1024x576.png 1024w, https:\/\/cineytele.com\/play\/wp-content\/uploads\/2026\/04\/image-99-300x169.png 300w, https:\/\/cineytele.com\/play\/wp-content\/uploads\/2026\/04\/image-99-768x432.png 768w, https:\/\/cineytele.com\/play\/wp-content\/uploads\/2026\/04\/image-99.png 1200w\" sizes=\"(max-width: 1024px) 100vw, 1024px\" \/><figcaption class=\"wp-element-caption\">comenzar\u00e1 con 3 episodios iniciales <\/figcaption><\/figure>\n\n\n\n<p>La serie se centra en cinco j\u00f3venes veintea\u00f1eros obsesionados con sus carreras profesionales que intentan alcanzar el \u00e9xito en el exclusivo barrio de Murray Hill, en Manhattan, mientras tratan de encontrar equilibrio entre su vida laboral y personal. Con un tono ligero y contempor\u00e1neo, la producci\u00f3n explora las presiones del trabajo, las relaciones personales y las expectativas de una generaci\u00f3n marcada por la ambici\u00f3n.<\/p>\n\n\n\n<p>El estreno arrancar\u00e1 con tres episodios iniciales, seguidos de una emisi\u00f3n semanal de dos cap\u00edtulos hasta el final de temporada previsto para el 23 de junio, siguiendo un modelo de lanzamiento escalonado.<\/p>\n\n\n\n<p>La ficci\u00f3n est\u00e1 creada por <strong>Mindy Kaling<\/strong>, quien tambi\u00e9n ejerce como productora ejecutiva junto a <strong>Charlie Grandy<\/strong> y <strong>Howard Klein<\/strong>, a trav\u00e9s de Kaling International en colaboraci\u00f3n con Warner Bros. Television.<\/p>\n\n\n\n<p>   <\/p>\n\n\n\n<figure class=\"wp-block-image alignright size-full is-resized\"><img decoding=\"async\" width=\"250\" height=\"150\" src=\"https:\/\/cineytele.com\/play\/wp-content\/uploads\/2026\/04\/image-100.png\" alt=\"\" class=\"wp-image-43113\" style=\"width:283px;height:auto\"\/><figcaption class=\"wp-element-caption\">      Nueva comedia contempor\u00e1nea <\/figcaption><\/figure>\n\n\n\n<p>El reparto est\u00e1 encabezado por <strong>Ella Hunt<\/strong>, <strong>Avantika<\/strong>, <strong>Will Angus<\/strong>, <strong>Jack Martin<\/strong>, <strong>Nicholas Duvernay<\/strong> y <strong>Jay Ellis<\/strong>, acompa\u00f1ados por apariciones especiales de actores como <strong>Victor Garber<\/strong>, <strong>Constance Wu<\/strong> o <strong>Ego Nwodim<\/strong>, entre otros.<\/p>\n\n\n\n<p>Con esta nueva producci\u00f3n, Disney+ refuerza su apuesta por la comedia contempor\u00e1nea, incorporando una serie que mezcla cr\u00edtica generacional, humor y una mirada actual sobre el mundo laboral joven en grandes ciudades como Nueva York.<\/p>\n\n\n\n<p><\/p>\n","protected":false},"excerpt":{"rendered":"<p>La serie sigue a cinco veintea\u00f1eros en su lucha por el \u00e9xito profesional y la vida personal en el coraz\u00f3n de Manhattan<\/p>\n","protected":false},"author":28,"featured_media":43111,"template":"","tags":[460,66,8251],"categoria-de-noticias":[],"class_list":["post-43110","noticias","type-noticias","status-publish","has-post-thumbnail","hentry","tag-disney-2","tag-estreno","tag-no-aptos-para-el-trabajo"],"_links":{"self":[{"href":"https:\/\/cineytele.com\/play\/wp-json\/wp\/v2\/noticias\/43110","targetHints":{"allow":["GET"]}}],"collection":[{"href":"https:\/\/cineytele.com\/play\/wp-json\/wp\/v2\/noticias"}],"about":[{"href":"https:\/\/cineytele.com\/play\/wp-json\/wp\/v2\/types\/noticias"}],"author":[{"embeddable":true,"href":"https:\/\/cineytele.com\/play\/wp-json\/wp\/v2\/users\/28"}],"wp:featuredmedia":[{"embeddable":true,"href":"https:\/\/cineytele.com\/play\/wp-json\/wp\/v2\/media\/43111"}],"wp:attachment":[{"href":"https:\/\/cineytele.com\/play\/wp-json\/wp\/v2\/media?parent=43110"}],"wp:term":[{"taxonomy":"post_tag","embeddable":true,"href":"https:\/\/cineytele.com\/play\/wp-json\/wp\/v2\/tags?post=43110"},{"taxonomy":"categoria-de-noticias","embeddable":true,"href":"https:\/\/cineytele.com\/play\/wp-json\/wp\/v2\/categoria-de-noticias?post=43110"}],"curies":[{"name":"wp","href":"https:\/\/api.w.org\/{rel}","templated":true}]}}