{"id":43136,"date":"2026-04-22T19:56:33","date_gmt":"2026-04-22T17:56:33","guid":{"rendered":"https:\/\/cineytele.com\/play\/?post_type=noticias&#038;p=43136"},"modified":"2026-04-22T19:56:49","modified_gmt":"2026-04-22T17:56:49","slug":"runtime-cine-y-series-estrena-tarara-la-otra-historia-por-el-40o-aniversario-de-chernobil","status":"publish","type":"noticias","link":"https:\/\/cineytele.com\/play\/noticias\/runtime-cine-y-series-estrena-tarara-la-otra-historia-por-el-40o-aniversario-de-chernobil\/","title":{"rendered":"Runtime Cine y Series estrena \u201cTarar\u00e1, la otra historia\u201d por el 40\u00ba aniversario de Chern\u00f3bil"},"content":{"rendered":"\n<h2 class=\"wp-block-heading\">El pr\u00f3ximo domingo 26 de abril, <strong>Runtime Cine y Series<\/strong> emite un especial documental que recupera una de las historias menos conocidas del desastre de <strong>Chern\u00f3bil<\/strong>: el programa m\u00e9dico internacional que traslad\u00f3 a miles de ni\u00f1os afectados por la radiaci\u00f3n a Cuba.<\/h2>\n\n\n\n<figure class=\"wp-block-image size-large\"><img fetchpriority=\"high\" decoding=\"async\" width=\"1024\" height=\"576\" src=\"https:\/\/cineytele.com\/play\/wp-content\/uploads\/2026\/04\/image-118-1024x576.png\" alt=\"\" class=\"wp-image-43137\" srcset=\"https:\/\/cineytele.com\/play\/wp-content\/uploads\/2026\/04\/image-118-1024x576.png 1024w, https:\/\/cineytele.com\/play\/wp-content\/uploads\/2026\/04\/image-118-300x169.png 300w, https:\/\/cineytele.com\/play\/wp-content\/uploads\/2026\/04\/image-118-768x432.png 768w, https:\/\/cineytele.com\/play\/wp-content\/uploads\/2026\/04\/image-118-1536x864.png 1536w, https:\/\/cineytele.com\/play\/wp-content\/uploads\/2026\/04\/image-118.png 1920w\" sizes=\"(max-width: 1024px) 100vw, 1024px\" \/><figcaption class=\"wp-element-caption\">                                 RUNTIME presenta Tarar\u00e1, la historia de Chernobil en Cuba <\/figcaption><\/figure>\n\n\n\n<p>Con motivo del 40 aniversario del accidente nuclear de <strong>Chern\u00f3bil<\/strong>, considerado la mayor cat\u00e1strofe medioambiental del siglo XX, <strong>Runtime Cine y Series<\/strong> emitir\u00e1 a las 22:00h el documental <strong>\u201cTarar\u00e1, la otra historia\u201d<\/strong>, dirigido por <strong>Ernesto Fontan<\/strong>. La pieza propone una mirada alternativa a las consecuencias del desastre, centrada en un programa humanitario desarrollado entre Ucrania y Cuba.<\/p>\n\n\n\n<p>   <\/p>\n\n\n\n<figure class=\"wp-block-image alignleft size-large is-resized\"><img decoding=\"async\" width=\"666\" height=\"1024\" src=\"https:\/\/cineytele.com\/play\/wp-content\/uploads\/2026\/04\/image-119-666x1024.png\" alt=\"\" class=\"wp-image-43138\" style=\"aspect-ratio:0.6501091980293565;width:190px;height:auto\" srcset=\"https:\/\/cineytele.com\/play\/wp-content\/uploads\/2026\/04\/image-119-666x1024.png 666w, https:\/\/cineytele.com\/play\/wp-content\/uploads\/2026\/04\/image-119-195x300.png 195w, https:\/\/cineytele.com\/play\/wp-content\/uploads\/2026\/04\/image-119-768x1181.png 768w, https:\/\/cineytele.com\/play\/wp-content\/uploads\/2026\/04\/image-119-999x1536.png 999w, https:\/\/cineytele.com\/play\/wp-content\/uploads\/2026\/04\/image-119-1331x2048.png 1331w, https:\/\/cineytele.com\/play\/wp-content\/uploads\/2026\/04\/image-119-scaled.png 1664w\" sizes=\"(max-width: 666px) 100vw, 666px\" \/><figcaption class=\"wp-element-caption\">Fotograma del documental<\/figcaption><\/figure>\n\n\n\n<p>   <\/p>\n\n\n\n<figure class=\"wp-block-image alignright size-large is-resized\"><img decoding=\"async\" width=\"1024\" height=\"671\" src=\"https:\/\/cineytele.com\/play\/wp-content\/uploads\/2026\/04\/image-120-1024x671.png\" alt=\"\" class=\"wp-image-43139\" style=\"aspect-ratio:1.5261578392408144;width:314px;height:auto\" srcset=\"https:\/\/cineytele.com\/play\/wp-content\/uploads\/2026\/04\/image-120-1024x671.png 1024w, https:\/\/cineytele.com\/play\/wp-content\/uploads\/2026\/04\/image-120-300x197.png 300w, https:\/\/cineytele.com\/play\/wp-content\/uploads\/2026\/04\/image-120-768x503.png 768w, https:\/\/cineytele.com\/play\/wp-content\/uploads\/2026\/04\/image-120-1536x1007.png 1536w, https:\/\/cineytele.com\/play\/wp-content\/uploads\/2026\/04\/image-120.png 2048w\" sizes=\"(max-width: 1024px) 100vw, 1024px\" \/><figcaption class=\"wp-element-caption\">Fotograma del documental(ni\u00f1os afectados por la radiaci\u00f3n)<\/figcaption><\/figure>\n\n\n\n<p>El documental reconstruye el traslado de m\u00e1s de 26.000 ni\u00f1os procedentes de <strong>Ucrania, Rusia y Bielorrusia<\/strong> hacia la localidad cubana de <strong>Tarar\u00e1<\/strong>, donde recibieron tratamiento m\u00e9dico y apoyo integral durante m\u00e1s de dos d\u00e9cadas. Esta iniciativa se llev\u00f3 a cabo en un contexto especialmente complejo para la isla, marcado por el inicio del llamado <strong>\u201cPer\u00edodo Especial\u201d<\/strong>, tras la ca\u00edda de la Uni\u00f3n Sovi\u00e9tica, que provoc\u00f3 una grave crisis econ\u00f3mica en Cuba.<\/p>\n\n\n\n<p>A trav\u00e9s de los testimonios de protagonistas como <strong>Alexandr<\/strong> y <strong>Vladimir<\/strong>, el documental reconstruye las experiencias personales de los menores afectados y el impacto de este programa sanitario \u00fanico, en el que participaron equipos m\u00e9dicos, traductores y personal de apoyo.<\/p>\n\n\n\n<p>  El director <strong>Ernesto Fontan<\/strong> explica que el proyecto naci\u00f3 de una investigaci\u00f3n sobre la solidaridad internacional vinculada a Cuba, lo que le llev\u00f3 a descubrir la historia de <strong>Tarar\u00e1<\/strong> y a documentar sus testimonios en la isla. El resultado es un relato que combina memoria hist\u00f3rica y vivencias personales para recuperar un episodio poco conocido.<\/p>\n\n\n\n<p>La emisi\u00f3n coincide con el aniversario del accidente ocurrido el <strong>26 de abril de 1986<\/strong> en la central nuclear Vlad\u00edmir Ilich Lenin, en la entonces Uni\u00f3n Sovi\u00e9tica, cuyos efectos se extendieron por gran parte de Europa y marcaron a generaciones enteras.<\/p>\n\n\n\n<p><\/p>\n","protected":false},"excerpt":{"rendered":"<p>El pr\u00f3ximo domingo 26 de abril, Runtime Cine y Series emite un especial documental que recupera una de las historias menos conocidas del desastre de Chern\u00f3bil: el programa m\u00e9dico internacional que traslad\u00f3 a miles de ni\u00f1os afectados por la radiaci\u00f3n a Cuba.<\/p>\n","protected":false},"author":28,"featured_media":43137,"template":"","tags":[387,8257,305,8256],"categoria-de-noticias":[],"class_list":["post-43136","noticias","type-noticias","status-publish","has-post-thumbnail","hentry","tag-aniversario","tag-chernobil","tag-runtime","tag-tarara"],"_links":{"self":[{"href":"https:\/\/cineytele.com\/play\/wp-json\/wp\/v2\/noticias\/43136","targetHints":{"allow":["GET"]}}],"collection":[{"href":"https:\/\/cineytele.com\/play\/wp-json\/wp\/v2\/noticias"}],"about":[{"href":"https:\/\/cineytele.com\/play\/wp-json\/wp\/v2\/types\/noticias"}],"author":[{"embeddable":true,"href":"https:\/\/cineytele.com\/play\/wp-json\/wp\/v2\/users\/28"}],"wp:featuredmedia":[{"embeddable":true,"href":"https:\/\/cineytele.com\/play\/wp-json\/wp\/v2\/media\/43137"}],"wp:attachment":[{"href":"https:\/\/cineytele.com\/play\/wp-json\/wp\/v2\/media?parent=43136"}],"wp:term":[{"taxonomy":"post_tag","embeddable":true,"href":"https:\/\/cineytele.com\/play\/wp-json\/wp\/v2\/tags?post=43136"},{"taxonomy":"categoria-de-noticias","embeddable":true,"href":"https:\/\/cineytele.com\/play\/wp-json\/wp\/v2\/categoria-de-noticias?post=43136"}],"curies":[{"name":"wp","href":"https:\/\/api.w.org\/{rel}","templated":true}]}}