{"id":43155,"date":"2026-04-24T17:46:49","date_gmt":"2026-04-24T15:46:49","guid":{"rendered":"https:\/\/cineytele.com\/play\/?post_type=noticias&#038;p=43155"},"modified":"2026-04-24T17:51:28","modified_gmt":"2026-04-24T15:51:28","slug":"estrenos-de-cine-fin-de-semana-del-24-al-26-de-abril-de-2026","status":"publish","type":"noticias","link":"https:\/\/cineytele.com\/play\/noticias\/estrenos-de-cine-fin-de-semana-del-24-al-26-de-abril-de-2026\/","title":{"rendered":"Estrenos de cine fin de semana del 24 al 26 de abril de 2026"},"content":{"rendered":"\n<h2 class=\"wp-block-heading\">La cartelera espa\u00f1ola se renueva este fin de semana con una amplia y variada selecci\u00f3n de estrenos que abarcan desde grandes producciones comerciales hasta cine de autor, pasando por el thriller, la animaci\u00f3n, el documental y propuestas internacionales. Conviven t\u00edtulos muy esperados con historias m\u00e1s \u00edntimas y arriesgadas, ofreciendo opciones para todo tipo de p\u00fablicos.<\/h2>\n\n\n\n<figure class=\"wp-block-image size-full\"><img fetchpriority=\"high\" decoding=\"async\" width=\"1024\" height=\"576\" src=\"https:\/\/cineytele.com\/play\/wp-content\/uploads\/2026\/04\/image-131.png\" alt=\"\" class=\"wp-image-43156\" srcset=\"https:\/\/cineytele.com\/play\/wp-content\/uploads\/2026\/04\/image-131.png 1024w, https:\/\/cineytele.com\/play\/wp-content\/uploads\/2026\/04\/image-131-300x169.png 300w, https:\/\/cineytele.com\/play\/wp-content\/uploads\/2026\/04\/image-131-768x432.png 768w\" sizes=\"(max-width: 1024px) 100vw, 1024px\" \/><\/figure>\n\n\n\n<h2 class=\"wp-block-heading\">El diablo viste de Prada 2<\/h2>\n\n\n\n<p>  <\/p>\n\n\n\n<figure class=\"wp-block-image alignleft size-full is-resized\"><img decoding=\"async\" width=\"310\" height=\"420\" src=\"https:\/\/cineytele.com\/play\/wp-content\/uploads\/2026\/04\/image-132.png\" alt=\"\" class=\"wp-image-43157\" style=\"aspect-ratio:0.7380984310044254;width:190px;height:auto\" srcset=\"https:\/\/cineytele.com\/play\/wp-content\/uploads\/2026\/04\/image-132.png 310w, https:\/\/cineytele.com\/play\/wp-content\/uploads\/2026\/04\/image-132-221x300.png 221w\" sizes=\"(max-width: 310px) 100vw, 310px\" \/><\/figure>\n\n\n\n<p><strong>Direcci\u00f3n<\/strong>: David Frankel<br><strong>G\u00e9nero<\/strong>: Comedia \/ Drama<br><strong>Pa\u00eds<\/strong>: Estados Unidos<\/p>\n\n\n\n<p><strong>Sinopsis<\/strong>:<br>Miranda Priestly vuelve al centro del poder editorial en un contexto muy distinto al que dominaba a\u00f1os atr\u00e1s. La crisis de los medios impresos y la transformaci\u00f3n digital ponen en jaque su legado, mientras se enfrenta a su antigua asistente Emily Charlton, ahora convertida en una ejecutiva influyente y rival directa. Entre estrategias empresariales, egos y decisiones personales, Miranda deber\u00e1 decidir hasta d\u00f3nde est\u00e1 dispuesta a llegar para mantenerse en la cima.<\/p>\n\n\n\n<p><\/p>\n\n\n\n<h2 class=\"wp-block-heading\">Kraken: El libro negro de las horas<\/h2>\n\n\n\n<figure class=\"wp-block-image alignleft size-full is-resized\"><img decoding=\"async\" width=\"310\" height=\"420\" src=\"https:\/\/cineytele.com\/play\/wp-content\/uploads\/2026\/04\/image-134.png\" alt=\"\" class=\"wp-image-43159\" style=\"aspect-ratio:0.7381275440976933;width:184px;height:auto\" srcset=\"https:\/\/cineytele.com\/play\/wp-content\/uploads\/2026\/04\/image-134.png 310w, https:\/\/cineytele.com\/play\/wp-content\/uploads\/2026\/04\/image-134-221x300.png 221w\" sizes=\"(max-width: 310px) 100vw, 310px\" \/><\/figure>\n\n\n\n<p><strong>Direcci\u00f3n<\/strong>: Manuel Sanabria<br><strong>G\u00e9nero<\/strong>: Suspense<br><strong>Pa\u00eds<\/strong>: Espa\u00f1a<\/p>\n\n\n\n<p><strong>Sinopsis<\/strong>: En Vitoria, el exinspector Unai \u201cKraken\u201d L\u00f3pez de Ayala recibe una inquietante llamada que lo obliga a encontrar el legendario Libro negro de las horas en solo una semana si quiere salvar a su madre. Acompa\u00f1ado por Esti, inicia una investigaci\u00f3n contrarreloj que lo llevar\u00e1 entre Vitoria y Madrid, enfrent\u00e1ndose a una red de bibli\u00f3filos obsesivos y peligrosos. Cada pista lo acerca a un secreto m\u00e1s oscuro de lo que imaginaba.<\/p>\n\n\n\n<p><\/p>\n\n\n\n<h2 class=\"wp-block-heading\">Despu\u00e9s de Kim<\/h2>\n\n\n\n<figure class=\"wp-block-image alignleft size-full is-resized\"><img loading=\"lazy\" decoding=\"async\" width=\"310\" height=\"420\" src=\"https:\/\/cineytele.com\/play\/wp-content\/uploads\/2026\/04\/image-135.png\" alt=\"\" class=\"wp-image-43160\" style=\"aspect-ratio:0.738111538258992;width:199px;height:auto\" srcset=\"https:\/\/cineytele.com\/play\/wp-content\/uploads\/2026\/04\/image-135.png 310w, https:\/\/cineytele.com\/play\/wp-content\/uploads\/2026\/04\/image-135-221x300.png 221w\" sizes=\"(max-width: 310px) 100vw, 310px\" \/><\/figure>\n\n\n\n<p><strong>Direcci\u00f3n<\/strong>: \u00c1ngeles Gonz\u00e1lez-Sinde<br><strong>G\u00e9nero<\/strong>: Drama<br><strong>Pa\u00eds<\/strong>: Espa\u00f1a<\/p>\n\n\n\n<p><strong>Sinopsis<\/strong>:<br>Juan y Gloria llevan d\u00e9cadas separados, marcados por una ruptura dolorosa. Tras la muerte de su hija, se reencuentran en Espa\u00f1a al descubrir que su nieto ha desaparecido. Obligados a colaborar, emprenden una b\u00fasqueda que no solo intenta resolver el misterio, sino tambi\u00e9n recomponer los lazos rotos, enfrent\u00e1ndose a culpas, recuerdos y emociones que cre\u00edan superadas.<\/p>\n\n\n\n<p><\/p>\n\n\n\n<h2 class=\"wp-block-heading\"><strong>David, una aventura gigante<\/strong><\/h2>\n\n\n\n<figure class=\"wp-block-image alignleft is-resized\"><a href=\"https:\/\/www.cineytele.com\/wp-content\/uploads\/2026\/04\/image-155.png\"><img decoding=\"async\" src=\"https:\/\/www.cineytele.com\/wp-content\/uploads\/2026\/04\/image-155.png\" alt=\"\" class=\"wp-image-223638\" style=\"aspect-ratio:0.7381035952464524;width:219px;height:auto\"\/><\/a><\/figure>\n\n\n\n<p><strong>Direcci\u00f3n<\/strong>: Brent Dawes, Phil Cunningham<br><strong>G\u00e9nero<\/strong>: Animaci\u00f3n \/ Familia \/ Biopic<br><strong>Pa\u00eds<\/strong>: Estados Unidos<\/p>\n\n\n\n<p><strong>Sinopsis<\/strong>:<br>La historia de un joven pastor que, impulsado por su valent\u00eda, se enfrenta a un gigante y cambia el destino de su pueblo. A lo largo de su viaje, descubre el valor de la fe, la confianza y la unidad, inspirando a toda una naci\u00f3n en una aventura que mezcla acci\u00f3n, emoci\u00f3n y aprendizaje.<\/p>\n\n\n\n<p><\/p>\n\n\n\n<p><\/p>\n\n\n\n<h2 class=\"wp-block-heading\"><strong>Zona 3<\/strong><\/h2>\n\n\n\n<figure class=\"wp-block-image alignleft is-resized\"><a href=\"https:\/\/www.cineytele.com\/wp-content\/uploads\/2026\/04\/image-156.png\"><img decoding=\"async\" src=\"https:\/\/www.cineytele.com\/wp-content\/uploads\/2026\/04\/image-156.png\" alt=\"\" class=\"wp-image-223639\" style=\"width:197px;height:auto\"\/><\/a><\/figure>\n\n\n\n<p><strong>Direcci\u00f3n<\/strong>: C\u00e9dric Jimenez<br><strong>G\u00e9nero<\/strong>: Ciencia ficci\u00f3n \/ Crimen \/ Suspense<br><strong>Pa\u00eds<\/strong>: Francia<\/p>\n\n\n\n<p><strong>Sinopsis<\/strong>:<br>En el Par\u00eds de 2045, una inteligencia artificial llamada Alma gobierna la ciudad y divide a la poblaci\u00f3n seg\u00fan su estatus social. Tras el asesinato de su creador, dos polic\u00edas de mundos opuestos se ven obligados a colaborar. La investigaci\u00f3n destapa tensiones sociales, secretos tecnol\u00f3gicos y dudas sobre un sistema que parec\u00eda perfecto.<\/p>\n\n\n\n<p><\/p>\n\n\n\n<p><\/p>\n\n\n\n<h2 class=\"wp-block-heading\"><strong>El sonido de la ca\u00edda<\/strong><\/h2>\n\n\n\n<figure class=\"wp-block-image alignleft is-resized\"><a href=\"https:\/\/www.cineytele.com\/wp-content\/uploads\/2026\/04\/image-157.png\"><img decoding=\"async\" src=\"https:\/\/www.cineytele.com\/wp-content\/uploads\/2026\/04\/image-157.png\" alt=\"\" class=\"wp-image-223640\" style=\"width:183px;height:auto\"\/><\/a><\/figure>\n\n\n\n<p><strong>Direcci\u00f3n<\/strong>: Mascha Schilinski<br><strong>G\u00e9nero<\/strong>: Drama<br><strong>Pa\u00eds<\/strong>: Alemania<\/p>\n\n\n\n<p><strong>Sinopsis<\/strong>:<br>A lo largo de un siglo, cuatro j\u00f3venes que habitan una misma granja alemana ven c\u00f3mo sus vidas se entrelazan de forma misteriosa. Sus historias, separadas en el tiempo pero unidas por emociones comunes, exploran el amor, la p\u00e9rdida y la b\u00fasqueda de identidad, desdibujando las fronteras entre pasado y presente.<\/p>\n\n\n\n<h2 class=\"wp-block-heading\"><strong>La plaga<\/strong><\/h2>\n\n\n\n<p> <\/p>\n\n\n\n<figure class=\"wp-block-image alignleft size-full is-resized\"><img loading=\"lazy\" decoding=\"async\" width=\"310\" height=\"420\" src=\"https:\/\/cineytele.com\/play\/wp-content\/uploads\/2026\/04\/image-136.png\" alt=\"\" class=\"wp-image-43161\" style=\"width:169px;height:auto\" srcset=\"https:\/\/cineytele.com\/play\/wp-content\/uploads\/2026\/04\/image-136.png 310w, https:\/\/cineytele.com\/play\/wp-content\/uploads\/2026\/04\/image-136-221x300.png 221w\" sizes=\"(max-width: 310px) 100vw, 310px\" \/><\/figure>\n\n\n\n<p><strong>Direcci\u00f3n<\/strong>: Charlie Polinger<br><strong>G\u00e9nero<\/strong>: Suspense<br><strong>Pa\u00eds<\/strong>: Estados Unidos<\/p>\n\n\n\n<p><strong>Sinopsis<\/strong>:<br>En un campamento de waterpolo, un ni\u00f1o con ansiedad social intenta encajar mientras presencia una inquietante tradici\u00f3n entre los j\u00f3venes: la humillaci\u00f3n de un compa\u00f1ero marginado. Lo que comienza como un juego cruel evoluciona hacia una situaci\u00f3n perturbadora que pone en duda los l\u00edmites entre la ficci\u00f3n, el miedo colectivo y una amenaza real.<\/p>\n\n\n\n<h2 class=\"wp-block-heading\"><strong>That Time I Got Reincarnated as a Slime: L\u00e1grimas del Mar Celeste<\/strong><\/h2>\n\n\n\n<p> <\/p>\n\n\n\n<figure class=\"wp-block-image alignleft size-full is-resized\"><img loading=\"lazy\" decoding=\"async\" width=\"310\" height=\"420\" src=\"https:\/\/cineytele.com\/play\/wp-content\/uploads\/2026\/04\/image-137.png\" alt=\"\" class=\"wp-image-43162\" style=\"aspect-ratio:0.7381035952464524;width:176px;height:auto\" srcset=\"https:\/\/cineytele.com\/play\/wp-content\/uploads\/2026\/04\/image-137.png 310w, https:\/\/cineytele.com\/play\/wp-content\/uploads\/2026\/04\/image-137-221x300.png 221w\" sizes=\"(max-width: 310px) 100vw, 310px\" \/><\/figure>\n\n\n\n<p><strong>Direcci\u00f3n<\/strong>: Yasuhito Kikuchi<br><strong>G\u00e9nero<\/strong>: Animaci\u00f3n \/ Aventura \/ Fantas\u00eda<br><strong>Pa\u00eds<\/strong>: Jap\u00f3n<\/p>\n\n\n\n<p><strong>Sinopsis<\/strong>:<br>Tras consolidar la Federaci\u00f3n de Jura Tempest, Rimuru y sus aliados aceptan una invitaci\u00f3n para disfrutar de unas vacaciones en una isla paradis\u00edaca. Sin embargo, la aparici\u00f3n de una misteriosa mujer y fuerzas desconocidas transforman el viaje en una nueva aventura llena de magia, peligros y revelaciones.<\/p>\n\n\n\n<h2 class=\"wp-block-heading\"><strong>Los justos<\/strong><\/h2>\n\n\n\n<p><\/p>\n\n\n\n<figure class=\"wp-block-image alignleft size-full is-resized\"><img loading=\"lazy\" decoding=\"async\" width=\"310\" height=\"420\" src=\"https:\/\/cineytele.com\/play\/wp-content\/uploads\/2026\/04\/image-138.png\" alt=\"\" class=\"wp-image-43163\" style=\"width:159px;height:auto\" srcset=\"https:\/\/cineytele.com\/play\/wp-content\/uploads\/2026\/04\/image-138.png 310w, https:\/\/cineytele.com\/play\/wp-content\/uploads\/2026\/04\/image-138-221x300.png 221w\" sizes=\"(max-width: 310px) 100vw, 310px\" \/><\/figure>\n\n\n\n<p><strong>Direcci\u00f3n<\/strong>: Jorge A. Lara, Fer P\u00e9rez<br><strong>G\u00e9nero<\/strong>: Drama<br><strong>Pa\u00eds<\/strong>: Espa\u00f1a<\/p>\n\n\n\n<p><strong>Sinopsis<\/strong>:<br>Nueve miembros de un jurado deben deliberar sobre un caso de corrupci\u00f3n aparentemente claro, pero una oferta inesperada un mill\u00f3n de euros a cambio de un veredicto de inocencia cambia las reglas del juego. A medida que intentan alcanzar la unanimidad, salen a la luz secretos personales, tensiones y dilemas morales.<\/p>\n\n\n\n<h2 class=\"wp-block-heading\"><strong>La isla de Amrum<\/strong><\/h2>\n\n\n\n<figure class=\"wp-block-image alignleft size-full is-resized\"><img loading=\"lazy\" decoding=\"async\" width=\"310\" height=\"420\" src=\"https:\/\/cineytele.com\/play\/wp-content\/uploads\/2026\/04\/image-139.png\" alt=\"\" class=\"wp-image-43164\" style=\"aspect-ratio:0.7381275440976933;width:171px;height:auto\" srcset=\"https:\/\/cineytele.com\/play\/wp-content\/uploads\/2026\/04\/image-139.png 310w, https:\/\/cineytele.com\/play\/wp-content\/uploads\/2026\/04\/image-139-221x300.png 221w\" sizes=\"(max-width: 310px) 100vw, 310px\" \/><\/figure>\n\n\n\n<p><strong>Direcci\u00f3n<\/strong>: Fatih Ak\u0131n<br><strong>G\u00e9nero<\/strong>: Drama \/ Guerra<br><strong>Pa\u00eds<\/strong>: Alemania<\/p>\n\n\n\n<p><strong>Sinopsis<\/strong>:<br>En los \u00faltimos d\u00edas de la Segunda Guerra Mundial, un ni\u00f1o de doce a\u00f1os vive en la isla de Amrum ayudando a su familia en medio de la incertidumbre. Con la llegada de la paz, deber\u00e1 enfrentarse a nuevas responsabilidades y a un mundo que cambia r\u00e1pidamente, marcando su paso hacia la madurez.<\/p>\n\n\n\n<h2 class=\"wp-block-heading\"><strong>Maracuda<\/strong><\/h2>\n\n\n\n<p>  <\/p>\n\n\n\n<figure class=\"wp-block-image alignleft size-full is-resized\"><img loading=\"lazy\" decoding=\"async\" width=\"310\" height=\"420\" src=\"https:\/\/cineytele.com\/play\/wp-content\/uploads\/2026\/04\/image-140.png\" alt=\"\" class=\"wp-image-43165\" style=\"width:175px;height:auto\" srcset=\"https:\/\/cineytele.com\/play\/wp-content\/uploads\/2026\/04\/image-140.png 310w, https:\/\/cineytele.com\/play\/wp-content\/uploads\/2026\/04\/image-140-221x300.png 221w\" sizes=\"(max-width: 310px) 100vw, 310px\" \/><\/figure>\n\n\n\n<p><strong>Direcci\u00f3n<\/strong>: Viktor Glukhushin<br><strong>G\u00e9nero<\/strong>: Animaci\u00f3n<br><strong>Pa\u00eds<\/strong>: Rusia<\/p>\n\n\n\n<p><strong>Sinopsis<\/strong>:<br>Maracuda, hijo de un l\u00edder tribal, se adentra en un bosque prehist\u00f3rico para demostrar su val\u00eda. All\u00ed conoce a Tink, un extra\u00f1o p\u00e1jaro con poderes m\u00e1gicos. Juntos vivir\u00e1n una aventura llena de peligros, criaturas sorprendentes y situaciones que pondr\u00e1n a prueba su valent\u00eda y sentido de la responsabilidad.<\/p>\n\n\n\n<h2 class=\"wp-block-heading\"><strong>\u00bfC\u00f3mo hemos llegado a esto?<\/strong><\/h2>\n\n\n\n<p> <\/p>\n\n\n\n<figure class=\"wp-block-image alignleft size-full is-resized\"><img loading=\"lazy\" decoding=\"async\" width=\"310\" height=\"420\" src=\"https:\/\/cineytele.com\/play\/wp-content\/uploads\/2026\/04\/image-141.png\" alt=\"\" class=\"wp-image-43166\" style=\"aspect-ratio:0.7381225613954556;width:196px;height:auto\" srcset=\"https:\/\/cineytele.com\/play\/wp-content\/uploads\/2026\/04\/image-141.png 310w, https:\/\/cineytele.com\/play\/wp-content\/uploads\/2026\/04\/image-141-221x300.png 221w\" sizes=\"(max-width: 310px) 100vw, 310px\" \/><\/figure>\n\n\n\n<p><strong>Direcci\u00f3n<\/strong>: Gorka M\u00ednguez<br><strong>G\u00e9nero<\/strong>: Comedia<br><strong>Pa\u00eds<\/strong>: Espa\u00f1a<\/p>\n\n\n\n<p><strong>Sinopsis<\/strong>:<br>Una historia coral sobre relaciones, amistad y amor contada desde distintos puntos de vista. Cada personaje se considera protagonista de su propia historia, pero la realidad cambia seg\u00fan qui\u00e9n la cuente, generando situaciones c\u00f3micas y reflexivas.<\/p>\n\n\n\n<h2 class=\"wp-block-heading\"><strong>Resurrection<\/strong><\/h2>\n\n\n\n<p> <\/p>\n\n\n\n<figure class=\"wp-block-image alignleft size-full is-resized\"><img loading=\"lazy\" decoding=\"async\" width=\"310\" height=\"420\" src=\"https:\/\/cineytele.com\/play\/wp-content\/uploads\/2026\/04\/image-142.png\" alt=\"\" class=\"wp-image-43167\" style=\"aspect-ratio:0.7381275440976933;width:190px;height:auto\" srcset=\"https:\/\/cineytele.com\/play\/wp-content\/uploads\/2026\/04\/image-142.png 310w, https:\/\/cineytele.com\/play\/wp-content\/uploads\/2026\/04\/image-142-221x300.png 221w\" sizes=\"(max-width: 310px) 100vw, 310px\" \/><\/figure>\n\n\n\n<p><strong>Direcci\u00f3n<\/strong>: Bi Gan<br><strong>G\u00e9nero<\/strong>: Ciencia ficci\u00f3n \/ Drama<br><strong>Pa\u00eds<\/strong>: China<\/p>\n\n\n\n<p><strong>Sinopsis<\/strong>:<br>En un futuro donde la humanidad ha perdido la capacidad de so\u00f1ar, una mujer descubre a un ser que a\u00fan puede hacerlo. Fascinada, se adentra en su mente en busca de respuestas, iniciando un viaje que mezcla recuerdos, emociones y realidades difusas que cuestionan la naturaleza misma de la existencia.<\/p>\n\n\n\n<h2 class=\"wp-block-heading\"><strong>Aisha no puede volar<\/strong><\/h2>\n\n\n\n<p>   <\/p>\n\n\n\n<figure class=\"wp-block-image alignleft size-full is-resized\"><img loading=\"lazy\" decoding=\"async\" width=\"310\" height=\"420\" src=\"https:\/\/cineytele.com\/play\/wp-content\/uploads\/2026\/04\/image-143.png\" alt=\"\" class=\"wp-image-43168\" style=\"width:172px;height:auto\" srcset=\"https:\/\/cineytele.com\/play\/wp-content\/uploads\/2026\/04\/image-143.png 310w, https:\/\/cineytele.com\/play\/wp-content\/uploads\/2026\/04\/image-143-221x300.png 221w\" sizes=\"(max-width: 310px) 100vw, 310px\" \/><\/figure>\n\n\n\n<p><strong>Direcci\u00f3n<\/strong>: Morad Mostafa<br><strong>G\u00e9nero<\/strong>: Drama<br><strong>Pa\u00eds<\/strong>: Egipto<\/p>\n\n\n\n<p><strong>Sinopsis<\/strong>:<br>A trav\u00e9s de la mirada de Aisha, una cuidadora somal\u00ed, se retrata el complejo entramado de la comunidad migrante africana en El Cairo. Las tensiones entre grupos, la precariedad y la b\u00fasqueda de identidad construyen un relato \u00edntimo y social.<\/p>\n\n\n\n<h2 class=\"wp-block-heading\"><strong>Esperanza viva<\/strong><\/h2>\n\n\n\n<p> <\/p>\n\n\n\n<figure class=\"wp-block-image alignleft size-full is-resized\"><img loading=\"lazy\" decoding=\"async\" width=\"310\" height=\"420\" src=\"https:\/\/cineytele.com\/play\/wp-content\/uploads\/2026\/04\/image-145.png\" alt=\"\" class=\"wp-image-43170\" style=\"width:192px;height:auto\" srcset=\"https:\/\/cineytele.com\/play\/wp-content\/uploads\/2026\/04\/image-145.png 310w, https:\/\/cineytele.com\/play\/wp-content\/uploads\/2026\/04\/image-145-221x300.png 221w\" sizes=\"(max-width: 310px) 100vw, 310px\" \/><\/figure>\n\n\n\n<p><strong>Direcci\u00f3n<\/strong>: Marcel Montealegre<br><strong>G\u00e9nero<\/strong>: Documental<br><strong>Pa\u00eds<\/strong>: Espa\u00f1a<\/p>\n\n\n\n<p><strong>Sinopsis<\/strong>:<br>Un conjunto de historias reales en Madrid muestra c\u00f3mo distintas personas afrontan situaciones dif\u00edciles desde la fe y la resiliencia. El documental explora la capacidad humana de encontrar sentido y esperanza incluso en los momentos m\u00e1s oscuros.<\/p>\n\n\n\n<h2 class=\"wp-block-heading\"><strong>La risa y la navaja<\/strong><\/h2>\n\n\n\n<p>   <\/p>\n\n\n\n<figure class=\"wp-block-image alignleft size-full is-resized\"><img loading=\"lazy\" decoding=\"async\" width=\"310\" height=\"420\" src=\"https:\/\/cineytele.com\/play\/wp-content\/uploads\/2026\/04\/image-146.png\" alt=\"\" class=\"wp-image-43171\" style=\"aspect-ratio:0.7381275440976933;width:178px;height:auto\" srcset=\"https:\/\/cineytele.com\/play\/wp-content\/uploads\/2026\/04\/image-146.png 310w, https:\/\/cineytele.com\/play\/wp-content\/uploads\/2026\/04\/image-146-221x300.png 221w\" sizes=\"(max-width: 310px) 100vw, 310px\" \/><\/figure>\n\n\n\n<p><strong>Direcci\u00f3n<\/strong>: Pedro Pinho<br><strong>G\u00e9nero<\/strong>: Aventura \/ Drama<br><strong>Pa\u00eds<\/strong>: Portugal<\/p>\n\n\n\n<p><strong>Sinopsis<\/strong>:<br>Sergio trabaja en la construcci\u00f3n de una carretera en \u00c1frica Occidental, donde entra en contacto con una cultura compleja y fascinante. La desaparici\u00f3n de un ingeniero que lo precedi\u00f3 despierta sospechas y transforma su experiencia en una b\u00fasqueda marcada por la incertidumbre.<\/p>\n\n\n\n<h2 class=\"wp-block-heading\"><strong>Todo lo que fuimos<\/strong><\/h2>\n\n\n\n<p> <\/p>\n\n\n\n<figure class=\"wp-block-image alignleft size-full is-resized\"><img loading=\"lazy\" decoding=\"async\" width=\"310\" height=\"420\" src=\"https:\/\/cineytele.com\/play\/wp-content\/uploads\/2026\/04\/image-148.png\" alt=\"\" class=\"wp-image-43173\" style=\"aspect-ratio:0.7380967721151988;width:190px;height:auto\" srcset=\"https:\/\/cineytele.com\/play\/wp-content\/uploads\/2026\/04\/image-148.png 310w, https:\/\/cineytele.com\/play\/wp-content\/uploads\/2026\/04\/image-148-221x300.png 221w\" sizes=\"(max-width: 310px) 100vw, 310px\" \/><\/figure>\n\n\n\n<p><strong>Direcci\u00f3n<\/strong>: Cherien Dabis<br><strong>G\u00e9nero<\/strong>: Drama<br><strong>Pa\u00eds<\/strong>: Palestina<\/p>\n\n\n\n<p><strong>Sinopsis<\/strong>:<br>Tras un conflicto en Cisjordania, un adolescente ve c\u00f3mo su vida y la de su familia cambian radicalmente. A trav\u00e9s del relato de su madre, se reconstruye la historia de tres generaciones marcadas por la pol\u00edtica, la memoria y la resistencia.<\/p>\n\n\n\n<h2 class=\"wp-block-heading\"><strong>Strangers: Cap\u00edtulo final<\/strong><\/h2>\n\n\n\n<p>  <\/p>\n\n\n\n<figure class=\"wp-block-image alignleft size-full is-resized\"><img loading=\"lazy\" decoding=\"async\" width=\"310\" height=\"420\" src=\"https:\/\/cineytele.com\/play\/wp-content\/uploads\/2026\/04\/image-147.png\" alt=\"\" class=\"wp-image-43172\" style=\"aspect-ratio:0.7381251708116972;width:179px;height:auto\" srcset=\"https:\/\/cineytele.com\/play\/wp-content\/uploads\/2026\/04\/image-147.png 310w, https:\/\/cineytele.com\/play\/wp-content\/uploads\/2026\/04\/image-147-221x300.png 221w\" sizes=\"(max-width: 310px) 100vw, 310px\" \/><\/figure>\n\n\n\n<p><strong>Direcci\u00f3n<\/strong>: Renny Harlin<br><strong>G\u00e9nero<\/strong>: Terror<br><strong>Pa\u00eds<\/strong>: Estados Unidos<\/p>\n\n\n\n<p><strong>Sinopsis<\/strong>:<br>Maya, tras sobrevivir a los ataques de los asesinos enmascarados, decide dejar de huir y enfrentarse a ellos en un \u00faltimo y violento enfrentamiento. La historia culmina en un cierre cargado de tensi\u00f3n, venganza y supervivencia.<\/p>\n\n\n\n<h2 class=\"wp-block-heading\"><strong>Power To The People: John &amp; Yoko Live In NYC<\/strong><\/h2>\n\n\n\n<p> <\/p>\n\n\n\n<figure class=\"wp-block-image alignleft size-full is-resized\"><img loading=\"lazy\" decoding=\"async\" width=\"310\" height=\"420\" src=\"https:\/\/cineytele.com\/play\/wp-content\/uploads\/2026\/04\/image-149.png\" alt=\"\" class=\"wp-image-43174\" style=\"aspect-ratio:0.7381032359198298;width:188px;height:auto\" srcset=\"https:\/\/cineytele.com\/play\/wp-content\/uploads\/2026\/04\/image-149.png 310w, https:\/\/cineytele.com\/play\/wp-content\/uploads\/2026\/04\/image-149-221x300.png 221w\" sizes=\"(max-width: 310px) 100vw, 310px\" \/><\/figure>\n\n\n\n<p><strong>Direcci\u00f3n<\/strong>: Simon Hilton<br><strong>G\u00e9nero<\/strong>: Concierto \/ Documental<br><strong>Pa\u00eds<\/strong>: Estados Unidos<\/p>\n\n\n\n<p><strong>Sinopsis<\/strong>:<br>El documental recupera los hist\u00f3ricos conciertos ben\u00e9ficos de 1972 en el Madison Square Garden protagonizados por John Lennon y Yoko Ono. Un evento que combin\u00f3 m\u00fasica y compromiso social en favor de causas solidarias.<\/p>\n\n\n\n<h2 class=\"wp-block-heading\"><strong>As\u00ed lleg\u00f3 la noche<\/strong><\/h2>\n\n\n\n<p>  <\/p>\n\n\n\n<figure class=\"wp-block-image alignleft size-full is-resized\"><img loading=\"lazy\" decoding=\"async\" width=\"310\" height=\"420\" src=\"https:\/\/cineytele.com\/play\/wp-content\/uploads\/2026\/04\/image-150.png\" alt=\"\" class=\"wp-image-43175\" style=\"width:164px;height:auto\" srcset=\"https:\/\/cineytele.com\/play\/wp-content\/uploads\/2026\/04\/image-150.png 310w, https:\/\/cineytele.com\/play\/wp-content\/uploads\/2026\/04\/image-150-221x300.png 221w\" sizes=\"(max-width: 310px) 100vw, 310px\" \/><\/figure>\n\n\n\n<p><strong>Direcci\u00f3n<\/strong>: \u00c1ngel Santos<br><strong>G\u00e9nero<\/strong>: Drama<br><strong>Pa\u00eds<\/strong>: Espa\u00f1a<\/p>\n\n\n\n<p><strong>Sinopsis<\/strong>:<br>Un escultor decide aislarse en un taller en la costa gallega, alej\u00e1ndose de todo y de todos. La inesperada llegada de una antigua amante reabre heridas y lo obliga a replantearse su vida, su soledad y la posibilidad de cambiar.<\/p>\n\n\n\n<h2 class=\"wp-block-heading\"><strong>Qui\u00e9n vio los templos caer<\/strong><\/h2>\n\n\n\n<p>  <\/p>\n\n\n\n<figure class=\"wp-block-image alignleft size-full is-resized\"><img loading=\"lazy\" decoding=\"async\" width=\"310\" height=\"420\" src=\"https:\/\/cineytele.com\/play\/wp-content\/uploads\/2026\/04\/image-151.png\" alt=\"\" class=\"wp-image-43176\" style=\"width:210px;height:auto\" srcset=\"https:\/\/cineytele.com\/play\/wp-content\/uploads\/2026\/04\/image-151.png 310w, https:\/\/cineytele.com\/play\/wp-content\/uploads\/2026\/04\/image-151-221x300.png 221w\" sizes=\"(max-width: 310px) 100vw, 310px\" \/><\/figure>\n\n\n\n<p><strong>Direcci\u00f3n<\/strong>: Luc\u00eda Selva<br><strong>G\u00e9nero<\/strong>: Documental<br><strong>Pa\u00eds<\/strong>: Espa\u00f1a<\/p>\n\n\n\n<p><strong>Sinopsis<\/strong>:<br>Chorrojumo, figura ligada al pasado de Granada, deambula por la ciudad hasta conocer a Anas, un joven en busca de sus ra\u00edces moriscas. Juntos recorren una ciudad en transformaci\u00f3n, reconstruyendo la memoria hist\u00f3rica a trav\u00e9s de sus calles y ruinas.<\/p>\n\n\n\n<p><\/p>\n","protected":false},"excerpt":{"rendered":"<p>La cartelera espa\u00f1ola se renueva este fin de semana con una amplia y variada selecci\u00f3n de estrenos que abarcan desde grandes producciones comerciales hasta cine de autor, pasando por el thriller, la animaci\u00f3n, el documental y propuestas internacionales. Conviven t\u00edtulos muy esperados con historias m\u00e1s \u00edntimas y arriesgadas, ofreciendo opciones para todo tipo de p\u00fablicos.<\/p>\n","protected":false},"author":28,"featured_media":43156,"template":"","tags":[209,567,8264],"categoria-de-noticias":[],"class_list":["post-43155","noticias","type-noticias","status-publish","has-post-thumbnail","hentry","tag-cine","tag-estrenos","tag-semanales"],"_links":{"self":[{"href":"https:\/\/cineytele.com\/play\/wp-json\/wp\/v2\/noticias\/43155","targetHints":{"allow":["GET"]}}],"collection":[{"href":"https:\/\/cineytele.com\/play\/wp-json\/wp\/v2\/noticias"}],"about":[{"href":"https:\/\/cineytele.com\/play\/wp-json\/wp\/v2\/types\/noticias"}],"author":[{"embeddable":true,"href":"https:\/\/cineytele.com\/play\/wp-json\/wp\/v2\/users\/28"}],"wp:featuredmedia":[{"embeddable":true,"href":"https:\/\/cineytele.com\/play\/wp-json\/wp\/v2\/media\/43156"}],"wp:attachment":[{"href":"https:\/\/cineytele.com\/play\/wp-json\/wp\/v2\/media?parent=43155"}],"wp:term":[{"taxonomy":"post_tag","embeddable":true,"href":"https:\/\/cineytele.com\/play\/wp-json\/wp\/v2\/tags?post=43155"},{"taxonomy":"categoria-de-noticias","embeddable":true,"href":"https:\/\/cineytele.com\/play\/wp-json\/wp\/v2\/categoria-de-noticias?post=43155"}],"curies":[{"name":"wp","href":"https:\/\/api.w.org\/{rel}","templated":true}]}}