{"id":43177,"date":"2026-04-24T17:54:47","date_gmt":"2026-04-24T15:54:47","guid":{"rendered":"https:\/\/cineytele.com\/play\/?post_type=noticias&#038;p=43177"},"modified":"2026-04-24T18:27:20","modified_gmt":"2026-04-24T16:27:20","slug":"rafa-nadal-llega-a-netflix-con-su-docuserie-mas-intima","status":"publish","type":"noticias","link":"https:\/\/cineytele.com\/play\/noticias\/rafa-nadal-llega-a-netflix-con-su-docuserie-mas-intima\/","title":{"rendered":"Rafa Nadal llega a Netflix con su docuserie m\u00e1s \u00edntima"},"content":{"rendered":"\n<h2 class=\"wp-block-heading\">Netflix estrenar\u00e1 el pr\u00f3ximo 29 de mayo <em>Rafa<\/em>, una docuserie centrada en la figura de Rafael Nadal que mostrar\u00e1, por primera vez, su lado m\u00e1s personal dentro y fuera de las pistas.<\/h2>\n\n\n\n<figure class=\"wp-block-image aligncenter size-large is-resized\"><img fetchpriority=\"high\" decoding=\"async\" width=\"1024\" height=\"578\" src=\"https:\/\/cineytele.com\/play\/wp-content\/uploads\/2026\/04\/image-152-1024x578.png\" alt=\"\" class=\"wp-image-43178\" style=\"aspect-ratio:1.7725463043101957;width:580px;height:auto\" srcset=\"https:\/\/cineytele.com\/play\/wp-content\/uploads\/2026\/04\/image-152-1024x578.png 1024w, https:\/\/cineytele.com\/play\/wp-content\/uploads\/2026\/04\/image-152-300x169.png 300w, https:\/\/cineytele.com\/play\/wp-content\/uploads\/2026\/04\/image-152-768x433.png 768w, https:\/\/cineytele.com\/play\/wp-content\/uploads\/2026\/04\/image-152.png 1200w\" sizes=\"(max-width: 1024px) 100vw, 1024px\" \/><figcaption class=\"wp-element-caption\">Rafa Nadal y su Docuserie<\/figcaption><\/figure>\n\n\n\n<p>A lo largo de cuatro episodios, la producci\u00f3n ofrece acceso exclusivo a su entorno durante su \u00faltimo a\u00f1o en el circuito ATP en 2024.<\/p>\n\n\n\n<p>    <\/p>\n\n\n\n<figure class=\"wp-block-image alignleft size-large is-resized\"><img decoding=\"async\" width=\"1024\" height=\"511\" src=\"https:\/\/cineytele.com\/play\/wp-content\/uploads\/2026\/04\/image-153-1024x511.png\" alt=\"\" class=\"wp-image-43179\" style=\"aspect-ratio:2.003365027194115;width:380px;height:auto\" srcset=\"https:\/\/cineytele.com\/play\/wp-content\/uploads\/2026\/04\/image-153-1024x511.png 1024w, https:\/\/cineytele.com\/play\/wp-content\/uploads\/2026\/04\/image-153-300x150.png 300w, https:\/\/cineytele.com\/play\/wp-content\/uploads\/2026\/04\/image-153-768x383.png 768w, https:\/\/cineytele.com\/play\/wp-content\/uploads\/2026\/04\/image-153.png 1200w\" sizes=\"(max-width: 1024px) 100vw, 1024px\" \/><figcaption class=\"wp-element-caption\">Se profundizar\u00e1 sobre su vida <\/figcaption><\/figure>\n\n\n\n<p>La serie combina im\u00e1genes in\u00e9ditas de archivo con testimonios de personas clave en la vida del tenista, construyendo un retrato \u00edntimo que va m\u00e1s all\u00e1 de sus logros deportivos. Desde sus inicios con apenas tres a\u00f1os hasta su regreso a la competici\u00f3n, <em>Rafa<\/em> explora tanto la evoluci\u00f3n de su carrera como el desgaste f\u00edsico y emocional que ha marcado su trayectoria.<\/p>\n\n\n\n<p>La docuserie cuenta adem\u00e1s con la participaci\u00f3n de grandes figuras del tenis como Roger Federer, Novak Djokovic y John McEnroe, as\u00ed como miembros de su equipo, familia y c\u00edrculo cercano, ofreciendo una visi\u00f3n completa del impacto de Nadal dentro y fuera del deporte.<\/p>\n\n\n\n<p>El proyecto est\u00e1 dirigido por <strong>Zach Heinzerling<\/strong>, ganador del Emmy y nominado al Oscar, y cuenta con la producci\u00f3n de <strong>David Ellison<\/strong>, <strong>Jesse Sisgold<\/strong>, <strong>Jason Reed<\/strong> y <strong>Jon Weinbach<\/strong> para Skydance Sports, responsable de otras producciones destacadas dentro del g\u00e9nero documental deportivo.<\/p>\n\n\n\n<p>Con esta docuserie, Netflix refuerza su apuesta por los contenidos deportivos de alto perfil, acercando al p\u00fablico la historia de una de las mayores leyendas del tenis desde una perspectiva m\u00e1s humana y personal.<\/p>\n\n\n\n<p><\/p>\n","protected":false},"excerpt":{"rendered":"<p>Netflix estrenar\u00e1 el pr\u00f3ximo 29 de mayo Rafa, una docuserie centrada en la figura de Rafael Nadal que mostrar\u00e1, por primera vez, su lado m\u00e1s personal dentro y fuera de las pistas.<\/p>\n","protected":false},"author":28,"featured_media":43178,"template":"","tags":[7793,8265,61,2032],"categoria-de-noticias":[],"class_list":["post-43177","noticias","type-noticias","status-publish","has-post-thumbnail","hentry","tag-7793","tag-docu-serie","tag-netflix","tag-rafa"],"_links":{"self":[{"href":"https:\/\/cineytele.com\/play\/wp-json\/wp\/v2\/noticias\/43177","targetHints":{"allow":["GET"]}}],"collection":[{"href":"https:\/\/cineytele.com\/play\/wp-json\/wp\/v2\/noticias"}],"about":[{"href":"https:\/\/cineytele.com\/play\/wp-json\/wp\/v2\/types\/noticias"}],"author":[{"embeddable":true,"href":"https:\/\/cineytele.com\/play\/wp-json\/wp\/v2\/users\/28"}],"wp:featuredmedia":[{"embeddable":true,"href":"https:\/\/cineytele.com\/play\/wp-json\/wp\/v2\/media\/43178"}],"wp:attachment":[{"href":"https:\/\/cineytele.com\/play\/wp-json\/wp\/v2\/media?parent=43177"}],"wp:term":[{"taxonomy":"post_tag","embeddable":true,"href":"https:\/\/cineytele.com\/play\/wp-json\/wp\/v2\/tags?post=43177"},{"taxonomy":"categoria-de-noticias","embeddable":true,"href":"https:\/\/cineytele.com\/play\/wp-json\/wp\/v2\/categoria-de-noticias?post=43177"}],"curies":[{"name":"wp","href":"https:\/\/api.w.org\/{rel}","templated":true}]}}