{"id":43180,"date":"2026-04-24T18:32:58","date_gmt":"2026-04-24T16:32:58","guid":{"rendered":"https:\/\/cineytele.com\/play\/?post_type=noticias&#038;p=43180"},"modified":"2026-04-24T18:33:03","modified_gmt":"2026-04-24T16:33:03","slug":"madrid-a-cielo-abierto-regresa-con-su-8a-edicion","status":"publish","type":"noticias","link":"https:\/\/cineytele.com\/play\/noticias\/madrid-a-cielo-abierto-regresa-con-su-8a-edicion\/","title":{"rendered":"Madrid a Cielo Abierto regresa con su 8\u00aa edici\u00f3n"},"content":{"rendered":"\n<h2 class=\"wp-block-heading\">Del 1 al 10 de mayo, la ciudad acoger\u00e1 una nueva edici\u00f3n de <em>Madrid a Cielo Abierto<\/em>, una iniciativa impulsada por la Asociaci\u00f3n Empresarial Hotelera de Madrid que invita a disfrutar de terrazas, azoteas y jardines de algunos de los hoteles m\u00e1s destacados de la capital <\/h2>\n\n\n\n<figure class=\"wp-block-image aligncenter size-large is-resized\"><img fetchpriority=\"high\" decoding=\"async\" width=\"1024\" height=\"672\" src=\"https:\/\/cineytele.com\/play\/wp-content\/uploads\/2026\/04\/image-154-1024x672.png\" alt=\"\" class=\"wp-image-43181\" style=\"aspect-ratio:1.5248079099410328;width:602px;height:auto\" srcset=\"https:\/\/cineytele.com\/play\/wp-content\/uploads\/2026\/04\/image-154-1024x672.png 1024w, https:\/\/cineytele.com\/play\/wp-content\/uploads\/2026\/04\/image-154-300x197.png 300w, https:\/\/cineytele.com\/play\/wp-content\/uploads\/2026\/04\/image-154-768x504.png 768w, https:\/\/cineytele.com\/play\/wp-content\/uploads\/2026\/04\/image-154.png 1200w\" sizes=\"(max-width: 1024px) 100vw, 1024px\" \/><figcaption class=\"wp-element-caption\">Terrazas en Madrid <\/figcaption><\/figure>\n\n\n\n<p>Durante diez d\u00edas, distintos establecimientos abrir\u00e1n sus espacios al aire libre con ofertas y experiencias pensadas tanto para visitantes como para el p\u00fablico local. La campa\u00f1a, que alcanza su octava edici\u00f3n, se ha consolidado como una de las citas m\u00e1s atractivas para descubrir el ocio hotelero en primavera.<\/p>\n\n\n\n<p>   <\/p>\n\n\n\n<figure class=\"wp-block-image alignleft size-full is-resized\"><img decoding=\"async\" width=\"950\" height=\"630\" src=\"https:\/\/cineytele.com\/play\/wp-content\/uploads\/2026\/04\/image-155.png\" alt=\"\" class=\"wp-image-43182\" style=\"aspect-ratio:1.507966895414249;width:287px;height:auto\" srcset=\"https:\/\/cineytele.com\/play\/wp-content\/uploads\/2026\/04\/image-155.png 950w, https:\/\/cineytele.com\/play\/wp-content\/uploads\/2026\/04\/image-155-300x199.png 300w, https:\/\/cineytele.com\/play\/wp-content\/uploads\/2026\/04\/image-155-768x509.png 768w\" sizes=\"(max-width: 950px) 100vw, 950px\" \/><figcaption class=\"wp-element-caption\">     En Madrid se disfruta del tiempo <\/figcaption><\/figure>\n\n\n\n<p>Entre los hoteles participantes se encuentran el <strong>H10 Puerta de Alcal\u00e1, el Rosewood Villa Magna, el Only YOU Hotel Atocha, el CoolRooms <\/strong>Palacio de Atocha, el Palacio de los Duques Gran Meli\u00e1, el NH Collection Madrid Eurobuilding o el Four Seasons Hotel Madrid, entre otros.<\/p>\n\n\n\n<p>Las terrazas y azoteas se han convertido en los \u00faltimos a\u00f1os en uno de los principales puntos de encuentro social en la ciudad, y esta iniciativa busca poner en valor estos espacios como escenarios privilegiados para el ocio urbano.<\/p>\n\n\n\n<p>Con esta propuesta, la Asociaci\u00f3n Empresarial Hotelera de Madrid refuerza su apuesta por dinamizar la actividad hotelera y acercar al p\u00fablico una oferta diferente que combina gastronom\u00eda, vistas y experiencias al aire libre en distintos puntos de Madrid.<\/p>\n\n\n\n<p><\/p>\n","protected":false},"excerpt":{"rendered":"<p>Del 1 al 10 de mayo, la ciudad acoger\u00e1 una nueva edici\u00f3n de Madrid a Cielo Abierto, una iniciativa impulsada por la Asociaci\u00f3n Empresarial Hotelera de Madrid que invita a disfrutar de terrazas, azoteas y jardines de algunos de los hoteles m\u00e1s destacados de la capital <\/p>\n","protected":false},"author":28,"featured_media":43181,"template":"","tags":[4450,1027,2841,8266],"categoria-de-noticias":[],"class_list":["post-43180","noticias","type-noticias","status-publish","has-post-thumbnail","hentry","tag-eventos","tag-madrid","tag-mayo","tag-terrazas"],"_links":{"self":[{"href":"https:\/\/cineytele.com\/play\/wp-json\/wp\/v2\/noticias\/43180","targetHints":{"allow":["GET"]}}],"collection":[{"href":"https:\/\/cineytele.com\/play\/wp-json\/wp\/v2\/noticias"}],"about":[{"href":"https:\/\/cineytele.com\/play\/wp-json\/wp\/v2\/types\/noticias"}],"author":[{"embeddable":true,"href":"https:\/\/cineytele.com\/play\/wp-json\/wp\/v2\/users\/28"}],"wp:featuredmedia":[{"embeddable":true,"href":"https:\/\/cineytele.com\/play\/wp-json\/wp\/v2\/media\/43181"}],"wp:attachment":[{"href":"https:\/\/cineytele.com\/play\/wp-json\/wp\/v2\/media?parent=43180"}],"wp:term":[{"taxonomy":"post_tag","embeddable":true,"href":"https:\/\/cineytele.com\/play\/wp-json\/wp\/v2\/tags?post=43180"},{"taxonomy":"categoria-de-noticias","embeddable":true,"href":"https:\/\/cineytele.com\/play\/wp-json\/wp\/v2\/categoria-de-noticias?post=43180"}],"curies":[{"name":"wp","href":"https:\/\/api.w.org\/{rel}","templated":true}]}}