{"id":43183,"date":"2026-04-24T20:01:40","date_gmt":"2026-04-24T18:01:40","guid":{"rendered":"https:\/\/cineytele.com\/play\/?post_type=noticias&#038;p=43183"},"modified":"2026-04-24T20:36:25","modified_gmt":"2026-04-24T18:36:25","slug":"canal-cocina-y-amc-living-refuerzan-su-apuesta-por-nuevos-formatos","status":"publish","type":"noticias","link":"https:\/\/cineytele.com\/play\/noticias\/canal-cocina-y-amc-living-refuerzan-su-apuesta-por-nuevos-formatos\/","title":{"rendered":"Canal Cocina y AMC Living refuerzan su apuesta por nuevos formatos"},"content":{"rendered":"\n<h2 class=\"wp-block-heading\">Canal Cocina y AMC Living presentan nuevos estrenos centrados en la gastronom\u00eda y el estilo de vida. Ambas propuestas ampl\u00edan su oferta con contenidos ligados a la tradici\u00f3n, el territorio y las historias personales.<\/h2>\n\n\n\n<figure class=\"wp-block-image aligncenter size-full is-resized\"><img fetchpriority=\"high\" decoding=\"async\" width=\"566\" height=\"319\" src=\"https:\/\/cineytele.com\/play\/wp-content\/uploads\/2026\/04\/image-156.png\" alt=\"\" class=\"wp-image-43184\" style=\"aspect-ratio:1.7743161798794622;width:640px;height:auto\" srcset=\"https:\/\/cineytele.com\/play\/wp-content\/uploads\/2026\/04\/image-156.png 566w, https:\/\/cineytele.com\/play\/wp-content\/uploads\/2026\/04\/image-156-300x169.png 300w\" sizes=\"(max-width: 566px) 100vw, 566px\" \/><figcaption class=\"wp-element-caption\">Canal Cocina de puerto en puerto <\/figcaption><\/figure>\n\n\n\n<p>   <\/p>\n\n\n\n<figure class=\"wp-block-image alignleft size-full is-resized\"><img decoding=\"async\" width=\"567\" height=\"319\" src=\"https:\/\/cineytele.com\/play\/wp-content\/uploads\/2026\/04\/image-157.png\" alt=\"\" class=\"wp-image-43185\" style=\"aspect-ratio:1.7775420920058331;width:345px;height:auto\" srcset=\"https:\/\/cineytele.com\/play\/wp-content\/uploads\/2026\/04\/image-157.png 567w, https:\/\/cineytele.com\/play\/wp-content\/uploads\/2026\/04\/image-157-300x169.png 300w\" sizes=\"(max-width: 567px) 100vw, 567px\" \/><figcaption class=\"wp-element-caption\">      Sergio Fern\u00e1ndez en canal cocina <\/figcaption><\/figure>\n\n\n\n<p>El pr\u00f3ximo 4 de mayo a las 22:00h, Canal Cocina lanza <em>Que no caigan en el olvido<\/em>, un programa presentado por <strong>Sergio Fern\u00e1ndez<\/strong> que recupera recetas tradicionales que han ido desapareciendo de los hogares espa\u00f1oles. En cada episodio se revisitan platos emblem\u00e1ticos como las patatas a la importancia, el pollo en pepitoria o los ri\u00f1ones al Jerez, poniendo en valor su origen y su relevancia cultural dentro de la gastronom\u00eda nacional. El formato forma parte del proyecto <em>\u201cEs nuestro. Es espa\u00f1ol\u201d<\/em>, una iniciativa que re\u00fane m\u00e1s de 100 horas de contenido dedicado a la cocina espa\u00f1ola.<\/p>\n\n\n\n<p>Ese mismo d\u00eda, a las 23:00h, el canal estrena la tercera temporada de <em>De puerto en puerto<\/em>, un recorrido por la riqueza gastron\u00f3mica del litoral espa\u00f1ol que, en esta ocasi\u00f3n, se centra en las <strong>Islas Canarias<\/strong>. Guiado por el capit\u00e1n <strong>Arturo Miranda<\/strong>, el programa explora enclaves como <strong>Tenerife<\/strong>, <strong>Fuerteventura<\/strong> o <strong>Lanzarote<\/strong>, mostrando desde t\u00e9cnicas de pesca tradicional hasta recetas locales y productos del mar, combinando paisaje, cultura y cocina.<\/p>\n\n\n\n<p>   <\/p>\n\n\n\n<figure class=\"wp-block-image alignright size-full is-resized\"><img decoding=\"async\" width=\"565\" height=\"317\" src=\"https:\/\/cineytele.com\/play\/wp-content\/uploads\/2026\/04\/image-158.png\" alt=\"\" class=\"wp-image-43186\" style=\"aspect-ratio:1.7824861170439983;width:328px;height:auto\" srcset=\"https:\/\/cineytele.com\/play\/wp-content\/uploads\/2026\/04\/image-158.png 565w, https:\/\/cineytele.com\/play\/wp-content\/uploads\/2026\/04\/image-158-300x168.png 300w\" sizes=\"(max-width: 565px) 100vw, 565px\" \/><figcaption class=\"wp-element-caption\">        AMC Living dedicado a reformas <\/figcaption><\/figure>\n\n\n\n<p>Por su parte, el 5 de mayo a las 16:30h, AMC Living estrena nuevos episodios de <em>Busco piso<\/em>, un formato que sigue a distintos perfiles en la b\u00fasqueda de su hogar ideal. A trav\u00e9s de historias reales, el programa aborda decisiones clave relacionadas con vivienda, estilo de vida y presupuesto, acompa\u00f1ando a sus protagonistas en un proceso marcado por cambios personales y nuevas etapas.<\/p>\n\n\n\n<p>Con estos estrenos, <strong>AMC Global Media Iberia &amp; Latin America<\/strong> refuerza su oferta de contenidos en Espa\u00f1a, combinando entretenimiento, estilo de vida y producci\u00f3n local en distintos canales de su portfolio.<\/p>\n\n\n\n<p><\/p>\n","protected":false},"excerpt":{"rendered":"<p>Canal Cocina y AMC Living presentan nuevos estrenos centrados en la gastronom\u00eda y el estilo de vida. Ambas propuestas ampl\u00edan su oferta con contenidos ligados a la tradici\u00f3n, el territorio y las historias personales.<\/p>\n","protected":false},"author":28,"featured_media":43184,"template":"","tags":[8269,8268,8267,2701],"categoria-de-noticias":[],"class_list":["post-43183","noticias","type-noticias","status-publish","has-post-thumbnail","hentry","tag-amc-channel","tag-amc-channels","tag-amc-living","tag-canal-cocina"],"_links":{"self":[{"href":"https:\/\/cineytele.com\/play\/wp-json\/wp\/v2\/noticias\/43183","targetHints":{"allow":["GET"]}}],"collection":[{"href":"https:\/\/cineytele.com\/play\/wp-json\/wp\/v2\/noticias"}],"about":[{"href":"https:\/\/cineytele.com\/play\/wp-json\/wp\/v2\/types\/noticias"}],"author":[{"embeddable":true,"href":"https:\/\/cineytele.com\/play\/wp-json\/wp\/v2\/users\/28"}],"wp:featuredmedia":[{"embeddable":true,"href":"https:\/\/cineytele.com\/play\/wp-json\/wp\/v2\/media\/43184"}],"wp:attachment":[{"href":"https:\/\/cineytele.com\/play\/wp-json\/wp\/v2\/media?parent=43183"}],"wp:term":[{"taxonomy":"post_tag","embeddable":true,"href":"https:\/\/cineytele.com\/play\/wp-json\/wp\/v2\/tags?post=43183"},{"taxonomy":"categoria-de-noticias","embeddable":true,"href":"https:\/\/cineytele.com\/play\/wp-json\/wp\/v2\/categoria-de-noticias?post=43183"}],"curies":[{"name":"wp","href":"https:\/\/api.w.org\/{rel}","templated":true}]}}